{"id":55010,"date":"2012-09-04T17:38:43","date_gmt":"2012-09-04T14:38:43","guid":{"rendered":"http:\/\/www.korhanyilmaz.com\/?p=55010"},"modified":"2012-09-05T08:09:55","modified_gmt":"2012-09-05T05:09:55","slug":"turkiye-sehitlerine-agliyor","status":"publish","type":"post","link":"http:\/\/www.korhanyilmaz.com\/?p=55010","title":{"rendered":"T\u00dcRK\u0130YE \u015eEH\u0130TLER\u0130NE A\u011eLIYOR !"},"content":{"rendered":"<p style=\"text-align: center;\"><a href=\"http:\/\/www.korhanyilmaz.com\/wp-content\/uploads\/2012\/09\/H642.jpg\"  class=\"lightview\"><img loading=\"lazy\" decoding=\"async\" class=\"aligncenter  wp-image-55011\" src=\"http:\/\/www.korhanyilmaz.com\/wp-content\/uploads\/2012\/09\/H642.jpg\" alt=\"\" width=\"389\" height=\"207\" \/><\/a><\/p>\n<p style=\"text-align: justify;\">D\u00fcn \u015e\u0131rnak&#8217;ta PKK&#8217;n\u0131n hain sald\u0131r\u0131s\u0131 sonucu \u015fehit d\u00fc\u015fen 10 askerimiz bug\u00fcn babaocaklar\u0131na son kez gitti.<\/p>\n<p style=\"text-align: justify;\">Aileleri evlatlar\u0131na son kez dokundu. T\u00f6rende g\u00f6zya\u015flar\u0131 sel oldu hep bir a\u011f\u0131zdan haklar &#8216;helal&#8217; edildi.<\/p>\n<p style=\"text-align: justify;\">\u0130znikli S\u00fcleyman G\u00fcle\u00e7&#8217;in annesinin feryatlar\u0131 y\u00fcrekleri da\u011flad\u0131. Ac\u0131l\u0131 anne o\u011flunun ard\u0131ndan son kez selendi; &#8220;Bu yavrumu nas\u0131l topra\u011fa verece\u011fim? Ben yanmayay\u0131m da kimler yans\u0131n?&#8221;<\/p>\n<p style=\"text-align: justify;\">\u015e\u0131rnak&#8217;\u0131n Beyt\u00fc\u015f\u015febap il\u00e7esinde ter\u00f6r \u00f6rg\u00fct\u00fc PKK mensuplar\u0131nca d\u00fczenlenen sald\u0131r\u0131da \u015fehit olan 10 askerin cenazeleri, Diyarbak\u0131r&#8217;dan memleketlerine g\u00f6nderildi.\u00a0<!--more--><\/p>\n<p style=\"text-align: justify;\">\u015e\u0131rnak&#8217;tan d\u00fcn helikopterlerle Diyarbak\u0131r&#8217;a getirilen \u015fehitler Piyade \u00dcste\u011fmen Sami \u00c7ift\u00e7i, Piyade Aste\u011fmen Burak Erdi Uysal, Uzman \u00c7avu\u015f Ahmet Bozkurt, Uzman \u00c7avu\u015f Erdo\u011fan S\u00f6nmez, \u00c7avu\u015f Ramazan Emre Ala, Onba\u015f\u0131 S\u00fcleyman G\u00fcle\u00e7, er Serdar K\u00fcpeli, er Osman Y\u0131ld\u0131z, er U\u011fur Sa\u011fd\u0131\u00e7 ve er Emrah Karataban&#8217;\u0131n cenazeleri, Diyarbak\u0131r Devlet Hastanesi&#8217;nde yap\u0131lan otopsinin ard\u0131ndan 2. Hava Kuvvet Komutanl\u0131\u011f\u0131&#8217;na g\u00f6t\u00fcr\u00fcld\u00fc.<\/p>\n<p style=\"text-align: justify;\"><strong>CENAZELERDE G\u00d6ZYA\u015eLARI SEL OLDU\u00a0<\/strong><\/p>\n<p style=\"text-align: justify;\">\u015e\u0131rnak&#8217;\u0131n Beyt\u00fc\u015f\u015febap \u0130l\u00e7esi&#8217;nde ter\u00f6r \u00f6rg\u00fct\u00fc PKK &#8216;n\u0131n d\u00fczenledi\u011fi hain sald\u0131r\u0131da \u015fehit olan 10 askerin cenazeleri, Diyarbak\u0131r &#8216;dan memleketlerine g\u00f6nderildi.<\/p>\n<p style=\"text-align: justify;\">\u015e\u0131rnak&#8217;tan d\u00fcn helikopterlerle Diyarbak\u0131r&#8217;a getirilen \u015fehitler Piyade \u00dcste\u011fmen Sami \u00c7ift\u00e7i, Piyade Aste\u011fmen Burak Erdi Uysal, Uzman \u00c7avu\u015f Ahmet Bozkurt, Uzman \u00c7avu\u015f Erdo\u011fan S\u00f6nmez, \u00c7avu\u015f Ramazan Emre Ala, Onba\u015f\u0131 S\u00fcleyman G\u00fcle\u00e7, er Serdar K\u00fcpeli, er Osman Y\u0131ld\u0131z, er U\u011fur Sa\u011fd\u0131\u00e7 ve er Emrah Karataban&#8217;\u0131n cenazeleri, Diyarbak\u0131r Devlet Hastanesi&#8217;nde yap\u0131lan otopsinin ard\u0131ndan 2. Hava Kuvvet Komutanl\u0131\u011f\u0131&#8217;na g\u00f6t\u00fcr\u00fcld\u00fc.<\/p>\n<p style=\"text-align: justify;\"><strong>&#8216;M\u0130LLETVEK\u0130LLER\u0130N\u0130N \u0130\u00c7\u0130NDE PKK BESL\u0130YORUZ&#8217;\u00a0<\/strong><\/p>\n<p style=\"text-align: justify;\">\u015eIRNAK\u2019\u0131n Beyt\u00fc\u015f\u015febap il\u00e7esinde \u00e7\u0131kan \u00e7at\u0131\u015fmada \u015fehit olan piyade er U\u011fur Sa\u011fd\u0131\u00e7, Tokat\u2019\u0131n Turhal il\u00e7esinde son yolculu\u011funa u\u011furland\u0131. \u015eehit er i\u00e7in cemevinde t\u00f6ren d\u00fczenlendi.<\/p>\n<p style=\"text-align: justify;\">\u015eehit er U\u011fur Sa\u011fd\u0131\u00e7\u2019\u0131n cenazesi, askeri kargo u\u00e7a\u011f\u0131yla Tokat Havaalan\u0131\u2019na getirildi. Sa\u011fd\u0131\u00e7\u2019\u0131n yak\u0131nlar\u0131 taraf\u0131ndan kar\u015f\u0131lanan cenaze, Turhal Belediyesi cenaze arac\u0131na koyularak il\u00e7eye g\u00f6t\u00fcr\u00fcld\u00fc. U\u011fur Sa\u011fd\u0131\u00e7\u2019\u0131n cenazesi, helallik al\u0131nmas\u0131 i\u00e7in G\u00fcndo\u011fdu mahallesinde ya\u015fayan dedesi Hamza Sa\u011fd\u0131\u00e7\u2019\u0131n evinin \u00f6n\u00fcne getirildi. Cenazeyi g\u00f6ren \u015fehidin babas\u0131 Y\u0131lmaz Sa\u011fd\u0131\u00e7 ve annesi Yeter Sa\u011fd\u0131\u00e7, g\u00f6zya\u015flar\u0131n\u0131 tutamad\u0131. \u015eehidin yak\u0131nlar\u0131 ise cenaze arac\u0131na \u00e7\u0131karak tabuta sar\u0131lmak istedi.<\/p>\n<p style=\"text-align: justify;\"><strong>CEMEV\u0130NE G\u00d6T\u00dcR\u00dcLD\u00dc\u00a0<\/strong><\/p>\n<p style=\"text-align: justify;\">Cenaze daha sonra ayn\u0131 mahallede bulunan Yav\u015fanl\u0131 Cemevi\u2019ne g\u00f6t\u00fcr\u00fcld\u00fc. Burada d\u00fczenlenen t\u00f6rene Tokat Valisi Mustafa Ta\u015fkesen, CHP Tokat Milletvekili Orhan D\u00fczg\u00fcn, CHP Denizli Milletvekili \u0130lhan Cihaner, Turhal Kaymakam vekili Nuri \u00d6zder, Turhal Belediye Ba\u015fkan\u0131 Ali G\u00f6zen ve \u00e7ok say\u0131da vatanda\u015f kat\u0131ld\u0131.<\/p>\n<p style=\"text-align: justify;\"><strong>DEDE SA\u011eDI\u00c7\u2019TAN BDP\u2019L\u0130 VEK\u0130LLERE TEPK\u0130\u00a0<\/strong><\/p>\n<p style=\"text-align: justify;\">Burada \u015fehidin dedesi Hamza Sa\u011fd\u0131\u00e7, PKK\u2019l\u0131 ter\u00f6ristlerle ile kucakla\u015fan BDP\u2019li milletvekillerine tepkisini dile getirdi. Sa\u011fd\u0131\u00e7, &#8220;Sadece PKK besliyoruz milletvekillerinin i\u00e7inde. Onlara niye benim hakk\u0131m\u0131 veriyorsunuz, vermeyin onlara hakk\u0131m\u0131. 5 bin, 7 bin ayl\u0131k al\u0131yorlar. Bunu vuran\u0131n s\u0131rt\u0131na sar\u0131ld\u0131 o milletvekilleri. D\u00fcnya duysun bunlar\u0131&#8221; dedi. Burada baba Y\u0131lmaz ve anne Yeter Sa\u011fd\u0131\u00e7, o\u011flunun foto\u011fraflar\u0131n\u0131 \u00f6perek g\u00f6zya\u015f\u0131 d\u00f6kt\u00fc. Cenaze daha sonra t\u00f6renin yap\u0131laca\u011f\u0131 Turhal Cumhuriyet meydan\u0131na getirildi.<\/p>\n<p style=\"text-align: justify;\"><strong>CENAZE NAMAZI MEYDANDA KILINDI\u00a0<\/strong><\/p>\n<p style=\"text-align: justify;\">Buradaki t\u00f6rene Vali Mustafa Ta\u015fkesen, AK Parti Milletvekilleri \u015e\u00fckr\u00fc Ayalan, Zeyid Aslan, CHP Milletvekilleri Orhan D\u00fczg\u00fcn, MHP Genel Ba\u015fkan Yard\u0131mc\u0131s\u0131 Tokat Milletvekili Re\u015fat Do\u011fru, Tokat Garnizon ve Jandarma B\u00f6lge Komutan Tu\u011fgeneral Ali \u00d6zkara, belediye ba\u015fkanlar\u0131 ve yakla\u015f\u0131k 5 bin ki\u015fi kat\u0131ld\u0131. Tokat \u0130l M\u00fcft\u00fcs\u00fc Abdurrahman Ko\u00e7ak cenaze namaz\u0131n\u0131 k\u0131ld\u0131rd\u0131. Konu\u015fman\u0131n yap\u0131lmad\u0131\u011f\u0131 t\u00f6renin ard\u0131ndan cenaze arac\u0131na koyulan \u015fehir Er U\u011fur Sa\u011fd\u0131\u00e7, Yav\u015fanl\u0131 mahallesinde bulunan mezarl\u0131kta dualar e\u015fli\u011finde topra\u011fa verildi.<\/p>\n<p style=\"text-align: justify;\"><strong>YA BU KANI DURDURUN, YA M\u0130LLET DURDURUCAK\u00a0<\/strong><\/p>\n<p style=\"text-align: justify;\">Bu arada cenaze namaz\u0131n\u0131n yap\u0131ld\u0131\u011f\u0131 Cumhuriyet meydan\u0131na \u00dclk\u00fc Ocaklar\u0131 taraf\u0131ndan as\u0131lan pankartta \u015fu ifadelere yer verildi:<\/p>\n<p style=\"text-align: justify;\">&#8220;Ne zaman ki kararl\u0131, kesin bir yol izlenir, tespit sa\u011flam yap\u0131l\u0131r, yap\u0131lan da gizlenir \u00e7ok s\u00fcrmez bu \u00e7akallar bir ayda temizlenir. Ah ulan ah sizdeki f\u0131rsat bizde olacak. Ya bu kan\u0131 durdurun, ya millet durduracak&#8221;<\/p>\n<p style=\"text-align: justify;\"><strong>KE\u015eKE BEN\u0130 DE G\u00d6T\u00dcRSELER<\/strong><\/p>\n<p style=\"text-align: justify;\"><strong>ADIYAMAN<\/strong><\/p>\n<p style=\"text-align: justify;\"><strong>Jandarma Er Serdar K\u00fcpeli\u00a0<\/strong><\/p>\n<p style=\"text-align: justify;\">\u015e\u0131rnak\u2019\u0131n Beyt\u00fc\u015febap il\u00e7esinde \u015fehit olan Jandarma Er Serdar K\u00fcpeli\u2019nin cenazesi Ad\u0131yaman\u2019da baba oca\u011f\u0131na getirildi.<\/p>\n<p style=\"text-align: justify;\">U\u00e7akla Ad\u0131yaman Havaalan\u0131&#8217;na getirilen cenaze daha sonra Ulu Cami Mahallesi&#8217;nde bulunan baba evine getirildi. \u015eehidin askerlik k\u0131yafeti giyen karde\u015fi Tayfun K\u00fcpeli, tabuta sar\u0131larak g\u00f6zya\u015flar\u0131na bo\u011fuldu. Daha sonra orada bulunan vatanda\u015flar askeri k\u0131yafet giyen Tayfun K\u00fcpeli&#8217;yi omuzlarda ta\u015f\u0131d\u0131. \u015eehit son kez baba oca\u011f\u0131na gelerek ailesinden helallik istendi. \u015eehidin cenazesinin baba oca\u011f\u0131na girmesi ile \u015fehit yak\u0131nlar\u0131 cenaze arac\u0131na sar\u0131larak \u00e7\u0131\u011fl\u0131klar i\u00e7erisinde feryat etti.<\/p>\n<p style=\"text-align: justify;\">Omuzlarda ta\u015f\u0131nan askeri k\u0131yafetli \u015fehit karde\u015fi cenaze arac\u0131na bindirildi.<\/p>\n<p style=\"text-align: justify;\">Daha sonra yola \u00e7\u0131kan cenaze arac\u0131nda bulunan \u015eehit Babas\u0131 Mehmet K\u00fcpeli, \u201cBabas\u0131 a\u011flamaz, vatan sa\u011f olsun, T\u00fcrkiye Cumhuriyeti sa\u011f olsun, Ben de giderim, ke\u015fke beni g\u00f6t\u00fcrseler ben de giderim\u201d dedi.<\/p>\n<p style=\"text-align: justify;\">Baba evine son kez getirilen \u015fehidin cenazesi, istenen helallik ard\u0131ndan topra\u011fa verilmek \u00fczere Ad\u0131yaman\u2019\u0131n Besni il\u00e7esine do\u011fru yola \u00e7\u0131kar\u0131ld\u0131.<\/p>\n<p style=\"text-align: justify;\"><strong>\u015eEH\u0130T ANNES\u0130N\u0130N FERYATLARI Y\u00dcREKLER\u0130 DA\u011eLADI<\/strong><\/p>\n<p style=\"text-align: justify;\"><strong>BURSA<\/strong><\/p>\n<p style=\"text-align: justify;\"><strong>\u015eehit S\u00fcleyman G\u00fcle\u00e7\u00a0<\/strong><\/p>\n<p style=\"text-align: justify;\">Beyt\u00fc\u015f\u015febap&#8217;ta \u015fehit d\u00fc\u015fen 10 askerden \u0130znikli S\u00fcleyman G\u00fcle\u00e7&#8217;in annesinin feryatlar\u0131 y\u00fcrekleri da\u011flad\u0131. \u015eehit komando er S\u00fcleyman G\u00fcle\u00e7&#8217;in cenazesini almak i\u00e7in baba Halil G\u00fcle\u00e7 ve yak\u0131nlar\u0131 sabah saatlerinde Yeni\u015fehir Havaalan\u0131&#8217;na gitti.<\/p>\n<p style=\"text-align: justify;\">D\u00fcn ac\u0131 haberi al\u0131nca hastaneye kald\u0131r\u0131lan ve bug\u00fcn evde bekleyen anne Canan G\u00fcle\u00e7 ise, kap\u0131n\u0131n \u00f6n\u00fcne gelen bo\u015f cenaze arac\u0131 ve askerleri g\u00f6r\u00fcnce o\u011flunun cenazesinin geldi\u011fini zannederek g\u00f6zya\u015flar\u0131na bo\u011fuldu.<\/p>\n<p style=\"text-align: justify;\">G\u00f6\u011fs\u00fcne ast\u0131\u011f\u0131 o\u011flunun foto\u011fraf\u0131n\u0131 \u00f6perek a\u011flayan ac\u0131l\u0131 annenin feryatlar\u0131 y\u00fcrekleri da\u011flad\u0131.<\/p>\n<p style=\"text-align: justify;\">-&#8220;Bu yavrumu nas\u0131l topra\u011fa verece\u011fim? Ben yanmayay\u0131m da kimler yans\u0131n?&#8221; diyerek g\u00f6zya\u015flar\u0131na bo\u011fulan Canan G\u00fcle\u00e7&#8217;i yak\u0131nlar\u0131 y\u00fcz\u00fcne su serperek teskin etmeye \u00e7al\u0131\u015ft\u0131. G\u00f6zya\u015flar\u0131na bo\u011fulan babaanne Zeliha G\u00fcle\u00e7 de torunu i\u00e7in a\u011f\u0131t yakt\u0131.<\/p>\n<p style=\"text-align: justify;\"><strong>O\u011eLUNA SON KEZ B\u00d6YLE VEDA ETT\u0130<\/strong><\/p>\n<p style=\"text-align: justify;\"><strong>ANTALYA\u00a0<\/strong><\/p>\n<p style=\"text-align: justify;\"><a href=\"http:\/\/www.korhanyilmaz.com\/wp-content\/uploads\/2012\/09\/H643.jpg\"  class=\"lightview\"><img loading=\"lazy\" decoding=\"async\" class=\"alignright size-full wp-image-55014\" style=\"margin-left: 10px; margin-right: 10px;\" src=\"http:\/\/www.korhanyilmaz.com\/wp-content\/uploads\/2012\/09\/H643.jpg\" alt=\"\" width=\"200\" height=\"158\" \/><\/a>\u015e\u0131rnak&#8217;\u0131n Beyt\u00fc\u015f\u015febap il\u00e7esinde ter\u00f6r \u00f6rg\u00fct\u00fc PKK taraf\u0131ndan d\u00fczenlenen hain sald\u0131r\u0131da \u015fehit olan askerlerden Piyade Uzman \u00c7avu\u015f Erdo\u011fan S\u00f6nmez&#8217;in cenazesi Antalya\u2019ya getirildi.<\/p>\n<p style=\"text-align: justify;\">\u015e\u0131rnak&#8217;\u0131n Beyt\u00fc\u015f\u015febap il\u00e7esinde \u015fehit olan 10 askerden biri olan Piyade Uzman \u00c7avu\u015f Erdo\u011fan S\u00f6nmez&#8217;in cenazesi, Diyarbak\u0131r\u2019dan havalanan askeri u\u00e7akla Antalya askeri havaliman\u0131na getirildi.<\/p>\n<p style=\"text-align: justify;\">Burada askeri kargo u\u00e7a\u011f\u0131ndan naa\u015f\u0131 al\u0131nan T\u00fcrk bayra\u011f\u0131na sar\u0131l\u0131 S\u00f6nmez\u2019in cenazesi ilk olarak ailesinin ya\u015fad\u0131\u011f\u0131 Kepez il\u00e7esi Ye\u015filtepe Mahallesindeki evine getirildi.<\/p>\n<p style=\"text-align: justify;\">Burada anne G\u00fcnay S\u00f6nmez o\u011flunun tabutuna dokunarak a\u011f\u0131tlar yakt\u0131. S\u00f6nmez\u2019in cenazesi tekbir ve dualar e\u015fli\u011finde cenaze namaz\u0131n\u0131n k\u0131l\u0131naca\u011f\u0131 Ye\u015filtepe Mahallesinde bulunan Bar\u0131naklar Camiine getirildi. Askerlerin omuzunda camiye getirilen S\u00f6nmez\u2019in tabutunun ba\u015f\u0131nda n\u00f6bet tutuldu.<\/p>\n<p style=\"text-align: justify;\"><strong>GAZ\u0130ANTEP<\/strong><\/p>\n<p style=\"text-align: justify;\"><strong>\u015eehit \u00c7avu\u015f Ahmet Bozkurt\u00a0<\/strong><\/p>\n<p style=\"text-align: justify;\">\u015e\u0131rnak\u2019ta \u015fehit d\u00fc\u015fen Uzman \u00c7avu\u015f Ahmet Bozkurt i\u00e7in memleketi Gaziantep\u2019te askeri t\u00f6ren d\u00fczenlenecek. T\u00f6renin ard\u0131ndan \u015fehidin naa\u015f\u0131 topra\u011fa verildi.<\/p>\n<p style=\"text-align: justify;\">\u015eehit i\u00e7in Bahaeddin Nak\u0131bo\u011flu Camiinde cenaze namaz\u0131 k\u0131l\u0131nd\u0131. Cenaze namaz\u0131n\u0131n ard\u0131ndan da \u015fehit i\u00e7in askeri t\u00f6ren d\u00fczenlendi. Gaziantepliler saatler \u00f6ncesinde cenaze namaz\u0131n\u0131n k\u0131l\u0131naca\u011f\u0131 camiye gelmeye ba\u015flad\u0131. Cami \u00e7evresinde polis ekipleri sabah saatlerinden itibaren geni\u015f g\u00fcvenlik \u00f6nlemi ald\u0131.<\/p>\n<p style=\"text-align: justify;\"><strong>ARDA KALAN \u00c7OCUKLARINI B\u00d6YLE TESELL\u0130 ETT\u0130<\/strong><\/p>\n<p style=\"text-align: justify;\"><strong>KONYA<\/strong><\/p>\n<p style=\"text-align: justify;\"><strong>Piyade \u00c7avu\u015f Ramazan Emre Ala\u00a0<\/strong><\/p>\n<p style=\"text-align: justify;\">\u015e\u0131rnak&#8217;\u0131n Beyt\u00fc\u015f\u015febap il\u00e7esinde d\u00fczenlenen ter\u00f6r sald\u0131r\u0131s\u0131nda \u015fehit d\u00fc\u015fen Piyade \u00c7avu\u015f Ramazan Emre Ala&#8217;n\u0131n cenazesi, memleketi Konya&#8217;n\u0131n Karap\u0131nar il\u00e7esinde topra\u011fa verildi.Ala&#8217;n\u0131n T\u00fcrk bayra\u011f\u0131na sar\u0131l\u0131 tabutu ilk olarak, \u0130pek\u00e7i Mahallesi, \u00d6zg\u00fcrl\u00fck Caddesi&#8217;ndeki baba evine getirildi.<\/p>\n<p style=\"text-align: justify;\">\u015eehidin evi \u00f6n\u00fcnde toplanan yak\u0131nlar\u0131 ve vatanda\u015flar, bu s\u0131rada &#8221;\u015eehitler \u00f6lmez, vatan b\u00f6l\u00fcnmez&#8221; sloganlar\u0131 att\u0131.<\/p>\n<p style=\"text-align: justify;\">\u015eehidin babas\u0131n\u0131n iste\u011fi \u00fczerine son kez evinin avlusuna getirilen Ala&#8217;n\u0131n cenazesi, daha sonra y\u00fczlerce arac\u0131n kat\u0131ld\u0131\u011f\u0131 konvoyla, t\u00f6renin d\u00fczenlenece\u011fi il\u00e7eye 15 kilometre uzakl\u0131ktaki Kesmez k\u00f6y\u00fcne getirildi.<\/p>\n<p style=\"text-align: justify;\">Kesmez Camisi \u00f6n\u00fcndeki t\u00f6rende \u015fehidin karde\u015fleri Fatih ve \u015eammaz, &#8221;Ter\u00f6r elbette bitecek. Biz de seve seve askere gidece\u011fiz&#8221; diyerek g\u00f6zya\u015f\u0131 d\u00f6kt\u00fcler.<\/p>\n<p style=\"text-align: justify;\">T\u00f6ren boyunca metanetini korumaya \u00e7al\u0131\u015fan baba Seyyar Ala ise a\u011flad\u0131klar\u0131n\u0131 fark etti\u011fi \u00e7ocuklar\u0131n\u0131n ellerinden tutarak, &#8221;Dik durun evlatlar\u0131m, ba\u015f\u0131n\u0131z\u0131 e\u011fmeyin, a\u011flamayaca\u011f\u0131z, kimseyi g\u00fcld\u00fcrmeyece\u011fiz&#8221; diyerek, onlar\u0131 teselli etmeye \u00e7al\u0131\u015ft\u0131.<\/p>\n<p style=\"text-align: justify;\">Konya M\u00fcft\u00fcs\u00fc \u015e\u00fckr\u00fc \u00d6zbu\u011fday&#8217;\u0131n k\u0131ld\u0131rd\u0131\u011f\u0131 cenaze namaz\u0131n\u0131n ard\u0131ndan, Ala&#8217;n\u0131n T\u00fcrk bayra\u011f\u0131na sar\u0131l\u0131 cenazesi omuzlara al\u0131nd\u0131.<\/p>\n<p style=\"text-align: justify;\">Binlerce ki\u015finin kat\u0131ld\u0131\u011f\u0131 t\u00f6rende tekbirler getirildi, ter\u00f6r \u00f6rg\u00fct\u00fc aleyhine sloganlar at\u0131ld\u0131.<\/p>\n<p style=\"text-align: justify;\">Daha sonra \u015fehidin cenazesi Kesmez k\u00f6y\u00fc mezarl\u0131\u011f\u0131nda topra\u011fa verildi.<\/p>\n<p style=\"text-align: justify;\">T\u00f6rene, \u015fehidin yak\u0131nlar\u0131, Konya Valisi Ayd\u0131n Nezih Do\u011fan, \u00c7al\u0131\u015fma ve Sosyal G\u00fcvenlik Bakan Yard\u0131mc\u0131s\u0131 Halil Etyemez, Garnizon Komutan\u0131 T\u00fcmgeneral Y\u0131lmaz \u00d6zkaya, AK Parti Konya milletvekilleri \u0130lhan Yerlikaya, Mustafa Kabak\u00e7\u0131 ve Mustafa Ak\u0131\u015f, MHP Konya Milletvekili Mustafa Kalayc\u0131, CHP Konya Milletvekili Atilla Kart, \u00e7ok say\u0131da askeri personel ve vatanda\u015flar kat\u0131ld\u0131.<\/p>\n<p style=\"text-align: justify;\"><a href=\"http:\/\/www.haber3.com\/turkiye-sehitlerine-agliyor--1496092h.htm\" target=\"_blank\">Kaynak : Haber3.com<\/a><\/p>\n","protected":false},"excerpt":{"rendered":"<p style=\"text-align: center;\">\n<p style=\"text-align: justify;\">D\u00fcn \u015e\u0131rnak&#8217;ta PKK&#8217;n\u0131n hain sald\u0131r\u0131s\u0131 sonucu \u015fehit d\u00fc\u015fen 10 askerimiz bug\u00fcn babaocaklar\u0131na son kez gitti.<\/p>\n<p style=\"text-align: justify;\">Aileleri evlatlar\u0131na son kez dokundu. T\u00f6rende g\u00f6zya\u015flar\u0131 sel oldu hep bir a\u011f\u0131zdan haklar &#8216;helal&#8217; edildi.<\/p>\n<p style=\"text-align: justify;\">\u0130znikli S\u00fcleyman G\u00fcle\u00e7&#8217;in annesinin feryatlar\u0131 y\u00fcrekleri da\u011flad\u0131. Ac\u0131l\u0131 anne o\u011flunun ard\u0131ndan son kez selendi; &#8220;Bu yavrumu <\/p>\n","protected":false},"author":1,"featured_media":0,"comment_status":"open","ping_status":"open","sticky":false,"template":"","format":"standard","meta":{"footnotes":""},"categories":[105],"tags":[],"class_list":["post-55010","post","type-post","status-publish","format-standard","hentry","category-gundem","odd"],"_links":{"self":[{"href":"http:\/\/www.korhanyilmaz.com\/index.php?rest_route=\/wp\/v2\/posts\/55010","targetHints":{"allow":["GET"]}}],"collection":[{"href":"http:\/\/www.korhanyilmaz.com\/index.php?rest_route=\/wp\/v2\/posts"}],"about":[{"href":"http:\/\/www.korhanyilmaz.com\/index.php?rest_route=\/wp\/v2\/types\/post"}],"author":[{"embeddable":true,"href":"http:\/\/www.korhanyilmaz.com\/index.php?rest_route=\/wp\/v2\/users\/1"}],"replies":[{"embeddable":true,"href":"http:\/\/www.korhanyilmaz.com\/index.php?rest_route=%2Fwp%2Fv2%2Fcomments&post=55010"}],"version-history":[{"count":0,"href":"http:\/\/www.korhanyilmaz.com\/index.php?rest_route=\/wp\/v2\/posts\/55010\/revisions"}],"wp:attachment":[{"href":"http:\/\/www.korhanyilmaz.com\/index.php?rest_route=%2Fwp%2Fv2%2Fmedia&parent=55010"}],"wp:term":[{"taxonomy":"category","embeddable":true,"href":"http:\/\/www.korhanyilmaz.com\/index.php?rest_route=%2Fwp%2Fv2%2Fcategories&post=55010"},{"taxonomy":"post_tag","embeddable":true,"href":"http:\/\/www.korhanyilmaz.com\/index.php?rest_route=%2Fwp%2Fv2%2Ftags&post=55010"}],"curies":[{"name":"wp","href":"https:\/\/api.w.org\/{rel}","templated":true}]}}