{"id":55001,"date":"2012-09-04T00:03:58","date_gmt":"2012-09-03T21:03:58","guid":{"rendered":"http:\/\/www.korhanyilmaz.com\/?p=55001"},"modified":"2012-09-05T07:41:25","modified_gmt":"2012-09-05T04:41:25","slug":"erdogandan-sonra-73ler-harekati","status":"publish","type":"post","link":"http:\/\/www.korhanyilmaz.com\/?p=55001","title":{"rendered":"Erdo\u011fan&#8217;dan sonra, 73&#8217;ler harekat\u0131"},"content":{"rendered":"<p style=\"text-align: center;\"><a href=\"http:\/\/www.korhanyilmaz.com\/wp-content\/uploads\/2012\/09\/H640.jpg\"  class=\"lightview\"><img loading=\"lazy\" decoding=\"async\" class=\"aligncenter  wp-image-55002\" src=\"http:\/\/www.korhanyilmaz.com\/wp-content\/uploads\/2012\/09\/H640.jpg\" alt=\"\" width=\"396\" height=\"180\" \/><\/a><\/p>\n<p style=\"text-align: justify;\">AK Partide 73 Bakan ve milletvekili t\u00fcz\u00fck gere\u011fi 2015 se\u00e7imlerinde aday olam\u0131yor. Ama plan haz\u0131r. Erdo\u011fan 2014\u2019de \u00c7ankaya\u2019ya \u00e7\u0131k\u0131nca, yeni y\u00f6netim t\u00fcz\u00fc\u011f\u00fc de\u011fi\u015ftirecek, yasak kalkacak.<\/p>\n<p style=\"text-align: justify;\">ANKARA &#8211; AK Partide, \u00fc\u00e7 d\u00f6nem \u00fcst \u00fcste milletvekilli\u011fi, belediye ba\u015fkanl\u0131\u011f\u0131 ve il ba\u015fkanl\u0131\u011f\u0131 yapanlar\u0131n bir sonraki se\u00e7imde ayn\u0131 g\u00f6reve aday olmalar\u0131n\u0131 engelleyen t\u00fcz\u00fck maddesini de\u011fi\u015ftirme hesaplar\u0131 yap\u0131l\u0131yor.\u00a0<!--more--><\/p>\n<p style=\"text-align: justify;\"><span style=\"text-decoration: underline;\">73 Bakan ve milletvekilini de ilgilendiren t\u00fcz\u00fck maddesinin, Ba\u015fbakan Erdo\u011fan\u2019\u0131n 2014\u2019de \u00c7ankaya\u2019ya \u00e7\u0131kmas\u0131ndan sonra de\u011fi\u015ftirilmesi planlan\u0131yor. B\u00f6ylelikle maddenin de\u011fi\u015ftirilmesine kar\u015f\u0131 \u00e7\u0131kan Erdo\u011fan\u2019\u0131n da, bu konuda bir dahli olmayacak ve yeni d\u00fczenleme de, Genel Ba\u015fkanl\u0131\u011f\u0131 sonras\u0131 yap\u0131lm\u0131\u015f olacak.\u00a0<\/span><\/p>\n<p style=\"text-align: justify;\">AK Partide bu t\u00fcr bir d\u00fc\u015f\u00fcnce oldu\u011funu do\u011frulayan bir y\u00f6netici, \u2018\u201973 milletvekili ve bakan de\u011fi\u015fikli\u011fi istiyor. \u00c7ankaya sonras\u0131 ve 2015 se\u00e7imleri \u00f6ncesi de\u011fi\u015fiklik yap\u0131l\u0131rsa, Say\u0131n Erdo\u011fan\u2019\u0131n d\u00f6neminde verdi\u011fi s\u00f6z tutulmu\u015f olacak. \u00c7ankaya\u2019ya \u00e7\u0131kt\u0131ktan sonra bu de\u011fi\u015fiklik yap\u0131l\u0131nca da, Erdo\u011fan\u2019\u0131n Anayasa gere\u011fi parti ile ba\u011f\u0131 kesildi\u011fi i\u00e7in, kendisine izafe edilecek ya da ele\u015ftirilecek bir konu bulunmayacak\u2019\u2019 dedi. AK Parti ile yollar\u0131n\u0131 ay\u0131ran eski Ba\u015fbakan yard\u0131mc\u0131s\u0131 Abd\u00fcllatif \u015eener de, \u2018K\u00f6\u015fk se\u00e7iminden sonra kalanlar t\u00fcz\u00fckteki o maddeyi de\u011fi\u015ftirir ve yollar\u0131na devam ederler. Hi\u00e7bir sorun da olmaz\u2019\u2019 dedi.<\/p>\n<p style=\"text-align: justify;\"><strong>73 \u0130S\u0130M K\u0130M ?<\/strong><\/p>\n<p style=\"text-align: justify;\">AK Parti t\u00fcz\u00fc\u011f\u00fc de\u011fi\u015fmedi\u011fi taktirde, 2015 genel se\u00e7imlerinde, \u00e7ok say\u0131da bakan, genel merkez y\u00f6neticisi ve milletvekili, yeniden aday\u0131 olamayacak. Bu durumdaki toplam 73 isim \u015f\u00f6yle:<\/p>\n<p style=\"text-align: justify;\"><strong>BAKANLAR:<\/strong> B\u00fclent Ar\u0131n\u00e7, Be\u015fir Atalay, Bekir Bozda\u011f, Ali Babacan, Sadullah Ergin, \u0130dris Naim \u015eahin, Nihat Erg\u00fcn, Binali Y\u0131ld\u0131r\u0131m, Mehdi Eker, Hayati Yaz\u0131c\u0131,Taner Y\u0131ld\u0131z, Recep Akda\u011f, Faruk \u00c7elik, Egemen Ba\u011f\u0131\u015f, Suat K\u0131l\u0131\u00e7, Fatma \u015eahin.<\/p>\n<p style=\"text-align: justify;\"><strong>PART\u0130 Y\u00d6NET\u0130M\u0130:<\/strong> \u00d6mer \u00c7elik, Abd\u00fclkadir Aksu, H\u00fcseyin \u00c7elik, Salih Kapusuz, B\u00fclent Gedikli, Reha Deneme\u00e7, H\u00fcseyin Tanr\u0131verdi, Edip U\u011fur, N\u00fckhet Hotar, Haluk \u0130pek.<\/p>\n<p style=\"text-align: justify;\"><strong>M\u0130LLETVEK\u0130LLER\u0130:<\/strong> Cemil \u00c7i\u00e7ek, Nurettin Canikli, Mustafa Elita\u015f, Burhan Kuzu, Nimet Ba\u015f, Necati \u00c7etinkaya, Sad\u0131k Yakut, Vecdi G\u00f6n\u00fcl, Nafiz \u00d6zak, Mehmet Ali \u015eahin, A.Sefer \u00dcst\u00fcn, Cevdet Erd\u00f6l, Mustafa Ata\u015f, Halide \u0130ncekara, Sait A\u00e7ba, Ruhi A\u00e7\u0131kg\u00f6z, A. R\u0131za Alaboyun, Mevl\u00fct \u00c7avu\u015fo\u011flu, Fahrettin Poyraz, Vahit Kiler, Bayram \u00d6z\u00e7elik, Ali K\u00fc\u00e7\u00fckayd\u0131n, Mehmet Dani\u015f, \u00dcnal Ka\u00e7\u0131r, Enver Y\u0131lmaz, Nevzat Pakdil, Hakk\u0131 K\u00f6yl\u00fc, Muzaffer Ba\u015ftop\u00e7u, Fehmi Kinay, Mehmet Katsal, Nusret Bayraktar, \u015eaban Di\u015fli, Y\u0131lmaz Demir, Mustafa Demir, Ahmet Yeni, Afif Demirkan, Yahya Akman, \u015e\u00fckr\u00fc Ayala, Zeyit Aslan, K\u00f6ksal Toptan, Ziyaettin Akbulut, Mehmet Sar\u0131, Kerim \u00d6zkul, Harun T\u00fcfek\u00e7i, Hasan Ali \u00c7elik, Murat Y\u0131ld\u0131r\u0131m.<\/p>\n<p style=\"text-align: justify;\"><a href=\"http:\/\/www.gazeteport.com.tr\/haber\/109648\/erdogandan-sonra-73ler-harekati\" target=\"_blank\">Kaynak : GAZETEPORT<\/a><\/p>\n<p style=\"text-align: justify;\">\n","protected":false},"excerpt":{"rendered":"<p style=\"text-align: center;\">\n<p style=\"text-align: justify;\">AK Partide 73 Bakan ve milletvekili t\u00fcz\u00fck gere\u011fi 2015 se\u00e7imlerinde aday olam\u0131yor. Ama plan haz\u0131r. Erdo\u011fan 2014\u2019de \u00c7ankaya\u2019ya \u00e7\u0131k\u0131nca, yeni y\u00f6netim t\u00fcz\u00fc\u011f\u00fc de\u011fi\u015ftirecek, yasak kalkacak.<\/p>\n<p style=\"text-align: justify;\">ANKARA &#8211; AK Partide, \u00fc\u00e7 d\u00f6nem \u00fcst \u00fcste milletvekilli\u011fi, belediye ba\u015fkanl\u0131\u011f\u0131 ve il ba\u015fkanl\u0131\u011f\u0131 yapanlar\u0131n bir sonraki se\u00e7imde ayn\u0131 g\u00f6reve aday olmalar\u0131n\u0131 engelleyen <\/p>\n","protected":false},"author":1,"featured_media":0,"comment_status":"open","ping_status":"open","sticky":false,"template":"","format":"standard","meta":{"footnotes":""},"categories":[105],"tags":[],"class_list":["post-55001","post","type-post","status-publish","format-standard","hentry","category-gundem","odd"],"_links":{"self":[{"href":"http:\/\/www.korhanyilmaz.com\/index.php?rest_route=\/wp\/v2\/posts\/55001","targetHints":{"allow":["GET"]}}],"collection":[{"href":"http:\/\/www.korhanyilmaz.com\/index.php?rest_route=\/wp\/v2\/posts"}],"about":[{"href":"http:\/\/www.korhanyilmaz.com\/index.php?rest_route=\/wp\/v2\/types\/post"}],"author":[{"embeddable":true,"href":"http:\/\/www.korhanyilmaz.com\/index.php?rest_route=\/wp\/v2\/users\/1"}],"replies":[{"embeddable":true,"href":"http:\/\/www.korhanyilmaz.com\/index.php?rest_route=%2Fwp%2Fv2%2Fcomments&post=55001"}],"version-history":[{"count":0,"href":"http:\/\/www.korhanyilmaz.com\/index.php?rest_route=\/wp\/v2\/posts\/55001\/revisions"}],"wp:attachment":[{"href":"http:\/\/www.korhanyilmaz.com\/index.php?rest_route=%2Fwp%2Fv2%2Fmedia&parent=55001"}],"wp:term":[{"taxonomy":"category","embeddable":true,"href":"http:\/\/www.korhanyilmaz.com\/index.php?rest_route=%2Fwp%2Fv2%2Fcategories&post=55001"},{"taxonomy":"post_tag","embeddable":true,"href":"http:\/\/www.korhanyilmaz.com\/index.php?rest_route=%2Fwp%2Fv2%2Ftags&post=55001"}],"curies":[{"name":"wp","href":"https:\/\/api.w.org\/{rel}","templated":true}]}}