{"id":54981,"date":"2012-09-04T08:03:28","date_gmt":"2012-09-04T05:03:28","guid":{"rendered":"http:\/\/www.korhanyilmaz.com\/?p=54981"},"modified":"2012-09-04T22:14:51","modified_gmt":"2012-09-04T19:14:51","slug":"beytussebap-kaymakami-beytussebapi-anlatiyor","status":"publish","type":"post","link":"http:\/\/www.korhanyilmaz.com\/?p=54981","title":{"rendered":"Beyt\u00fc\u015f\u015febap Kaymakam\u0131 Beyt\u00fc\u015f\u015febap\u2019\u0131 anlat\u0131yor"},"content":{"rendered":"<div id=\"attachment_37365\" style=\"width: 100px\" class=\"wp-caption alignright\"><img loading=\"lazy\" decoding=\"async\" aria-describedby=\"caption-attachment-37365\" class=\" wp-image-37365 \" title=\"Y\u0131lmaz \u00d6zdil - H\u00fcrriyet Gazetesi\" src=\"http:\/\/www.korhanyilmaz.com\/wp-content\/uploads\/2011\/07\/257.jpg\" alt=\"\" width=\"90\" height=\"96\" \/><p id=\"caption-attachment-37365\" class=\"wp-caption-text\">Y\u0131lmaz \u00d6zdil<\/p><\/div>\n<p style=\"text-align: justify;\">Beyt\u00fc\u015f\u015febap\u2019a atand\u0131m&#8230;<\/p>\n<p style=\"text-align: justify;\"><em>\u00d6nce Diyarbak\u0131r\u2019a geldim.\u00a0<\/em><\/p>\n<p style=\"text-align: justify;\"><em>\u015e\u0131rnak\u2019a gidebilmem i\u00e7in Cizre\u2019ye, oradan ba\u015fka bir ara\u00e7la \u015e\u0131rnak\u2019a gitmem gerekti\u011fini \u00f6\u011frendim. Karayoluyla gitmekten vazge\u00e7tim. Diyarbak\u0131r kolordu\u2019da \u00fc\u00e7-d\u00f6rt g\u00fcn helikopter bekledim. Sonunda Sikorsky\u2019yle hareket ettim.\u00a0<\/em><\/p>\n<p style=\"text-align: justify;\"><em>*\u00a0<\/em><\/p>\n<p style=\"text-align: justify;\"><em>1.5 saat u\u00e7up, t\u00fcmen\u2019in pistine indim. Valilik binas\u0131na gittim. Vali beni kabul etti. Asla normal kaymakam gibi davranmamam gerekti\u011fini, k\u00f6y ziyaretleri yapmamam\u0131, \u00e7\u00fcnk\u00fc, devletin k\u0131rsal\u0131 tamamen terk etti\u011fini, il ve il\u00e7e merkezinde tutunulmaya \u00e7al\u0131\u015f\u0131ld\u0131\u011f\u0131n\u0131 s\u00f6yledi. K\u0131sacas\u0131, dost bilinen a\u015firetlerin d\u0131\u015f\u0131ndaki k\u00f6yler, yollar PKK\u2019n\u0131n h\u00e2kimiyetine b\u0131rak\u0131lm\u0131\u015ft\u0131.\u00a0<!--more--><\/em><\/p>\n<p style=\"text-align: justify;\"><em>*\u00a0<\/em><\/p>\n<p style=\"text-align: justify;\"><em>Beyt\u00fc\u015f\u015febap\u2019a giden helikoptere bindim. 50 dakikal\u0131k u\u00e7u\u015ftan sonra, y\u00fcksek da\u011flarla \u00e7evrili askeri birli\u011fe indim. Komutan beni kar\u015f\u0131lad\u0131, \u00e7ay kahve ikram\u0131ndan sonra, bug\u00fcnlerde il\u00e7eye bask\u0131n yap\u0131laca\u011f\u0131n\u0131, duyum ald\u0131klar\u0131n\u0131 s\u00f6yledi. Merak ediyorsam, d\u00fcrb\u00fcnle g\u00f6rebilece\u011fimi anlatt\u0131. Ger\u00e7ekten de, bakt\u0131m, kar\u015f\u0131m\u0131zdaki da\u011flarda hareketli insan gruplar\u0131 g\u00f6r\u00fcl\u00fcyordu. Komutan da, Vali gibi, il\u00e7e\u2019den kesinlikle ayr\u0131lmamam\u0131, k\u00f6ylere gitmememi sal\u0131k verdi.\u00a0<\/em><\/p>\n<p style=\"text-align: justify;\"><em>*\u00a0<\/em><\/p>\n<p style=\"text-align: justify;\"><em>\u015e\u0131rnak\u2019tan gelirken, Besta denilen b\u00f6lgeyi ge\u00e7ip, 30 kilometre sonra hayli bozuk asfalttan Uludere\u2019ye var\u0131l\u0131r, asfalt biter, ham toprak yol ba\u015flar. Beyt\u00fc\u015f\u015febap\u2019a kadar 60 kilometrenin bir taraf\u0131 sarp ve dik yama\u00e7l\u0131, \u00f6b\u00fcr taraf\u0131 derin u\u00e7urumdur. S\u00fcrekli may\u0131n d\u00f6\u015feniyor. Asl\u0131nda, bu yolu en az birka\u00e7 noktada her g\u00fcn kesip, kimlik kontrol\u00fc yap\u0131yorlar. Bu durum bilindi\u011fi i\u00e7in, hi\u00e7bir kamu g\u00f6revlisi karayolunu kullanm\u0131yor. Erzak kamyonlar\u0131 talan ediliyor.\u00a0<\/em><\/p>\n<p style=\"text-align: justify;\"><em>*<\/em><\/p>\n<p style=\"text-align: justify;\"><em>Ter\u00f6r \u00f6rg\u00fct\u00fc, korku salm\u0131\u015f, halk\u0131n nazar\u0131nda itibar kazanm\u0131\u015f&#8230; Tan\u0131\u015ft\u0131\u011f\u0131m insanlar, aman kaymakam bey sak\u0131n \u015furdan a\u015fa\u011f\u0131 inme, \u015furay\u0131 ge\u00e7eyim deme gibi uyar\u0131larda bulunuyor. Bunlar\u0131n bir k\u0131sm\u0131 samimi, bir k\u0131sm\u0131 kamu g\u00f6revlilerinde korku, y\u0131lg\u0131nl\u0131k yaratmak i\u00e7in s\u00f6yleniyor.\u00a0<\/em><\/p>\n<p style=\"text-align: justify;\"><em>*\u00a0<\/em><\/p>\n<p style=\"text-align: justify;\"><em>Buralarda ticaret yapmak isteyen, \u00f6rg\u00fctten icazet almak zorunda&#8230; Vergi ad\u0131 alt\u0131nda para toplan\u0131yor. Eylemler, vatanda\u015fa bire be\u015f kat\u0131larak anlat\u0131yor. \u00d6rg\u00fct\u00fcn, istemedi\u011fi adam\u0131 derhal g\u00f6revden ald\u0131raca\u011f\u0131na, istedi\u011fi adam\u0131 vali, hatta bakan bile yapabilece\u011fine, psikolojik olarak inand\u0131r\u0131l\u0131yor.\u00a0<\/em><\/p>\n<p style=\"text-align: justify;\"><em>*\u00a0<\/em><\/p>\n<p style=\"text-align: justify;\"><em>\u0130l\u00e7ede, asaleten atanm\u0131\u015f neredeyse bir memur bile yok. Buraya atananlar\u0131n hepsi, ya kurumlar\u0131 taraf\u0131ndan cezaland\u0131r\u0131lmak maksad\u0131yla g\u00f6nderilmi\u015f ya da torpilleri olmayan sahipsiz insanlar&#8230; K\u0131rg\u0131nl\u0131k, k\u00fcsk\u00fcnl\u00fck, bezginliklerinden \u00f6t\u00fcr\u00fc, y\u00f6re halk\u0131na verebilecekleri hi\u00e7bir \u015fey yok. Baz\u0131 kamu g\u00f6revlileri ise buralara hi\u00e7 u\u011framazlar, onlar imtiyazl\u0131d\u0131r.\u00a0<\/em><\/p>\n<p style=\"text-align: justify;\"><em>*\u00a0<\/em><\/p>\n<p style=\"text-align: justify;\"><em>Ge\u00e7ici k\u00f6y korucular\u0131n\u0131n m\u00fccadeleye b\u00fcy\u00fck katk\u0131s\u0131 var. Ancak, devlet istemeden de olsa, feodal sistemi, a\u015firetleri g\u00fc\u00e7lendirdi. Korucular, kendi meslekleri olan hayvanc\u0131l\u0131\u011f\u0131 tamamen b\u0131rakm\u0131\u015f vaziyette&#8230; Unvanlar\u0131n\u0131n \u00f6n\u00fcndeki \u2018ge\u00e7ici\u2019 kelimesinden rahats\u0131z oluyorlar, durumumuz, gelece\u011fimiz belirsiz diyorlar. Korucu yap\u0131lanlar\u0131n \u00f6zenle se\u00e7ilmesi gerekiyor.\u00a0<\/em><\/p>\n<p style=\"text-align: justify;\"><em>*\u00a0<\/em><\/p>\n<p style=\"text-align: justify;\"><em>PKK, k\u00fc\u00e7\u00fck \u00e7ocuklar\u0131 ka\u00e7\u0131rarak veya ikna ederek, intikam duygusu a\u015f\u0131layan, araziyi avucunun i\u00e7i gibi bilen ki\u015filerden olu\u015fuyor. \u00d6rg\u00fcte kat\u0131lan, \u00e7aresiz b\u0131rak\u0131l\u0131yor, ne aile, ne arkada\u015f ili\u015fkisi kal\u0131yor, geri d\u00f6n\u00fc\u015f yollar\u0131 kapat\u0131l\u0131yor. Da\u011fdaki a\u011f\u0131r \u015fartlarda y\u0131llarca ya\u015famaktansa, \u00e7\u0131lg\u0131nca emirlere itaat edip, \u00f6l\u00fcm\u00fcn kurtulu\u015f oldu\u011funun fark\u0131ndalar.\u00a0<\/em><\/p>\n<p style=\"text-align: justify;\"><em>*\u00a0<\/em><\/p>\n<p style=\"text-align: justify;\"><em>Bizimkiler ise sivil ya\u015famlar\u0131nda i\u015f veya meslek sahibiyken, zorunlu olarak askere al\u0131nan 18-20 ya\u015f\u0131ndaki gen\u00e7ler&#8230; Hen\u00fcz askere al\u0131nmadan \u00f6nce, televizyondaki \u015fehit haberleriyle psikolojileri sars\u0131lan, \u00fcstelik, ailelerinin endi\u015felerini hisseden gencecik delikanl\u0131lar.\u00a0<\/em><\/p>\n<p style=\"text-align: justify;\"><em>*\u00a0<\/em><\/p>\n<p style=\"text-align: justify;\"><em>PKK, y\u0131llard\u0131r ayn\u0131 noktalarda \u00fcsleniyor. Operasyon yapaca\u011f\u0131m\u0131z zaman, birliklerimizde hareketlilik ya\u015fan\u0131yor, korucular toplan\u0131yor. Sa\u011f\u0131r sultan bile duyuyor! Zirvelerden seyrediyorlar. Bizimkiler hedef b\u00f6lgeye vard\u0131\u011f\u0131nda, orda kimse kalm\u0131yor. Bizimkiler geri d\u00f6n\u00fcp, daha birli\u011fin kap\u0131s\u0131ndan bile girmeden, onlar eski mevzilerine yerle\u015fiyor.\u00a0<\/em><\/p>\n<p style=\"text-align: justify;\"><em>*\u00a0<\/em><\/p>\n<p style=\"text-align: justify;\"><em>Bir seferinde, ele ge\u00e7irilen \u00f6rg\u00fct mensubunun \u00fcst\u00fcnden \u00e7\u0131kan not defterinde okumu\u015ftum. Karakolumuz bir ay boyunca, 24 saat izlenmi\u015f, giren \u00e7\u0131kan ara\u00e7lar\u0131n plakas\u0131, n\u00f6bet\u00e7i-devriye saatleri en ince ayr\u0131nt\u0131lar\u0131na kadar yaz\u0131lm\u0131\u015f, ne yapt\u0131\u011f\u0131m\u0131z\u0131, ne yapaca\u011f\u0131m\u0131z\u0131 ezbere biliyorlar.\u00a0<\/em><\/p>\n<p style=\"text-align: justify;\"><em>*\u00a0<\/em><\/p>\n<p style=\"text-align: justify;\"><em>Halbuki, PKK\u2019n\u0131n da\u011f kadrosu 3 bini ge\u00e7mez, farz edelim 4 bin olsun, 11 b\u00f6lgeye da\u011f\u0131lm\u0131\u015f durumdalar, kabaca her \u015fehre 350 ter\u00f6rist d\u00fc\u015fer&#8230; Bunlara kar\u015f\u0131, 22-25 ya\u015f\u0131nda, 5 bin veya 7 bin ki\u015filik \u00f6zel birlik olu\u015fturulmal\u0131d\u0131r. Gerilla harbi\u2019yle e\u011fitilmelidir. E\u015flerine her t\u00fcrl\u00fc ekonomik g\u00fcvence, \u00e7ocuklar\u0131na en \u00fcst seviyede e\u011fitim sa\u011flanmal\u0131d\u0131r. Operasyon yetkisine sahip, tek bir komutana ba\u011flanmal\u0131d\u0131r. Emirlerinde, helikopter, u\u00e7ak olmal\u0131d\u0131r. Her mangada doktor bulunmal\u0131d\u0131r. Asla sabit durmay\u0131p, gece g\u00fcnd\u00fcz hareket halinde olmal\u0131d\u0131r. Ne zaman, nerede olduklar\u0131 asla bilinmemelidir&#8230;\u00a0<\/em><\/p>\n<p style=\"text-align: justify;\"><em>Av durumundan \u00e7\u0131k\u0131p, avc\u0131 konumuna ge\u00e7melidir.\u00a0<\/em><\/p>\n<p style=\"text-align: justify;\"><em>*\u00a0<\/em><\/p>\n<p style=\"text-align: justify;\"><em>\u015eehit cenazelerinde at\u0131lan nutuklar\u0131n, kanlar\u0131 yerde kalmayacak t\u00fcr\u00fcnden anlams\u0131z laflar\u0131n, herhangi bi etkisi yok art\u0131k&#8230; Ne \u015fehit say\u0131s\u0131nda azalma var, ne at\u0131lan nutuklarda!\u00a0<\/em><\/p>\n<p style=\"text-align: justify;\"><em>*\u00a0<\/em><\/p>\n<p style=\"text-align: justify;\"><em>Derken&#8230;\u00a0<\/em><\/p>\n<p style=\"text-align: justify;\"><em>*\u00a0<\/em><\/p>\n<p style=\"text-align: justify;\"><em>Saat 21 sular\u0131nda, yo\u011fun silah sesleriyle irkildim. E\u015fimi ve k\u0131z\u0131m\u0131 arka odalardan birine, mermi isabet etmeyecek \u015fekilde yat\u0131rd\u0131m. Kap\u0131m \u00e7al\u0131nd\u0131&#8230; Elinde fener tutan polis, il\u00e7eye sald\u0131r\u0131ld\u0131\u011f\u0131n\u0131, en alt kattaki kalorifer dairesine inmemiz gerekti\u011fini s\u00f6yledi. E\u015fim s\u0131\u011f\u0131nakta bulunanlar\u0131 teskin etmeye \u00e7al\u0131\u015f\u0131rken, \u015fahs\u0131ma verilen Kala\u015fnikof\u2019la d\u0131\u015far\u0131 \u00e7\u0131kt\u0131m.<\/em><\/p>\n<p style=\"text-align: justify;\"><em>\u00a0*\u00a0<\/em><\/p>\n<p style=\"text-align: justify;\"><em>Lojman duvar\u0131nda siper alm\u0131\u015f polislerin yan\u0131na gittim. Gecenin karanl\u0131\u011f\u0131nda kimin kime ate\u015f etti\u011fi belli de\u011fildi. Ben dahil herkes, bilin\u00e7sizce, i\u00e7g\u00fcd\u00fcyle hareket ediyordu. Her insan korkar. \u0130nsani duygudur. Ancak, y\u00fcre\u011fimde hissetti\u011fim korku de\u011fildi, derin bir s\u0131z\u0131yd\u0131&#8230; Taa \u00c7in s\u0131n\u0131rlar\u0131ndan Avrupa\u2019n\u0131n i\u00e7lerine ilerleyen millet, \u00e7apulcu kar\u015f\u0131s\u0131nda acze mi d\u00fc\u015fm\u00fc\u015ft\u00fc?\u00a0<\/em><\/p>\n<p style=\"text-align: justify;\">*<\/p>\n<p style=\"text-align: justify;\">Evet, Beyt\u00fc\u015f\u015febap Kaymakam\u0131\u2019n\u0131n s\u00f6zleri bunlar&#8230;<\/p>\n<p style=\"text-align: justify;\">*<\/p>\n<p style=\"text-align: justify;\">Ancak, \u015fu anki Beyt\u00fc\u015f\u015febap Kaymakam\u0131\u2019n\u0131n de\u011fil&#8230; 1993-95 aras\u0131nda Beyt\u00fc\u015f\u015febap Kaymakam\u0131 olan Mesut Taner Gen\u00e7\u2019in, 2008\u2019de piyasaya \u00e7\u0131kard\u0131\u011f\u0131 \u201c<strong>Ate\u015f Hatt\u0131nda-Beyt\u00fc\u015f\u015febap Kaymakam\u0131\u2019n\u0131n PKK ile M\u00fccadele G\u00fcnl\u00fc\u011f\u00fc<\/strong>\u201d isimli kitab\u0131ndan!<\/p>\n<p style=\"text-align: justify;\">*<\/p>\n<p style=\"text-align: justify;\">Anlatm\u0131\u015f kaymakam&#8230;<\/p>\n<p style=\"text-align: justify;\">Daha ne anlatay\u0131m.<\/p>\n<p style=\"text-align: justify;\"><a href=\"http:\/\/www.hurriyet.com.tr\/yazarlar\/21376364.asp?yazarid=249\" target=\"_blank\">Kaynak : H\u00fcrriyet.com.tr<\/a><\/p>\n","protected":false},"excerpt":{"rendered":"<p id=\"caption-attachment-37365\" class=\"wp-caption-text\">Y\u0131lmaz \u00d6zdil<\/p>\n<p style=\"text-align: justify;\">Beyt\u00fc\u015f\u015febap\u2019a atand\u0131m&#8230;<\/p>\n<p style=\"text-align: justify;\">\u00d6nce Diyarbak\u0131r\u2019a geldim. <\/p>\n<p style=\"text-align: justify;\">\u015e\u0131rnak\u2019a gidebilmem i\u00e7in Cizre\u2019ye, oradan ba\u015fka bir ara\u00e7la \u015e\u0131rnak\u2019a gitmem gerekti\u011fini \u00f6\u011frendim. Karayoluyla gitmekten vazge\u00e7tim. Diyarbak\u0131r kolordu\u2019da \u00fc\u00e7-d\u00f6rt g\u00fcn helikopter bekledim. Sonunda Sikorsky\u2019yle hareket ettim. <\/p>\n<p style=\"text-align: justify;\">* <\/p>\n<p style=\"text-align: justify;\">1.5 saat u\u00e7up, t\u00fcmen\u2019in pistine indim. Valilik <\/p>\n","protected":false},"author":1,"featured_media":0,"comment_status":"open","ping_status":"open","sticky":false,"template":"","format":"standard","meta":{"footnotes":""},"categories":[16],"tags":[30],"class_list":["post-54981","post","type-post","status-publish","format-standard","hentry","category-kose-yazilari","tag-yilmaz-ozdil","odd"],"_links":{"self":[{"href":"http:\/\/www.korhanyilmaz.com\/index.php?rest_route=\/wp\/v2\/posts\/54981","targetHints":{"allow":["GET"]}}],"collection":[{"href":"http:\/\/www.korhanyilmaz.com\/index.php?rest_route=\/wp\/v2\/posts"}],"about":[{"href":"http:\/\/www.korhanyilmaz.com\/index.php?rest_route=\/wp\/v2\/types\/post"}],"author":[{"embeddable":true,"href":"http:\/\/www.korhanyilmaz.com\/index.php?rest_route=\/wp\/v2\/users\/1"}],"replies":[{"embeddable":true,"href":"http:\/\/www.korhanyilmaz.com\/index.php?rest_route=%2Fwp%2Fv2%2Fcomments&post=54981"}],"version-history":[{"count":0,"href":"http:\/\/www.korhanyilmaz.com\/index.php?rest_route=\/wp\/v2\/posts\/54981\/revisions"}],"wp:attachment":[{"href":"http:\/\/www.korhanyilmaz.com\/index.php?rest_route=%2Fwp%2Fv2%2Fmedia&parent=54981"}],"wp:term":[{"taxonomy":"category","embeddable":true,"href":"http:\/\/www.korhanyilmaz.com\/index.php?rest_route=%2Fwp%2Fv2%2Fcategories&post=54981"},{"taxonomy":"post_tag","embeddable":true,"href":"http:\/\/www.korhanyilmaz.com\/index.php?rest_route=%2Fwp%2Fv2%2Ftags&post=54981"}],"curies":[{"name":"wp","href":"https:\/\/api.w.org\/{rel}","templated":true}]}}