{"id":54974,"date":"2012-09-04T13:35:16","date_gmt":"2012-09-04T10:35:16","guid":{"rendered":"http:\/\/www.korhanyilmaz.com\/?p=54974"},"modified":"2012-09-04T15:14:58","modified_gmt":"2012-09-04T12:14:58","slug":"arinc-siyaseti-birakiyor","status":"publish","type":"post","link":"http:\/\/www.korhanyilmaz.com\/?p=54974","title":{"rendered":"Ar\u0131n\u00e7 siyaseti b\u0131rak\u0131yor!"},"content":{"rendered":"<p style=\"text-align: justify;\"><a href=\"http:\/\/www.korhanyilmaz.com\/wp-content\/uploads\/2012\/09\/H631.jpg\"  class=\"lightview\"><img loading=\"lazy\" decoding=\"async\" class=\"aligncenter size-full wp-image-54975\" title=\"\" src=\"http:\/\/www.korhanyilmaz.com\/wp-content\/uploads\/2012\/09\/H631.jpg\" alt=\"\" width=\"474\" height=\"185\" \/><\/a><\/p>\n<p style=\"text-align: justify;\">\u00dc\u00e7\u00fcnc\u00fc d\u00f6nemini tamamlayacak olan Ba\u015fbakan Yard\u0131mc\u0131s\u0131 B\u00fclent Ar\u0131n\u00e7 siyaseti b\u0131rak\u0131yor. D\u00fcn ak\u015fam Kanal D Ana Haber&#8217;e konuk olan Ar\u0131n\u00e7, &#8220;D\u0131\u015far\u0131da kalaca\u011f\u0131m. Aktif siyasetin i\u00e7inde olmayaca\u011f\u0131m&#8221; dedi. Ba\u015fbakan Yard\u0131mc\u0131s\u0131 2 hafta \u00f6nce de CNN T\u00dcRK&#8217;te Hande F\u0131rat&#8217;a liderlik beklentisi olmad\u0131\u011f\u0131n\u0131 s\u00f6ylemi\u015f, &#8220;Liderlik Tayyip Bey&#8217;e mahsus &#8221; demi\u015fti.<!--more--><\/p>\n<p style=\"text-align: justify;\">[flv]http:\/\/vod.cnnturk.com\/cnnturk\/haber\/2012-09-04\/arinc.mp4[\/flv]<\/p>\n<p style=\"text-align: justify;\"><a href=\"http:\/\/video.cnnturk.com\/2012\/haber\/9\/4\/arinc-siyaseti-birakiyor\" target=\"_blank\">Kaynak : CNN T\u00dcRK<\/a><\/p>\n","protected":false},"excerpt":{"rendered":"<p style=\"text-align: justify;\">\n<p style=\"text-align: justify;\">\u00dc\u00e7\u00fcnc\u00fc d\u00f6nemini tamamlayacak olan Ba\u015fbakan Yard\u0131mc\u0131s\u0131 B\u00fclent Ar\u0131n\u00e7 siyaseti b\u0131rak\u0131yor. D\u00fcn ak\u015fam Kanal D Ana Haber&#8217;e konuk olan Ar\u0131n\u00e7, &#8220;D\u0131\u015far\u0131da kalaca\u011f\u0131m. Aktif siyasetin i\u00e7inde olmayaca\u011f\u0131m&#8221; dedi. Ba\u015fbakan Yard\u0131mc\u0131s\u0131 2 hafta \u00f6nce de CNN T\u00dcRK&#8217;te Hande F\u0131rat&#8217;a liderlik beklentisi olmad\u0131\u011f\u0131n\u0131 s\u00f6ylemi\u015f, &#8220;Liderlik Tayyip Bey&#8217;e mahsus &#8221; demi\u015fti.<\/p>\n","protected":false},"author":1,"featured_media":0,"comment_status":"open","ping_status":"open","sticky":false,"template":"","format":"standard","meta":{"footnotes":""},"categories":[105],"tags":[],"class_list":["post-54974","post","type-post","status-publish","format-standard","hentry","category-gundem","odd"],"_links":{"self":[{"href":"http:\/\/www.korhanyilmaz.com\/index.php?rest_route=\/wp\/v2\/posts\/54974","targetHints":{"allow":["GET"]}}],"collection":[{"href":"http:\/\/www.korhanyilmaz.com\/index.php?rest_route=\/wp\/v2\/posts"}],"about":[{"href":"http:\/\/www.korhanyilmaz.com\/index.php?rest_route=\/wp\/v2\/types\/post"}],"author":[{"embeddable":true,"href":"http:\/\/www.korhanyilmaz.com\/index.php?rest_route=\/wp\/v2\/users\/1"}],"replies":[{"embeddable":true,"href":"http:\/\/www.korhanyilmaz.com\/index.php?rest_route=%2Fwp%2Fv2%2Fcomments&post=54974"}],"version-history":[{"count":0,"href":"http:\/\/www.korhanyilmaz.com\/index.php?rest_route=\/wp\/v2\/posts\/54974\/revisions"}],"wp:attachment":[{"href":"http:\/\/www.korhanyilmaz.com\/index.php?rest_route=%2Fwp%2Fv2%2Fmedia&parent=54974"}],"wp:term":[{"taxonomy":"category","embeddable":true,"href":"http:\/\/www.korhanyilmaz.com\/index.php?rest_route=%2Fwp%2Fv2%2Fcategories&post=54974"},{"taxonomy":"post_tag","embeddable":true,"href":"http:\/\/www.korhanyilmaz.com\/index.php?rest_route=%2Fwp%2Fv2%2Ftags&post=54974"}],"curies":[{"name":"wp","href":"https:\/\/api.w.org\/{rel}","templated":true}]}}