{"id":54969,"date":"2012-09-04T08:34:03","date_gmt":"2012-09-04T05:34:03","guid":{"rendered":"http:\/\/www.korhanyilmaz.com\/?p=54969"},"modified":"2012-09-04T15:09:10","modified_gmt":"2012-09-04T12:09:10","slug":"ak-partide-bas-dincer-gerilimi","status":"publish","type":"post","link":"http:\/\/www.korhanyilmaz.com\/?p=54969","title":{"rendered":"AK Parti&#8217;de Ba\u015f-Din\u00e7er gerilimi"},"content":{"rendered":"<p style=\"text-align: center;\"><a href=\"http:\/\/www.korhanyilmaz.com\/wp-content\/uploads\/2012\/09\/H630.jpg\"  class=\"lightview\"><img loading=\"lazy\" decoding=\"async\" class=\"aligncenter  wp-image-54970\" src=\"http:\/\/www.korhanyilmaz.com\/wp-content\/uploads\/2012\/09\/H630.jpg\" alt=\"\" width=\"383\" height=\"293\" \/><\/a><\/p>\n<p style=\"text-align: justify;\">Milli E\u011fitim eski Bakan\u0131 Nimet Ba\u015f&#8217;tan (\u00c7ubuk\u00e7u) &#8220;Onun d\u00f6neminde ihtiya\u00e7 duydu\u011fumuz \u00f6\u011fretmenlerin ancak y\u00fczde 50&#8217;sini alabiliyorduk&#8221; diyen Milli E\u011fitim Bakan\u0131 \u00d6mer Din\u00e7er&#8217;e sert yan\u0131t geldi. &#8220;Ne gerek var b\u00f6yle mukayeselere. AK Parti&#8217;nin b\u00fct\u00fcn bakanlar\u0131nda e\u011fitim politikalar\u0131n\u0131n ana damar\u0131 ayn\u0131d\u0131r. Di\u011ferleri n\u00fcanst\u0131r&#8221; diyen \u00c7ubuk\u00e7u, &#8220;Ben e\u015f durumu sorununa insani gerek\u00e7elerle yakla\u015f\u0131r\u0131m. Ba\u015fka bakan farkl\u0131 davranabilir. Susuyorum ama benim patlamam da k\u00f6t\u00fc olur&#8221; diye konu\u015ftu.\u00a0<!--more--><\/p>\n<p style=\"text-align: justify;\"><span style=\"text-decoration: underline;\"><em>Ak\u015fam gazetesi Genel Yay\u0131n Y\u00f6netmeni \u0130smail K\u00fc\u00e7\u00fckkaya&#8217;n\u0131n bug\u00fcn k\u00f6\u015fesinde kaleme ald\u0131\u011f\u0131 yaz\u0131 \u015f\u00f6yle:<\/em><\/span><\/p>\n<p style=\"text-align: justify;\">Milli E\u011fitim Bakan\u0131 \u00d6mer Din\u00e7er&#8217;le pazar g\u00fcn\u00fc telefonda yapt\u0131\u011f\u0131m\u0131z yakla\u015f\u0131k bir saatlik g\u00f6r\u00fc\u015fme d\u00fcn Ak\u015fam&#8217;\u0131n man\u015fetindeydi. Bakan Din\u00e7er&#8217;i CNN T\u00fcrk&#8217;teki canl\u0131 yay\u0131nda izlemek \u00fczere ekran ba\u015f\u0131na oturmu\u015ftum. O s\u0131rada Meclis&#8217;ten bir telefon geldi. &#8216;Sizinle \u0130stanbul Milletvekilimiz ve Darbeleri Ara\u015ft\u0131rma Komisyonu Ba\u015fkan\u0131m\u0131z Say\u0131n Nimet Ba\u015f g\u00f6r\u00fc\u015fmek istiyor, ba\u011flayabilir miyiz&#8217; diyorlard\u0131.<\/p>\n<p style=\"text-align: justify;\"><strong>Nimet Han\u0131m&#8217;\u0131n cevap hakk\u0131\u00a0<\/strong><\/p>\n<p style=\"text-align: justify;\">Milli E\u011fitim eski Bakan\u0131 Nimet Ba\u015f (\u00c7ubuk\u00e7u), gazetedeki r\u00f6portaj\u0131 okudu\u011funu belirterek s\u00f6ze girdi. &#8216;\u00d6mer Hoca&#8217;ya da mesaj at\u0131p sordum. Sizinle yapt\u0131\u011f\u0131 g\u00f6r\u00fc\u015fmede iki yerde ismim zikredilmi\u015f. Do\u011fruysa cevap hakk\u0131m\u0131n do\u011faca\u011f\u0131n\u0131 s\u00f6yledim&#8217; dedi.<\/p>\n<p style=\"text-align: justify;\">\u00d6mer Din\u00e7er&#8217;den de cevap gelmi\u015f. \u0130sminin dolayl\u0131 olarak zikredildi\u011fini s\u00f6ylemi\u015f.<\/p>\n<p style=\"text-align: justify;\">Nimet Han\u0131m bana sordu. \u00d6mer Din\u00e7er&#8217;le yapt\u0131\u011f\u0131m telefon g\u00f6r\u00fc\u015fmesini nokta ve virg\u00fcl\u00fcne dokunmadan yazd\u0131\u011f\u0131m\u0131 aktard\u0131m.<\/p>\n<p style=\"text-align: justify;\">Din\u00e7er&#8217;e y\u00f6neltti\u011fim sorularda &#8216;H\u00fcseyin \u00c7elik, Nimet \u00c7ubuk\u00e7u d\u00f6nemleri&#8217; diye bir ifade olmamas\u0131na ra\u011fmen Din\u00e7er&#8217;in a\u00e7\u0131klamalar\u0131n\u0131n i\u00e7inde iki kez kendisinin isminin ge\u00e7ti\u011fini s\u00f6yledim.<\/p>\n<p style=\"text-align: justify;\">&#8216;Ben de b\u00f6yle tahmin etti\u011fim i\u00e7in cevap hakk\u0131m\u0131 kullan\u0131yorum&#8217; dedi.<\/p>\n<p style=\"text-align: justify;\">Nimet Ba\u015f \u00fcz\u00fclm\u00fc\u015ft\u00fc. &#8216;\u015eu ana kadar hi\u00e7 konu\u015fmad\u0131m&#8217; dedi ve b\u00fct\u00fcn bu tart\u0131\u015fmalar\u0131n bir tweet mesaj\u0131yla ba\u015flad\u0131\u011f\u0131n\u0131 anlatt\u0131. H\u00fcseyin \u00c7elik&#8217;in, e\u015f durumundan atamalarla ilgili \u00e7\u00f6z\u00fcm arand\u0131\u011f\u0131 tweetini takip\u00e7ileriyle payla\u015ft\u0131\u011f\u0131n\u0131 hat\u0131rlatt\u0131. \u015e\u00f6yle devam etti:<\/p>\n<p style=\"text-align: justify;\"><strong>Her \u015fey bir tweet&#8217;le ba\u015flad\u0131\u00a0<\/strong><\/p>\n<p style=\"text-align: justify;\">&#8216;Bunda bir \u015fey yok ki, bir art niyet yok. H\u00fcseyin \u00c7elik bizim Genel Ba\u015fkan Yard\u0131mc\u0131m\u0131z, parti s\u00f6zc\u00fcm\u00fcz. Hem de eski Milli E\u011fitim Bakan\u0131m\u0131z. Ben de AK Parti&#8217;liyim. Eski Milli E\u011fitim Bakan\u0131&#8217;y\u0131m. Ortada bir sorun var. Bu sorunun ma\u011fdurlar\u0131 bizlerin e-mail hesaplar\u0131n\u0131 twitter hesaplar\u0131n\u0131, bloke ediyor. E\u015f durumu, e\u015f durumu, e\u015f durumu&#8230; H\u00fcseyin \u00c7elik bir \u015fekilde sorunun \u00e7\u00f6z\u00fcm\u00fc i\u00e7in aray\u0131\u015f oldu\u011funu duyurmu\u015f, ben de sevindim bunu payla\u015ft\u0131m.&#8217;<\/p>\n<p style=\"text-align: justify;\"><strong>E\u015f durumu insani mesele\u00a0<\/strong><\/p>\n<p style=\"text-align: justify;\">Nimet Ba\u015f s\u00f6z\u00fcn bu noktas\u0131nda ge\u00e7mi\u015fte k\u0131r\u0131ld\u0131\u011f\u0131 baz\u0131 konulara da i\u015faret etti. Kendisinin g\u00f6revi devral\u0131rken \u00f6nceki bakanlar i\u00e7in &#8216;Her \u015fey yerle bir, sistem fel\u00e7, enkaz devrald\u0131k. Bakanl\u0131k otomatik pilottan \u015fimdi \u00e7\u0131k\u0131yor&#8217; gibi ifadeleri hi\u00e7 kullanmad\u0131\u011f\u0131n\u0131 vurgulad\u0131. S\u00f6zlerini \u015f\u00f6yle s\u00fcrd\u00fcrd\u00fc:<\/p>\n<p style=\"text-align: justify;\">&#8220;Biz ayn\u0131 h\u00fck\u00fcmetin bakanlar\u0131y\u0131z. Ne gerek var b\u00f6yle mukayeselere. Mukayese gerekiyorsa eski d\u00f6nemlerle yap\u0131labilir. AK Parti H\u00fck\u00fcmeti&#8217;nin b\u00fct\u00fcn bakanlar\u0131nda e\u011fitim politikalar\u0131n\u0131n ana damar\u0131 bellidir ve ayn\u0131d\u0131r. Di\u011ferleri n\u00fcanst\u0131r. Mesela ben e\u015f durumu sorununa insani gerek\u00e7elerle yakla\u015f\u0131r\u0131m. Ba\u015fka bakan ba\u015fka davranabilir. Susuyorum ama benim patlamam da k\u00f6t\u00fc olur. On y\u0131ll\u0131k karde\u015flik hukukumuz var aram\u0131zda. Ayr\u0131ca ben ard\u0131mda b\u0131rakt\u0131\u011f\u0131m makamlara asla bakmam. Bulundu\u011fum durumdan gayet memnunum. &#8220;<\/p>\n<p style=\"text-align: justify;\"><strong>\u00d6\u011fretmen atamalar\u0131 bilan\u00e7osu\u00a0<\/strong><\/p>\n<p style=\"text-align: justify;\">Nimet Ba\u015f, \u00d6mer Din\u00e7er&#8217;in, \u00f6\u011fretmen atamalar\u0131n\u0131 H\u00fcseyin \u00c7elik ve kendi bakanl\u0131\u011f\u0131 d\u00f6nemiyle kar\u015f\u0131la\u015ft\u0131rmas\u0131na tepkiliydi. S\u00f6z\u00fc H\u00fcseyin \u00c7elik d\u00f6neminden ba\u015flatt\u0131. &#8216;Mesela H\u00fcseyin Bey&#8230; Milli E\u011fitim Bakan\u0131 iken defalarca Bakanlar Kurulu&#8217;na \u00f6\u011fretmen atamalar\u0131 konusunu getirmi\u015ftir. Ka\u00e7 kez getirmi\u015ftir. Ben de \u00f6yle&#8230; Ama \u00fclkemizin de ger\u00e7eklikleri var. B\u00fct\u00e7e rakamlar\u0131 var&#8217; dedi ve sonra bakanl\u0131k yapt\u0131\u011f\u0131 s\u00fcrede ka\u00e7 \u00f6\u011fretmen atad\u0131\u011f\u0131na ili\u015fkin rakamlar\u0131 verdi ama &#8216;Bunlar\u0131 yazmay\u0131n&#8217; diye rica etti. San\u0131yorum o da bir mukayese yar\u0131\u015f\u0131na girmek istemedi.<\/p>\n<p style=\"text-align: justify;\">Nimet Han\u0131m T\u00fcrkiye&#8217;nin temel sorunlar\u0131ndan birisinin \u00f6\u011fretmen konusu oldu\u011funu birka\u00e7 kez vurgulad\u0131ktan sonra &#8216;B\u00fct\u00fcn Milli E\u011fitim Bakanlar\u0131, H\u00fcseyin Bey de \u00d6mer Hoca da ne kadar \u00f6\u011fretmen norm a\u00e7\u0131\u011f\u0131 varsa o kadar atama yapmak ister. Ben de istedim. O da benim m\u00fccadele etti\u011fimi bilir. Kendisi o tarihte de bakand\u0131&#8217; dedi.<\/p>\n<p style=\"text-align: justify;\"><strong>4 art\u0131 4 m\u00fc?\u00a0<\/strong><\/p>\n<p style=\"text-align: justify;\">Tam bu noktada Nimet Ba\u015f bir anne ve veli olarak baz\u0131 de\u011ferlendirmelerde de bulundu ama polemik yaratmak istemiyor, onlar\u0131 ge\u00e7iyoruz.<\/p>\n<p style=\"text-align: justify;\">Ancak ben bir \u00f6nceki Milli E\u011fitim Bakan\u0131&#8217;n\u0131 yakalam\u0131\u015fken \u00e7ok g\u00fcncel e\u011fitim konular\u0131ndan birka\u00e7\u0131n\u0131 daha sormadan edemedim.<\/p>\n<p style=\"text-align: justify;\">Kendisiyle bakanl\u0131\u011f\u0131 d\u00f6neminde de ekibimle birlikte s\u0131k s\u0131k bir araya gelirdik. Do\u011frusu uygulama ve yakla\u015f\u0131mlar\u0131 yaz\u0131 i\u015fleri ekibimizi etkilemi\u015fti. Bakan&#8217;a \u015funu sordum:<\/p>\n<p style=\"text-align: justify;\"><strong>Sizce 4 art\u0131 4 art\u0131 4 uygulamas\u0131 do\u011fru, makul ve yerinde mi?<\/strong><\/p>\n<p style=\"text-align: justify;\">Bir s\u00fcre sustu. &#8216;\u00c7ok kapsaml\u0131 tart\u0131\u015f\u0131lmad\u0131&#8217; dedi. &#8216;Hemen bana paslan\u0131yor&#8217; ifadesiyle 4 art\u0131 4 art\u0131 4 karar\u0131n\u0131n al\u0131nd\u0131\u011f\u0131 Milli E\u011fitim \u015euras\u0131&#8217;na s\u00f6z\u00fc getirerek \u015fu de\u011ferlendirmeyi yapt\u0131:<\/p>\n<p style=\"text-align: justify;\">(Milli E\u011fitim Bakan\u0131 \u00d6mer Din\u00e7er bana yapt\u0131\u011f\u0131 a\u00e7\u0131klamada \u00c7ubuk\u00e7u d\u00f6nemindeki Milli E\u011fitim \u015euras\u0131&#8217;nda bu karar\u0131n al\u0131nd\u0131\u011f\u0131n\u0131 s\u00f6ylemi\u015fti.)<\/p>\n<p style=\"text-align: justify;\">&#8216;Milli E\u011fitim \u015euralar\u0131nda say\u0131s\u0131z kararlar al\u0131n\u0131r. \u00c7\u00fcnk\u00fc oras\u0131 e\u011fitim camias\u0131n\u0131n t\u00fcm akt\u00f6rlerinin bir araya geldi\u011fi ortamd\u0131r. Bire bir milli e\u011fitim politikalar\u0131yla da paralel de\u011fildir. \u015eura kararlar\u0131 emir niteli\u011finde de de\u011fildir. Bir y\u00f6n ve vizyon belirlemeye \u00e7al\u0131\u015f\u0131r.&#8217;<\/p>\n<p style=\"text-align: justify;\">Sorumu yineledim. Peki sizce do\u011fru mu? Bakan &#8216;4 art\u0131 4, e\u011fitimin yeniden yap\u0131land\u0131r\u0131lmas\u0131, ba\u015fta yabanc\u0131 dil e\u011fitiminin d\u00fczenlenmesi olmak \u00fczere faydal\u0131d\u0131r. Hangi a\u015famada hangi tarihlerde nas\u0131l bir ge\u00e7i\u015f d\u00f6nemiyle ve nas\u0131l uygulanaca\u011f\u0131 konusu tart\u0131\u015f\u0131l\u0131r. Ama 4 art\u0131 4&#8217;\u00fcn kendisi faydal\u0131d\u0131r. Bu tart\u0131\u015fma d\u0131\u015f\u0131, bunu cumartesi g\u00fcn\u00fc televizyonda da s\u00f6yledim&#8217; dedi. Burada araya girdim ve Bakan&#8217;a &#8216;Siz 4 art\u0131 4 diyorsunuz. 4 art\u0131 4 art\u0131 4 de\u011fil mi, bir fark m\u0131 var?&#8217; diye sordum. Birka\u00e7 saniye sessiz kald\u0131 ve &#8216;K\u0131saltma olsun diye&#8217; yan\u0131t\u0131n\u0131 verdi.<\/p>\n<p style=\"text-align: justify;\"><strong>66 ay konusuna girmem\u00a0<\/strong><\/p>\n<p style=\"text-align: justify;\"><strong>Birka\u00e7 detay daha sormaya \u00e7al\u0131\u015ft\u0131m.<\/strong><\/p>\n<p style=\"text-align: justify;\">E\u011fitim sistemimizin aksakl\u0131klar\u0131n\u0131 tart\u0131\u015fmam\u0131z gerekiyor bu hepimizin gelece\u011fi. G\u00fcndelik politikayla ilgili de de\u011fil. Bu y\u00f6ndeki birka\u00e7 soruma kar\u015f\u0131l\u0131k bence \u00e7ok \u00e7arp\u0131c\u0131 de\u011ferlendirmeleri oldu:<\/p>\n<p style=\"text-align: justify;\">&#8216;\u015eu anki e\u011fitim sistemimizin savunulur taraf\u0131 yok. Bu, ge\u00e7mi\u015f 50-60 y\u0131l\u0131n meselesi. Uluslararas\u0131 b\u00fct\u00fcn s\u0131navlara bakal\u0131m. T\u00fcrkiye&#8217;nin ald\u0131\u011f\u0131 sonu\u00e7lar e\u011fitimde nerede oldu\u011fumuzu g\u00f6sterir. Bir yap\u0131land\u0131rman\u0131n \u015fart oldu\u011fu ortada. Ama ben g\u00fcndelik polemiklere girmek istemem. Meseleye b\u00fcy\u00fck pencereden bakar\u0131m. Cemil \u00c7i\u00e7ek Bey&#8217;in tabiriyle, dolmu\u015fa binmem.&#8217;<\/p>\n<p style=\"text-align: justify;\">Tam art\u0131k telefonlar\u0131 kapatmak \u00fczereydik. 66 ayl\u0131k \u00e7ocuklar meselesini de son olarak sordum. &#8216;Ben o konuya hi\u00e7 girmem&#8217; diyerek son s\u00f6z\u00fcn\u00fc s\u00f6yledi.<\/p>\n<p style=\"text-align: justify;\">Pazar g\u00fcn\u00fc e\u011fitimle ilgili bir yaz\u0131 kaleme alm\u0131\u015ft\u0131m. Sistemdeki belirsizli\u011fin getirdi\u011fi endi\u015feleri ve kamuoyundaki soru i\u015faretlerini g\u00fcndeme getirmeye \u00e7al\u0131\u015fm\u0131\u015ft\u0131m. Bunun \u00fczerine Milli E\u011fitim Bakan\u0131 aram\u0131\u015f ve d\u00fcnk\u00fc \u00e7ok detayl\u0131 a\u00e7\u0131klamalar\u0131 yapm\u0131\u015ft\u0131. Bug\u00fcn de \u00f6nceki Milli E\u011fitim Bakan\u0131&#8217;yla yapt\u0131\u011f\u0131m g\u00f6r\u00fc\u015fmeyi yay\u0131nl\u0131yoruz. Okullar\u0131n a\u00e7\u0131lmas\u0131na \u00e7ok az bir zaman kald\u0131. G\u00fcndem e\u011fitim. Biz de AK\u015eAM olarak konunun en yak\u0131n takip\u00e7isi olaca\u011f\u0131z.<\/p>\n<p style=\"text-align: justify;\">\u00d6mer Din\u00e7er d\u00fcn de CNNT\u00fcrk&#8217;te &#8216;H\u00fcseyin \u00c7elik ve Nimet \u00c7ubuk\u00e7u benim bildiklerimi bilselerdi b\u00f6yle davranmazlard\u0131. \u015eartlar \u00e7ok de\u011fi\u015fiyor&#8217; dedi.<\/p>\n<p style=\"text-align: justify;\">S\u00fcrekli sistem de\u011fi\u015fikli\u011fine gidildi\u011fi i\u00e7in bu tart\u0131\u015fmalar\u0131n yap\u0131lmas\u0131 da do\u011fal. \u015eahsen hi\u00e7bir \u015fekilde bunlar\u0131 ki\u015fisel polemikler gibi de g\u00f6rm\u00fcyorum. On y\u0131ll\u0131k AK Parti iktidar\u0131nda milli e\u011fitim bakanl\u0131\u011f\u0131 yapm\u0131\u015f isimlerin bu konularda konu\u015fmas\u0131n\u0131n da \u00fclkeye katk\u0131s\u0131 olaca\u011f\u0131 gibi mutlak bir sorumluluk oldu\u011funa inan\u0131yorum.<\/p>\n<p style=\"text-align: justify;\"><a href=\"http:\/\/www.cnnturk.com\/2012\/guncel\/09\/04\/ak.partide.bas.dincer.gerilimi\/675341.0\/index.html\" target=\"_blank\">Kaynak : CNN T\u00dcRK\u00a0<\/a><\/p>\n","protected":false},"excerpt":{"rendered":"<p style=\"text-align: center;\">\n<p style=\"text-align: justify;\">Milli E\u011fitim eski Bakan\u0131 Nimet Ba\u015f&#8217;tan (\u00c7ubuk\u00e7u) &#8220;Onun d\u00f6neminde ihtiya\u00e7 duydu\u011fumuz \u00f6\u011fretmenlerin ancak y\u00fczde 50&#8217;sini alabiliyorduk&#8221; diyen Milli E\u011fitim Bakan\u0131 \u00d6mer Din\u00e7er&#8217;e sert yan\u0131t geldi. &#8220;Ne gerek var b\u00f6yle mukayeselere. AK Parti&#8217;nin b\u00fct\u00fcn bakanlar\u0131nda e\u011fitim politikalar\u0131n\u0131n ana damar\u0131 ayn\u0131d\u0131r. Di\u011ferleri n\u00fcanst\u0131r&#8221; diyen \u00c7ubuk\u00e7u, &#8220;Ben e\u015f durumu sorununa insani gerek\u00e7elerle yakla\u015f\u0131r\u0131m. <\/p>\n","protected":false},"author":1,"featured_media":0,"comment_status":"open","ping_status":"open","sticky":false,"template":"","format":"standard","meta":{"footnotes":""},"categories":[105],"tags":[],"class_list":["post-54969","post","type-post","status-publish","format-standard","hentry","category-gundem","odd"],"_links":{"self":[{"href":"http:\/\/www.korhanyilmaz.com\/index.php?rest_route=\/wp\/v2\/posts\/54969","targetHints":{"allow":["GET"]}}],"collection":[{"href":"http:\/\/www.korhanyilmaz.com\/index.php?rest_route=\/wp\/v2\/posts"}],"about":[{"href":"http:\/\/www.korhanyilmaz.com\/index.php?rest_route=\/wp\/v2\/types\/post"}],"author":[{"embeddable":true,"href":"http:\/\/www.korhanyilmaz.com\/index.php?rest_route=\/wp\/v2\/users\/1"}],"replies":[{"embeddable":true,"href":"http:\/\/www.korhanyilmaz.com\/index.php?rest_route=%2Fwp%2Fv2%2Fcomments&post=54969"}],"version-history":[{"count":0,"href":"http:\/\/www.korhanyilmaz.com\/index.php?rest_route=\/wp\/v2\/posts\/54969\/revisions"}],"wp:attachment":[{"href":"http:\/\/www.korhanyilmaz.com\/index.php?rest_route=%2Fwp%2Fv2%2Fmedia&parent=54969"}],"wp:term":[{"taxonomy":"category","embeddable":true,"href":"http:\/\/www.korhanyilmaz.com\/index.php?rest_route=%2Fwp%2Fv2%2Fcategories&post=54969"},{"taxonomy":"post_tag","embeddable":true,"href":"http:\/\/www.korhanyilmaz.com\/index.php?rest_route=%2Fwp%2Fv2%2Ftags&post=54969"}],"curies":[{"name":"wp","href":"https:\/\/api.w.org\/{rel}","templated":true}]}}