{"id":54965,"date":"2012-09-04T11:21:03","date_gmt":"2012-09-04T08:21:03","guid":{"rendered":"http:\/\/www.korhanyilmaz.com\/?p=54965"},"modified":"2012-09-04T15:02:02","modified_gmt":"2012-09-04T12:02:02","slug":"turkiyeye-tehdit-elinizi-keseriz","status":"publish","type":"post","link":"http:\/\/www.korhanyilmaz.com\/?p=54965","title":{"rendered":"T\u00fcrkiye&#8217;ye tehdit: &#8220;Elinizi keseriz&#8221;"},"content":{"rendered":"<p style=\"text-align: justify;\"><a href=\"http:\/\/www.korhanyilmaz.com\/wp-content\/uploads\/2012\/09\/H629.jpg\"  class=\"lightview\"><img loading=\"lazy\" decoding=\"async\" class=\"aligncenter size-full wp-image-54966\" title=\"\" src=\"http:\/\/www.korhanyilmaz.com\/wp-content\/uploads\/2012\/09\/H629.jpg\" alt=\"\" width=\"382\" height=\"294\" \/><\/a><\/p>\n<p style=\"text-align: justify;\">Suriye Enformasyon Bakan\u0131 Zuabi, &#8220;Esad me\u015fruiyetini yitirdi&#8221; diyen Ba\u015fbakan Erdo\u011fan&#8217;a cevap verdi. Zuabi, &#8220;Buna Erdo\u011fan de\u011fil, se\u00e7im sand\u0131klar\u0131 karar verir&#8221; dedi. Enformasyon Bakan\u0131, &#8220;Egemenli\u011fimize uzanan elleri keseriz&#8221; tehdidinde bulundu.<\/p>\n<p style=\"text-align: justify;\">\u015eam&#8217;da bir bas\u0131n toplant\u0131s\u0131 d\u00fczenleyen Suriye Enformasyon Bakan\u0131 Umran Zuabi, T\u00fcrkiye&#8217;nin BM&#8217;ye ta\u015f\u0131d\u0131\u011f\u0131 tampon b\u00f6lge se\u00e7ene\u011fini de\u011ferlendirerek, &#8220;D\u00fcnyan\u0131n hangi k\u00f6\u015fesinden olursa olsun egemenli\u011fimize dokunan olursa o elleri keseriz. Bedelini \u00f6derler&#8221; dedi. Ancak \u00fclke ismi telaffuz etmeyen Suriyeli Bakan, T\u00fcrkiye&#8217;yi a\u011f\u0131r bir dille ele\u015ftirdi ve g\u00fcvenli b\u00f6lge teklifine kap\u0131lar\u0131 tamamen kapatt\u0131.\u00a0<!--more--><\/p>\n<p style=\"text-align: justify;\">Ba\u015fbakan Recep Tayyip Erdo\u011fan&#8217;\u0131n, &#8220;Esad me\u015fruiyetini yitirmi\u015ftir&#8221; s\u00f6zlerine de yan\u0131t veren Umran Zuabi, &#8220;\u015eimdi ben, &#8216;Recep Tayyip Erdo\u011fan T\u00fcrkiye&#8217;de me\u015fruiyetini yitirdi&#8217; desem ne olur? &#8216;Me\u015fruiyetini kaybetmedi, \u00e7\u00fcnk\u00fc me\u015fruiyeti hi\u00e7 olmad\u0131&#8217;. B\u00f6yle s\u00f6ylersem ne anlama gelir? Me\u015fruiyetini kaybetti\u011fi anlam\u0131na gelir mi? Bir liderin ba\u015fkan\u0131n ya da partinin me\u015fruiyetine kim karar verir? Se\u00e7im sand\u0131klar\u0131. Erdo\u011fan ya da bir ba\u015fkas\u0131 Be\u015far Esad&#8217;\u0131n me\u015fruiyetini yitirdi\u011fini ne kadar s\u00f6ylerse s\u00f6ylesin, buna se\u00e7im sand\u0131klar\u0131 karar verir. Bu t\u00fcr konu\u015fmalar sa\u00e7ma&#8221; diye konu\u015ftu.<\/p>\n<p style=\"text-align: justify;\">Suriye Enformasyon Bakan\u0131 Zuabi, Suriyeli m\u00fcltecilere de seslendi ve &#8220;Korkmay\u0131n, geri d\u00f6n\u00fcn. Herhangi bir izne ya da onaya ihtiya\u00e7lar\u0131 yok, onlar Suriye vatanda\u015f\u0131 ve haklar\u0131 var. \u0130stedikleri zaman evlerine ailelerine geri d\u00f6nerler. Her kim ki tutuklanaca\u011f\u0131n\u0131 d\u00fc\u015f\u00fcn\u00fcyorsa, size bir \u015fey olmayaca\u011f\u0131na garanti veririm&#8221; iddias\u0131nda bulundu.<\/p>\n<p style=\"text-align: justify;\">Bat\u0131 ise, kom\u015fu \u00fclkelere s\u0131\u011f\u0131nan m\u00fcltecilere yard\u0131mlar\u0131n\u0131 art\u0131rma niyetinde. BM toplant\u0131s\u0131nda ek yard\u0131m a\u00e7\u0131klayan \u0130ngiltere D\u0131\u015fi\u015fleri Bakan\u0131 William Hague, &#8220;BM&#8217;nin 180 milyon dolarl\u0131k yard\u0131m plan\u0131nda hen\u00fcz yolun yar\u0131s\u0131nday\u0131z&#8221; dedi ve yard\u0131m \u00e7a\u011fr\u0131s\u0131 yapt\u0131.<\/p>\n<p style=\"text-align: justify;\">Fransa&#8217;dan ise Esad y\u00f6netimine kimyasal silah uyar\u0131s\u0131 var. Fransa D\u0131\u015fi\u015fleri Bakan\u0131 Laurent Fabius, &#8220;Rejim kimyasal ve biyolojik silah kullan\u0131rsa, cevab\u0131m\u0131z sert olur&#8221; dedi.<\/p>\n<p style=\"text-align: justify;\"><a href=\"http:\/\/www.cnnturk.com\/2012\/dunya\/09\/04\/turkiyeye.tehdit.elinizi.keseriz\/675364.0\/index.html\" target=\"_blank\">Kaynak : CNN T\u00dcRK<\/a><\/p>\n","protected":false},"excerpt":{"rendered":"<p style=\"text-align: justify;\">\n<p style=\"text-align: justify;\">Suriye Enformasyon Bakan\u0131 Zuabi, &#8220;Esad me\u015fruiyetini yitirdi&#8221; diyen Ba\u015fbakan Erdo\u011fan&#8217;a cevap verdi. Zuabi, &#8220;Buna Erdo\u011fan de\u011fil, se\u00e7im sand\u0131klar\u0131 karar verir&#8221; dedi. Enformasyon Bakan\u0131, &#8220;Egemenli\u011fimize uzanan elleri keseriz&#8221; tehdidinde bulundu.<\/p>\n<p style=\"text-align: justify;\">\u015eam&#8217;da bir bas\u0131n toplant\u0131s\u0131 d\u00fczenleyen Suriye Enformasyon Bakan\u0131 Umran Zuabi, T\u00fcrkiye&#8217;nin BM&#8217;ye ta\u015f\u0131d\u0131\u011f\u0131 tampon b\u00f6lge se\u00e7ene\u011fini de\u011ferlendirerek, &#8220;D\u00fcnyan\u0131n hangi <\/p>\n","protected":false},"author":1,"featured_media":0,"comment_status":"open","ping_status":"open","sticky":false,"template":"","format":"standard","meta":{"footnotes":""},"categories":[105],"tags":[],"class_list":["post-54965","post","type-post","status-publish","format-standard","hentry","category-gundem","odd"],"_links":{"self":[{"href":"http:\/\/www.korhanyilmaz.com\/index.php?rest_route=\/wp\/v2\/posts\/54965","targetHints":{"allow":["GET"]}}],"collection":[{"href":"http:\/\/www.korhanyilmaz.com\/index.php?rest_route=\/wp\/v2\/posts"}],"about":[{"href":"http:\/\/www.korhanyilmaz.com\/index.php?rest_route=\/wp\/v2\/types\/post"}],"author":[{"embeddable":true,"href":"http:\/\/www.korhanyilmaz.com\/index.php?rest_route=\/wp\/v2\/users\/1"}],"replies":[{"embeddable":true,"href":"http:\/\/www.korhanyilmaz.com\/index.php?rest_route=%2Fwp%2Fv2%2Fcomments&post=54965"}],"version-history":[{"count":0,"href":"http:\/\/www.korhanyilmaz.com\/index.php?rest_route=\/wp\/v2\/posts\/54965\/revisions"}],"wp:attachment":[{"href":"http:\/\/www.korhanyilmaz.com\/index.php?rest_route=%2Fwp%2Fv2%2Fmedia&parent=54965"}],"wp:term":[{"taxonomy":"category","embeddable":true,"href":"http:\/\/www.korhanyilmaz.com\/index.php?rest_route=%2Fwp%2Fv2%2Fcategories&post=54965"},{"taxonomy":"post_tag","embeddable":true,"href":"http:\/\/www.korhanyilmaz.com\/index.php?rest_route=%2Fwp%2Fv2%2Ftags&post=54965"}],"curies":[{"name":"wp","href":"https:\/\/api.w.org\/{rel}","templated":true}]}}