{"id":54957,"date":"2012-09-04T01:47:51","date_gmt":"2012-09-03T22:47:51","guid":{"rendered":"http:\/\/www.korhanyilmaz.com\/?p=54957"},"modified":"2012-09-04T12:10:15","modified_gmt":"2012-09-04T09:10:15","slug":"bir-babanin-en-aci-ani","status":"publish","type":"post","link":"http:\/\/www.korhanyilmaz.com\/?p=54957","title":{"rendered":"Bir baban\u0131n en ac\u0131 an\u0131"},"content":{"rendered":"<p style=\"text-align: center;\"><a href=\"http:\/\/www.korhanyilmaz.com\/wp-content\/uploads\/2012\/09\/H627.jpg\"  class=\"lightview\"><img loading=\"lazy\" decoding=\"async\" class=\"aligncenter  wp-image-54958\" src=\"http:\/\/www.korhanyilmaz.com\/wp-content\/uploads\/2012\/09\/H627.jpg\" alt=\"\" width=\"396\" height=\"180\" \/><\/a><\/p>\n<p style=\"text-align: justify;\">\u00d6zel izinle cenazeye kat\u0131lan Ergenekon san\u0131\u011f\u0131 D\u00f6nmez, o\u011flunu kendi elleriyle mezara koydu, sonra da bay\u0131ld\u0131.<\/p>\n<p style=\"text-align: justify;\">\u00d6zel izin verilen Ergenekon Davas\u0131&#8217;n\u0131n tutuklu san\u0131klar\u0131ndan Yarbay Mustafa D\u00f6nmez, Bo\u011fazi\u00e7i \u00dcniversitesi \u0130n\u015faat M\u00fchendisli\u011fi 2&#8217;nci s\u0131n\u0131f \u00f6\u011frencisi olan, Azerbaycan&#8217;\u0131n ba\u015fkenti Bak\u00fc&#8217;de yolun kar\u015f\u0131s\u0131na ge\u00e7mek isterken h\u0131zla gelen arac\u0131n alt\u0131nda kalarak ya\u015fam\u0131n\u0131 yitiren o\u011flu Alp Kaan D\u00f6nmez&#8217;in Band\u0131rma&#8217;da ikindi namaz\u0131n\u0131n ard\u0131ndan k\u0131l\u0131nan cenaze namaz\u0131na yeti\u015femedi. \u0130stanbul&#8217;dan feribotla gelen Mustafa D\u00f6nmez&#8217;in iste\u011fi \u00fczerine, o\u011flunun Band\u0131rma \u0130l\u00e7e Mezarl\u0131\u011f\u0131&#8217;na getirilen cenazesi topra\u011fa verilmeyip bekletildi.\u00a0<!--more--><\/p>\n<p style=\"text-align: justify;\">Alp Kaan D\u00f6nmez&#8217;in cenazesi, bug\u00fcn \u00f6\u011fle saatlerinde anneannesi Altay Sabah&#8217;\u0131n ya\u015fad\u0131\u011f\u0131 Band\u0131rma&#8217;ya getirildi. Talihsiz gen\u00e7 i\u00e7in ikindi namaz\u0131n\u0131n ard\u0131ndan Haydar \u00c7avu\u015f Camii&#8217;nde cenaze t\u00f6reni d\u00fczenlendi. Cenaze t\u00f6renine, Alp Kaan D\u00f6nmez&#8217;in ablas\u0131 Nazan D\u00f6nmez, anneannesi Altay Sabah, okul arkada\u015flar\u0131, sevenleri, \u00f6\u011fretmenlerinin de aralar\u0131nda bulundu\u011fu yakla\u015f\u0131k 500 ki\u015fi kat\u0131ld\u0131. Babas\u0131ndan bo\u015fanan annesi \u015eebnem Karag\u00f6z&#8217;\u00fcn gelmedi\u011fi cenaze t\u00f6renine, 1985 Devresi Sosyal Yard\u0131mla\u015fma ve Dayan\u0131\u015fma Derne\u011fi, Atat\u00fcrk\u00e7\u00fc D\u00fc\u015f\u00fcnce Derne\u011fi, Bo\u011fazi\u00e7i \u00dcniversitesi M\u00fchendislik Fak\u00fcltesi Dekanl\u0131\u011f\u0131, Bo\u011fazi\u00e7i \u00dcniversitesi \u0130n\u015faat M\u00fchendisleri B\u00f6l\u00fcm\u00fc, Bo\u011fazi\u00e7i \u00dcniversitesi Rekt\u00f6rl\u00fc\u011f\u00fc, Nevzat Ayazbeyo\u011flu \u0130lk\u00f6\u011fretim Okulu da \u00e7elenk g\u00f6nderdi.<\/p>\n<p style=\"text-align: justify;\">Cenaze t\u00f6reninde, karde\u015finin tabutuna sar\u0131l\u0131p h\u0131\u00e7k\u0131rarak a\u011flayan Nazan D\u00f6nmez, foto\u011fraf\u0131n\u0131n \u00e7ekilmesi g\u00f6r\u00fcnt\u00fcs\u00fcn\u00fcn al\u0131nmas\u0131n\u0131 istemeyip, &#8220;Ac\u0131m\u0131z bize yeter bizi rahat b\u0131rak\u0131n&#8221; dedi. Sinir krizi ge\u00e7iren ac\u0131l\u0131 abla, t\u00f6ren al\u0131n\u0131ndan bir s\u00fcre uzakla\u015ft\u0131r\u0131ld\u0131ktan sonra sakinle\u015fince tekrar getirildi.<\/p>\n<p style=\"text-align: justify;\"><strong>BABASININ \u0130STE\u011e\u0130 \u00dcZER\u0130NE CENAZES\u0130 MEZARDA BEKLET\u0130LD\u0130<\/strong><\/p>\n<p style=\"text-align: justify;\">Alp Kaan D\u00f6nmez&#8217;in cenazesi daha sonra Band\u0131rma \u0130l\u00e7e Mezarl\u0131\u011f\u0131&#8217;na getirildi. Yolda olan baba Yarbay D\u00f6nmez&#8217;in iste\u011fi \u00fczerine cenaze topra\u011fa verilmeyip bekletildi.<\/p>\n<p style=\"text-align: justify;\"><strong>CENAZEY\u0130 MEZARA KEND\u0130 ELLER\u0130YLE KOYDU SONRADA BAYILDI<\/strong><\/p>\n<p style=\"text-align: justify;\">Mustafa D\u00f6nmez, trafik kazas\u0131nda \u00f6l\u00fcm haberini ald\u0131\u011f\u0131 o\u011flunun cenazesine kat\u0131lmak i\u00e7in Band\u0131rma&#8217;ya gecikmeli olarak gitti. D\u00f6nmez yakla\u015f\u0131k 2.5 saat sonra o\u011flunun tabutunun bekletildi\u011fi Band\u0131rma \u0130l\u00e7e Mezarl\u0131\u011f\u0131&#8217;na ula\u015ft\u0131. Kendisini getiren jandarmalara o\u011flunun y\u00fcz\u00fcn\u00fc g\u00f6rd\u00fc\u011f\u00fcne dair belge imzalay\u0131p veren ac\u0131l\u0131 baba, daha sonra tabutu a\u00e7\u0131p o\u011flunu son kez bakt\u0131ktan sonra mezara kendi elleriyle koydu. Bitkin g\u00f6r\u00fclen Yarbay D\u00f6nmez o\u011flunun mezar\u0131 ba\u015f\u0131nda d\u00fc\u015f\u00fcp bay\u0131ld\u0131. Burada bir s\u00fcre sonra kendisine gelen ve sandalyede oturan D\u00f6nmez o\u011flunun kabrine toprak at\u0131p dualar okudu. K\u0131z\u0131 Nazan S\u00f6nmez&#8217;e sar\u0131larak g\u00f6zya\u015f\u0131 d\u00f6ken Mustafa D\u00f6nmez&#8217;e yak\u0131nlar\u0131 ba\u015fsa\u011fl\u0131\u011f\u0131 dilediler.<\/p>\n<p style=\"text-align: justify;\"><a href=\"http:\/\/www.gazeteport.com.tr\/haber\/109657\/bir-babanin-en-aci-ani\" target=\"_blank\">Kaynak : GAZETEPORT<\/a><\/p>\n","protected":false},"excerpt":{"rendered":"<p style=\"text-align: center;\">\n<p style=\"text-align: justify;\">\u00d6zel izinle cenazeye kat\u0131lan Ergenekon san\u0131\u011f\u0131 D\u00f6nmez, o\u011flunu kendi elleriyle mezara koydu, sonra da bay\u0131ld\u0131.<\/p>\n<p style=\"text-align: justify;\">\u00d6zel izin verilen Ergenekon Davas\u0131&#8217;n\u0131n tutuklu san\u0131klar\u0131ndan Yarbay Mustafa D\u00f6nmez, Bo\u011fazi\u00e7i \u00dcniversitesi \u0130n\u015faat M\u00fchendisli\u011fi 2&#8217;nci s\u0131n\u0131f \u00f6\u011frencisi olan, Azerbaycan&#8217;\u0131n ba\u015fkenti Bak\u00fc&#8217;de yolun kar\u015f\u0131s\u0131na ge\u00e7mek isterken h\u0131zla gelen arac\u0131n alt\u0131nda kalarak ya\u015fam\u0131n\u0131 yitiren o\u011flu <\/p>\n","protected":false},"author":1,"featured_media":0,"comment_status":"open","ping_status":"open","sticky":false,"template":"","format":"standard","meta":{"footnotes":""},"categories":[105],"tags":[],"class_list":["post-54957","post","type-post","status-publish","format-standard","hentry","category-gundem","odd"],"_links":{"self":[{"href":"http:\/\/www.korhanyilmaz.com\/index.php?rest_route=\/wp\/v2\/posts\/54957","targetHints":{"allow":["GET"]}}],"collection":[{"href":"http:\/\/www.korhanyilmaz.com\/index.php?rest_route=\/wp\/v2\/posts"}],"about":[{"href":"http:\/\/www.korhanyilmaz.com\/index.php?rest_route=\/wp\/v2\/types\/post"}],"author":[{"embeddable":true,"href":"http:\/\/www.korhanyilmaz.com\/index.php?rest_route=\/wp\/v2\/users\/1"}],"replies":[{"embeddable":true,"href":"http:\/\/www.korhanyilmaz.com\/index.php?rest_route=%2Fwp%2Fv2%2Fcomments&post=54957"}],"version-history":[{"count":0,"href":"http:\/\/www.korhanyilmaz.com\/index.php?rest_route=\/wp\/v2\/posts\/54957\/revisions"}],"wp:attachment":[{"href":"http:\/\/www.korhanyilmaz.com\/index.php?rest_route=%2Fwp%2Fv2%2Fmedia&parent=54957"}],"wp:term":[{"taxonomy":"category","embeddable":true,"href":"http:\/\/www.korhanyilmaz.com\/index.php?rest_route=%2Fwp%2Fv2%2Fcategories&post=54957"},{"taxonomy":"post_tag","embeddable":true,"href":"http:\/\/www.korhanyilmaz.com\/index.php?rest_route=%2Fwp%2Fv2%2Ftags&post=54957"}],"curies":[{"name":"wp","href":"https:\/\/api.w.org\/{rel}","templated":true}]}}