{"id":54950,"date":"2012-09-04T08:12:26","date_gmt":"2012-09-04T05:12:26","guid":{"rendered":"http:\/\/www.korhanyilmaz.com\/?p=54950"},"modified":"2012-09-04T12:05:55","modified_gmt":"2012-09-04T09:05:55","slug":"ardindan-yuz-kopek-havlamayan-kurt-kurt-sayilmaz","status":"publish","type":"post","link":"http:\/\/www.korhanyilmaz.com\/?p=54950","title":{"rendered":"&#8220;Asker ka\u00e7a\u011f\u0131 \u015farlatan, soytar\u0131&#8221;"},"content":{"rendered":"<p style=\"text-align: justify;\"><a href=\"http:\/\/www.korhanyilmaz.com\/wp-content\/uploads\/2012\/09\/H626.jpg\"  class=\"lightview\"><img loading=\"lazy\" decoding=\"async\" class=\"aligncenter size-full wp-image-54951\" title=\"\" src=\"http:\/\/www.korhanyilmaz.com\/wp-content\/uploads\/2012\/09\/H626.jpg\" alt=\"\" width=\"407\" height=\"185\" \/><\/a><\/p>\n<p style=\"text-align: justify;\">Beyaz TV\u2019de aleyhindeki programa \u00e7\u0131k k\u0131zan Osman Pamuko\u011flu yeni bir a\u00e7\u0131klama yaparak, gazeteci Rasim Ozan K\u00fctahyal\u0131 i\u00e7in \u2018\u2019Asker ka\u00e7a\u011f\u0131\u2019\u2019 dedi.<\/p>\n<p style=\"text-align: justify;\">ANKARA &#8211; Hak ve E\u015fitlik Partisi Genel Ba\u015fkan\u0131, emekli T\u00fcmgeneral Osman Pamuko\u011flu, Beyaz TV\u2019de aleyhinde yay\u0131nlanan bir program i\u00e7in 2. kez a\u00e7\u0131klama yapt\u0131. \u0130lk a\u00e7\u0131klamas\u0131nda, programa kat\u0131lan Aste\u011fmen ile gazeteciler Latif \u015eim\u015fek Rasim Ozan K\u00fctahyal\u0131 ve \u00dcmit Zileli i\u00e7in \u2018\u2019Yalakalar, m\u00fcptezeller, beslemeler\u2019\u2019 diyen Pamuko\u011flu, \u015fimdi de \u2018\u2019\u015earlatan ve soytar\u0131lar\u2019\u2019 s\u00f6zc\u00fcklerini kulland\u0131.\u00a0\u00a0<!--more--><\/p>\n<p style=\"text-align: justify;\">Pamuko\u011flu, Rasim Ozan K\u00fctahyal\u0131\u2019n\u0131n \u2018\u2019Asker ka\u00e7a\u011f\u0131\u2019\u2019 oldu\u011funu iddia ederken, \u2018\u2019Bir TV program\u0131nda yan yana getirilmi\u015f m\u00fcptezeller taraf\u0131ndan tam bir \u00e7ad\u0131r tiyatrosu sergilenmi\u015ftir. Programda biri var ki, halen asker ka\u00e7a\u011f\u0131d\u0131r. Terbiyesiz ve \u015farlatanlar\u0131n eline ge\u00e7mi\u015f TV\u2019nin altyaz\u0131lar\u0131na bakan, ne kadar hain ve a\u015fa\u011f\u0131l\u0131k insanlar oldu\u011funu g\u00f6recektir. Her soytar\u0131n\u0131n program\u0131 eninde sonunda biter. Bu hokkabazlar\u0131n yapt\u0131klar\u0131 \u015farlatanl\u0131klar\u0131 PKK bile yapmam\u0131\u015ft\u0131r. <span style=\"text-decoration: underline;\">T\u00fcrk-Mo\u011fol atas\u00f6z\u00fcd\u00fcr. Ard\u0131ndan y\u00fcz k\u00f6pek havlamayan kurt, kurt say\u0131lmaz\u2026 Say\u0131 hen\u00fcz \u00e7ok d\u00fc\u015f\u00fck\u2019\u2019<\/span> dedi.<\/p>\n<p style=\"text-align: justify;\">31 A\u011fustos gecesi Beyaz TV\u2019deki programa kat\u0131lan ve 1994\u2019de Hakkari\u2019de g\u00f6rev yapt\u0131\u011f\u0131n\u0131 belirten Mehmet \u00c7em\u00e7em adl\u0131 Aste\u011fmen, \u2018\u2019Osman Pamuko\u011flu\u2019nun foyas\u0131n\u0131 ortaya \u00e7\u0131karaca\u011f\u0131m, kanunsuz emirler verdi\u2019\u2019 demi\u015f, ancak somut bir olay anlatamam\u0131\u015ft\u0131. Aste\u011fmenin g\u00f6rev s\u00fcresince Pamuko\u011flu ile hi\u00e7 kar\u015f\u0131la\u015fmad\u0131\u011f\u0131 da ortaya \u00e7\u0131k\u0131nca, seyirciden tepki mesajlar\u0131 gelmi\u015fti.<\/p>\n<p style=\"text-align: justify;\"><a href=\"http:\/\/www.gazeteport.com.tr\/haber\/109649\/quotasker-kacagi-sarlatan-soytariquot\" target=\"_blank\">Kaynak : GAZETEPORT<\/a><\/p>\n<p style=\"text-align: justify;\">\n","protected":false},"excerpt":{"rendered":"<p style=\"text-align: justify;\">\n<p style=\"text-align: justify;\">Beyaz TV\u2019de aleyhindeki programa \u00e7\u0131k k\u0131zan Osman Pamuko\u011flu yeni bir a\u00e7\u0131klama yaparak, gazeteci Rasim Ozan K\u00fctahyal\u0131 i\u00e7in \u2018\u2019Asker ka\u00e7a\u011f\u0131\u2019\u2019 dedi.<\/p>\n<p style=\"text-align: justify;\">ANKARA &#8211; Hak ve E\u015fitlik Partisi Genel Ba\u015fkan\u0131, emekli T\u00fcmgeneral Osman Pamuko\u011flu, Beyaz TV\u2019de aleyhinde yay\u0131nlanan bir program i\u00e7in 2. kez a\u00e7\u0131klama yapt\u0131. \u0130lk a\u00e7\u0131klamas\u0131nda, programa kat\u0131lan Aste\u011fmen <\/p>\n","protected":false},"author":1,"featured_media":0,"comment_status":"open","ping_status":"open","sticky":false,"template":"","format":"standard","meta":{"footnotes":""},"categories":[105],"tags":[],"class_list":["post-54950","post","type-post","status-publish","format-standard","hentry","category-gundem","odd"],"_links":{"self":[{"href":"http:\/\/www.korhanyilmaz.com\/index.php?rest_route=\/wp\/v2\/posts\/54950","targetHints":{"allow":["GET"]}}],"collection":[{"href":"http:\/\/www.korhanyilmaz.com\/index.php?rest_route=\/wp\/v2\/posts"}],"about":[{"href":"http:\/\/www.korhanyilmaz.com\/index.php?rest_route=\/wp\/v2\/types\/post"}],"author":[{"embeddable":true,"href":"http:\/\/www.korhanyilmaz.com\/index.php?rest_route=\/wp\/v2\/users\/1"}],"replies":[{"embeddable":true,"href":"http:\/\/www.korhanyilmaz.com\/index.php?rest_route=%2Fwp%2Fv2%2Fcomments&post=54950"}],"version-history":[{"count":0,"href":"http:\/\/www.korhanyilmaz.com\/index.php?rest_route=\/wp\/v2\/posts\/54950\/revisions"}],"wp:attachment":[{"href":"http:\/\/www.korhanyilmaz.com\/index.php?rest_route=%2Fwp%2Fv2%2Fmedia&parent=54950"}],"wp:term":[{"taxonomy":"category","embeddable":true,"href":"http:\/\/www.korhanyilmaz.com\/index.php?rest_route=%2Fwp%2Fv2%2Fcategories&post=54950"},{"taxonomy":"post_tag","embeddable":true,"href":"http:\/\/www.korhanyilmaz.com\/index.php?rest_route=%2Fwp%2Fv2%2Ftags&post=54950"}],"curies":[{"name":"wp","href":"https:\/\/api.w.org\/{rel}","templated":true}]}}