{"id":5494,"date":"2009-03-14T12:20:40","date_gmt":"2009-03-14T10:20:40","guid":{"rendered":"http:\/\/www.korhanyilmaz.com\/?p=5494"},"modified":"2009-03-14T12:20:40","modified_gmt":"2009-03-14T10:20:40","slug":"20-onceki-bir-grevden","status":"publish","type":"post","link":"http:\/\/www.korhanyilmaz.com\/?p=5494","title":{"rendered":"20 y\u0131l \u00f6ncenin grev g\u00f6zc\u00fcs\u00fc Erdo\u011fan"},"content":{"rendered":"<p style=\"text-align: center;\"><a href=\"http:\/\/www.korhanyilmaz.com\/wp-content\/uploads\/2009\/03\/20-yil-once.jpg\"  class=\"lightview\"><img loading=\"lazy\" decoding=\"async\" class=\"aligncenter size-full wp-image-5501\" src=\"http:\/\/www.korhanyilmaz.com\/wp-content\/uploads\/2009\/03\/284687.jpg\" alt=\"\" width=\"375\" height=\"271\" \/><\/a><\/p>\n<p style=\"text-align: justify;\"><strong>\u0130\u015f\u00e7ilerin 1 May\u0131s&#8217;\u0131 Taksim&#8217;de kutlamak istemesine tepkisini &#8220;Ayaklar\u0131n ba\u015f\u0131 y\u00f6netti\u011fi yerde k\u0131yamet kopar&#8221; s\u00f6zleriyle a\u00e7\u0131klayan Ba\u015fbakan Tayyip Erdo\u011fan, 20 y\u0131l \u00f6nce grev yapan i\u015f\u00e7ilere grev g\u00f6zc\u00fcs\u00fc \u00f6nl\u00fc\u011f\u00fc giyerek destek vermi\u015f.<\/strong><\/p>\n<p style=\"text-align: justify;\">Ba\u015fbakan Recep Tayyip Erdo\u011fan, 1988&#8217;de Refah Partisi \u0130stanbul \u0130l Ba\u015fkan\u0131 iken Darphane i\u015f\u00e7ilerinin grevine destek vermek i\u00e7in gitmi\u015f ve &#8220;Zulme son verene kadar hakl\u0131 ve kararl\u0131 m\u00fccadelelerin yan\u0131nda olmay\u0131 inanc\u0131m\u0131z gere\u011fi g\u00f6rev telakki ederiz&#8221; demi\u015fti.<\/p>\n<p style=\"text-align: justify;\">1988 y\u0131l\u0131nda Bas\u0131n-\u0130\u015f Sendikas\u0131na ba\u011fl\u0131 Darphane i\u015f\u00e7ilerinin grevinin 27&#8217;nci g\u00fcn\u00fcnde Refah Partisi \u0130stanbul \u0130l Ba\u015fkan\u0131 olarak ziyaret eden Tayyip Erdo\u011fan i\u015f\u00e7ilere destek i\u00e7in &#8220;grev g\u00f6zc\u00fcs\u00fc&#8221; \u00f6nl\u00fc\u011f\u00fcn\u00fc \u00fczerine giyerek foto\u011fraf \u00e7ektirmi\u015fti.<!--more--><\/p>\n<p style=\"text-align: justify;\">Erdo\u011fan, i\u015f\u00e7ileri ziyareti s\u0131ras\u0131nda yapt\u0131\u011f\u0131 a\u00e7\u0131klamada &#8220;\u00dclkemizde \u00f6zellikle 1980 sonras\u0131 h\u00fck\u00fcmetler i\u015f\u00e7i haklar\u0131na insan onuruna yak\u0131\u015fmayacak \u015fekilde ilgisiz kalmaktad\u0131r. Al\u0131n teri kutsall\u0131\u011f\u0131n\u0131 yitirmi\u015ftir. \u00dclkemizde i\u015f\u00e7ilerimiz kira \u00fccretlerini dahi \u00f6deyemeyecek zorluklar i\u00e7erisindedir. Bu zulme son verene kadar hakl\u0131 ve kararl\u0131 m\u00fccadelelerin yan\u0131nda olmay\u0131 inanc\u0131m\u0131z gere\u011fi g\u00f6rev telakki ederiz&#8221; demi\u015fti.<\/p>\n<p style=\"text-align: justify;\"><strong>BA\u015eBAKANIN \u2018AYAKLAR&#8217; S\u00d6Z\u00dc B\u0130Z\u0130 \u00dcZD\u00dc<\/strong><\/p>\n<p style=\"text-align: justify;\">Foto\u011fraf karesinde yer alan isimlerden biri olan Gazeteci Hasan Tufan, Ba\u015fbakan Erdo\u011fan&#8217;\u0131n bug\u00fcn i\u015f\u00e7ilere ve eme\u011fe bak\u0131\u015f\u0131n\u0131n kendisini \u015fa\u015f\u0131rtt\u0131\u011f\u0131n\u0131 s\u00f6yl\u00fcyor.<\/p>\n<p style=\"text-align: justify;\">D\u00f6nemin Bas\u0131n \u0130\u015f Sendikas\u0131 \u0130stanbul \u015eube Ba\u015fkan\u0131 olan Hasan Tufan ise, &#8220;Grev yerine gitmeden \u00f6nce Erdo\u011fan&#8217;la \u00e7al\u0131\u015fma hayat\u0131 \u00fczerine sendika merkezinde uzun uzun sohbet etmi\u015ftik. Kendisi grev yerine gelerek emek\u00e7iden yana tav\u0131r g\u00f6stermi\u015fti. 20 y\u0131l \u00f6nce grev \u00f6nl\u00fc\u011f\u00fcn\u00fc \u00fcst\u00fcne giyen bir siyaset\u00e7inin 20 y\u0131l sonra b\u00f6yle a\u00e7\u0131klamalar yapmas\u0131 bizleri \u00fczd\u00fc. Ke\u015fke Ba\u015fbakan 1 May\u0131s&#8217;ta Taksim&#8217;de hak arayacak i\u015f\u00e7ilere \u2018ayak&#8217; demeseydi. T\u00fcrk siyasi tarihi bunu not d\u00fc\u015fecektir&#8221; diye konu\u015ftu.<\/p>\n<p style=\"text-align: justify;\">Kaynak : <a href=\"http:\/\/arsiv.ntvmsnbc.com\/news\/444620.asp\" target=\"_blank\">ntvmsnbc<\/a><\/p>\n","protected":false},"excerpt":{"rendered":"<p style=\"text-align: center;\">\n<p style=\"text-align: justify;\">\u0130\u015f\u00e7ilerin 1 May\u0131s&#8217;\u0131 Taksim&#8217;de kutlamak istemesine tepkisini &#8220;Ayaklar\u0131n ba\u015f\u0131 y\u00f6netti\u011fi yerde k\u0131yamet kopar&#8221; s\u00f6zleriyle a\u00e7\u0131klayan Ba\u015fbakan Tayyip Erdo\u011fan, 20 y\u0131l \u00f6nce grev yapan i\u015f\u00e7ilere grev g\u00f6zc\u00fcs\u00fc \u00f6nl\u00fc\u011f\u00fc giyerek destek vermi\u015f.<\/p>\n<p style=\"text-align: justify;\">Ba\u015fbakan Recep Tayyip Erdo\u011fan, 1988&#8217;de Refah Partisi \u0130stanbul \u0130l Ba\u015fkan\u0131 iken Darphane i\u015f\u00e7ilerinin grevine destek vermek i\u00e7in gitmi\u015f <\/p>\n","protected":false},"author":1,"featured_media":0,"comment_status":"open","ping_status":"closed","sticky":false,"template":"","format":"standard","meta":{"footnotes":""},"categories":[7],"tags":[],"class_list":["post-5494","post","type-post","status-publish","format-standard","hentry","category-ekonomi","odd"],"_links":{"self":[{"href":"http:\/\/www.korhanyilmaz.com\/index.php?rest_route=\/wp\/v2\/posts\/5494","targetHints":{"allow":["GET"]}}],"collection":[{"href":"http:\/\/www.korhanyilmaz.com\/index.php?rest_route=\/wp\/v2\/posts"}],"about":[{"href":"http:\/\/www.korhanyilmaz.com\/index.php?rest_route=\/wp\/v2\/types\/post"}],"author":[{"embeddable":true,"href":"http:\/\/www.korhanyilmaz.com\/index.php?rest_route=\/wp\/v2\/users\/1"}],"replies":[{"embeddable":true,"href":"http:\/\/www.korhanyilmaz.com\/index.php?rest_route=%2Fwp%2Fv2%2Fcomments&post=5494"}],"version-history":[{"count":0,"href":"http:\/\/www.korhanyilmaz.com\/index.php?rest_route=\/wp\/v2\/posts\/5494\/revisions"}],"wp:attachment":[{"href":"http:\/\/www.korhanyilmaz.com\/index.php?rest_route=%2Fwp%2Fv2%2Fmedia&parent=5494"}],"wp:term":[{"taxonomy":"category","embeddable":true,"href":"http:\/\/www.korhanyilmaz.com\/index.php?rest_route=%2Fwp%2Fv2%2Fcategories&post=5494"},{"taxonomy":"post_tag","embeddable":true,"href":"http:\/\/www.korhanyilmaz.com\/index.php?rest_route=%2Fwp%2Fv2%2Ftags&post=5494"}],"curies":[{"name":"wp","href":"https:\/\/api.w.org\/{rel}","templated":true}]}}