{"id":54937,"date":"2012-09-03T17:11:08","date_gmt":"2012-09-03T14:11:08","guid":{"rendered":"http:\/\/www.korhanyilmaz.com\/?p=54937"},"modified":"2012-09-04T07:33:03","modified_gmt":"2012-09-04T04:33:03","slug":"tskya-pusu-kurulmustur","status":"publish","type":"post","link":"http:\/\/www.korhanyilmaz.com\/?p=54937","title":{"rendered":"&#8216;TSK&#8217;ya pusu kurulmu\u015ftur!&#8217;"},"content":{"rendered":"<p style=\"text-align: justify;\"><a href=\"http:\/\/www.korhanyilmaz.com\/wp-content\/uploads\/2012\/09\/H624.jpg\"  class=\"lightview\"><img loading=\"lazy\" decoding=\"async\" class=\"aligncenter size-full wp-image-54939\" title=\"\" src=\"http:\/\/www.korhanyilmaz.com\/wp-content\/uploads\/2012\/09\/H624.jpg\" alt=\"\" width=\"333\" height=\"200\" \/><\/a><\/p>\n<p style=\"text-align: justify;\"><strong>CHP&#8217;li Hamza\u00e7ebi&#8217;den sert a\u00e7\u0131klama<\/strong><\/p>\n<p style=\"text-align: justify;\">ERGENEKON ve Balyoz davalar\u0131na izleyici olarak kat\u0131lan CHP Grup Ba\u015fkanvekili Mehmet Akif Hamza\u00e7ebi, &#8220;Bug\u00fcn Silivri\u2019de T\u00fcrkiye Cumhuriyeti\u2019ne, adalete, hukuk sistemine ve TSK\u2019ya pusu kurulmu\u015ftur. Bu pusuyu haz\u0131rlayanlar kendileri bu oyunun i\u00e7ine d\u00fc\u015fecektir&#8221; dedi.<\/p>\n<p style=\"text-align: justify;\">Mehmet Akif Hamza\u00e7ebi, milletvekilleri Ali \u00d6zg\u00fcnd\u00fcz, Celal Din\u00e7er, Mevl\u00fct Aslano\u011flu ve Mahmut Tanal ile birlikte Silivri Cezaevi \u00f6n\u00fcnde bas\u0131n a\u00e7\u0131klama yapt\u0131.<!--more--><\/p>\n<p style=\"text-align: justify;\">Silivri\u2019de g\u00f6r\u00fclen davalarda masumiyet karinesinin ve adil yarg\u0131lanma hakk\u0131n\u0131n hi\u00e7e say\u0131ld\u0131\u011f\u0131n\u0131 belirten Hamza\u00e7ebi, &#8220;Bu davalar, insanlar\u0131m\u0131z\u0131n, T\u00fcrk insan\u0131n\u0131n, T\u00fcrkiye Cumhuriyeti demokrasisinin temeline dinamit koymu\u015f olan davalard\u0131r. Adil yarg\u0131lanma hakk\u0131n\u0131n ihlal edildi\u011fi davalard\u0131r. Umar\u0131m yarg\u0131\u00e7lar a, vicdanlar\u0131na ve hukuka g\u00f6re karar versinler. Aksi halde bu davalar milletten ve tarihten geri d\u00f6necektir. Bu davalar\u0131 a\u00e7anlar tarih \u00f6n\u00fcnde sorumlu olacakt\u0131r&#8221; diye konu\u015ftu.<\/p>\n<p style=\"text-align: justify;\"><strong>&#8220;MASUM\u0130YET KAR\u0130NES\u0130, AYAKLAR ALTINA ALINMI\u015eTIR&#8221;\u00a0<\/strong><\/p>\n<p style=\"text-align: justify;\">Hukuk devletinde yarg\u0131\u00e7lar\u0131n adalet da\u011f\u0131tmak i\u00e7in var oldu\u011funu, Silivri\u2019de hukukun ayaklar alt\u0131na al\u0131nd\u0131\u011f\u0131n\u0131 belirten Hamza\u00e7ebi, \u015funlar\u0131 s\u00f6yledi:<\/p>\n<p style=\"text-align: justify;\">&#8220;T\u00fcrkiye\u2019nin de taraf oldu\u011fu uluslararas\u0131 hukuk ve evrensel insan haklar\u0131 s\u00f6zle\u015fmesinin \u00e7ok temel bir kurumu olan masumiyet karinesi ve adil yarg\u0131lanma hakk\u0131 burada yarg\u0131\u00e7lar eliyle ihlal edilmektedir. Masumiyet karinesi, adil yarg\u0131lanma hakk\u0131 Silivri mahkemelerinde ayaklar alt\u0131na al\u0131nm\u0131\u015ft\u0131r. Hukukun kavramlar\u0131 burada ters d\u00fcz edilmi\u015ftir. \u0130ddia makam\u0131 iddias\u0131n\u0131 ispatla y\u00fck\u00fcml\u00fc iken, Silivri\u2019de yarg\u0131\u00e7lar iddialar\u0131n\u0131 ispatla y\u00fck\u00fcml\u00fc g\u00f6rmemektedir. Bunun yerine san\u0131klar masumiyetlerini ispatla y\u00fck\u00fcml\u00fc k\u0131l\u0131nm\u0131\u015f, masumiyetlerini ispatlamak i\u00e7in can h\u0131ra\u00e7 bi\u00e7imde \u00e7\u0131rp\u0131nmaktad\u0131rlar. B\u00fct\u00fcn hukuk sistemlerinde \u015f\u00fcphe san\u0131klar\u0131n lehine iken Silivri\u2019de \u015f\u00fcphe savc\u0131 ve hakim lehinedir ve bu \u015fekilde yorumlanmaktad\u0131r. 12 Eyl\u00fcl hapisanalerinde i\u015fkence aletlerinin yerini Silivri\u2019de iddianameler alm\u0131\u015ft\u0131r.&#8221;<\/p>\n<p style=\"text-align: justify;\"><strong>\u00d6ZG\u00dcRL\u00dcK TALEPLER\u0130N\u0130N \u00d6N\u00dcNDE H\u0130\u00c7 B\u0130R G\u00dc\u00c7 S\u0130STEM DURAMAZ\u00a0<\/strong><\/p>\n<p style=\"text-align: justify;\">Berlin duvar\u0131n\u0131n y\u0131k\u0131lmas\u0131nda insanl\u0131\u011f\u0131n \u00f6zg\u00fcrl\u00fck talebinin etkin oldu\u011funu anlatan Mehmet Akif Hamza\u00e7ebi, &#8220;Berlin duvar\u0131 bundan 23 y\u0131l \u00f6nce y\u0131k\u0131ld\u0131. Berlin duvar\u0131n\u0131 y\u0131kan insanl\u0131\u011f\u0131n \u00f6zg\u00fcrl\u00fck talebi idi. \u00d6zg\u00fcrl\u00fck taleplerinin \u00f6n\u00fcnde hi\u00e7 bir g\u00fc\u00e7 sistem duramaz. Silivri cezaevinde \u00f6zg\u00fcrl\u00fck taleplerinin \u00f6n\u00fcne duvar \u00f6r\u00fclmek istenmektedir. Bu duvar\u0131 \u00f6rmeyi hi\u00e7 kimse ba\u015faramayacakt\u0131r. Bug\u00fcn Silivri\u2019de T\u00fcrkiye Cumhuriyeti\u2019ne, adalete, hukuk sistemine ve TSK\u2019ya pusu kurulmu\u015ftur. Bu pusuyu haz\u0131rlayanlar kendileri bu oyunun i\u00e7ine d\u00fc\u015fecektir. Bundan 2500 y\u0131l \u00f6nce Socrates\u2019i halk ad\u0131na yarg\u0131lad\u0131klar\u0131n\u0131 s\u00f6yleyen 502 hakim nas\u0131l hat\u0131rlanm\u0131yorsa, Galileo d\u00fcnya d\u00f6n\u00fcyor dedi\u011fi i\u00e7in yarg\u0131layan hakimler nas\u0131l hat\u0131rlanm\u0131yorsa Silivri hakimleri de hat\u0131rlanmayacakt\u0131r&#8221; dedi.<\/p>\n<p style=\"text-align: justify;\"><strong>&#8220;MECL\u0130S TOPLANMALI&#8221;\u00a0<\/strong><\/p>\n<p style=\"text-align: justify;\">\u015e\u0131rnak\u2019taki ter\u00f6r sald\u0131r\u0131s\u0131na da de\u011finen Mehmet Akif Hamza\u00e7ebi, \u015f\u00f6yle konu\u015ftu:<\/p>\n<p style=\"text-align: justify;\">&#8220;Ankara\u2019da adli y\u0131l\u0131n a\u00e7\u0131l\u0131\u015f\u0131 kutlan\u0131rken ter\u00f6r T\u00fcrkiye\u2019nin g\u00fcneydo\u011fusunda sivil, asker ayr\u0131m\u0131 yapmaks\u0131z\u0131n can almaya devam ediyor. Ba\u015fbakan\u2019\u0131n ter\u00f6r kar\u015f\u0131s\u0131nda hi\u00e7bir projesi yoktur. Cumhurba\u015fkanl\u0131\u011f\u0131 se\u00e7imine kadar durumu idare etmeye \u00e7al\u0131\u015f\u0131yor. CHP olarak ter\u00f6r\u00fcn siyaset ve partiler \u00fcst\u00fc olarak de\u011ferlendirilmesi konusunda \u0131srarl\u0131y\u0131z. Bug\u00fcn \u2018K\u00fcrt sorunu\u2019 veya \u2018ter\u00f6r sorunu\u2019 hangi ismi verirsek verelim, bu sorun ter\u00f6r \u00f6rg\u00fct\u00fcn\u00fcn elinde rehinedir. Bu rehineyi ter\u00f6r \u00f6rg\u00fct\u00fcn\u00fcn elinde kurtar\u0131p demokratik bir ortamda tart\u0131\u015fmay\u0131 ger\u00e7ekle\u015ftiremedi\u011fimiz s\u00fcrece ter\u00f6r maalesef can almaya devam edecek. Ba\u015fbakan varsa \u00e7\u00f6z\u00fcm \u00f6nerisini a\u00e7\u0131klas\u0131n yoksa TBMM Ba\u015fkan\u0131 Cemil \u00c7i\u00e7ek\u2019in \u00e7a\u011fr\u0131s\u0131 ile meclisi toplay\u0131p bu sorunu ter\u00f6r \u00f6rg\u00fct\u00fcn\u00fcn elinden alal\u0131m.&#8221;<\/p>\n<p style=\"text-align: justify;\">Hatay\u2019daki Apayd\u0131n kamp\u0131na ili\u015fkin bir soruya ise Hamza\u00e7ebi,&#8221;T\u00fcrkiye cumhuriyeti s\u0131n\u0131rlar\u0131 i\u00e7erisinde Suriye\u2019ye m\u00fcdahale etmek \u00fczere gidip gelen bir grup vard\u0131r ve bu grup Apayd\u0131n kamplar\u0131nda kalmaktad\u0131r. M\u00fcltecinin sivil asker ay\u0131r\u0131m yoktur. Kamp m\u00fclteci kamp\u0131 ise herkese a\u00e7\u0131k olur. Y\u00fcce Divan gibi bir ihtimalin ortaya \u00e7\u0131kmas\u0131 \u00fczerine \u2019\u0130nsan Haklar\u0131 Komisyonu gelsin incelesin\u2019 diyecekler ancak CHP b\u00f6yle bir mizansenin i\u00e7inde olmayacakt\u0131r&#8221; yan\u0131t\u0131n\u0131 verdi.<\/p>\n<p style=\"text-align: justify;\"><a href=\"http:\/\/haber.gazetevatan.com\/tskya-pusu-kurulmustur\/478660\/9\/Siyaset#.UEWDhLLN-Zd\" target=\"_blank\">Kaynak : VATAN Gazetesi<\/a><\/p>\n","protected":false},"excerpt":{"rendered":"<p style=\"text-align: justify;\">\n<p style=\"text-align: justify;\">CHP&#8217;li Hamza\u00e7ebi&#8217;den sert a\u00e7\u0131klama<\/p>\n<p style=\"text-align: justify;\">ERGENEKON ve Balyoz davalar\u0131na izleyici olarak kat\u0131lan CHP Grup Ba\u015fkanvekili Mehmet Akif Hamza\u00e7ebi, &#8220;Bug\u00fcn Silivri\u2019de T\u00fcrkiye Cumhuriyeti\u2019ne, adalete, hukuk sistemine ve TSK\u2019ya pusu kurulmu\u015ftur. Bu pusuyu haz\u0131rlayanlar kendileri bu oyunun i\u00e7ine d\u00fc\u015fecektir&#8221; dedi.<\/p>\n<p style=\"text-align: justify;\">Mehmet Akif Hamza\u00e7ebi, milletvekilleri Ali \u00d6zg\u00fcnd\u00fcz, Celal Din\u00e7er, Mevl\u00fct <\/p>\n","protected":false},"author":1,"featured_media":0,"comment_status":"open","ping_status":"open","sticky":false,"template":"","format":"standard","meta":{"footnotes":""},"categories":[105],"tags":[],"class_list":["post-54937","post","type-post","status-publish","format-standard","hentry","category-gundem","odd"],"_links":{"self":[{"href":"http:\/\/www.korhanyilmaz.com\/index.php?rest_route=\/wp\/v2\/posts\/54937","targetHints":{"allow":["GET"]}}],"collection":[{"href":"http:\/\/www.korhanyilmaz.com\/index.php?rest_route=\/wp\/v2\/posts"}],"about":[{"href":"http:\/\/www.korhanyilmaz.com\/index.php?rest_route=\/wp\/v2\/types\/post"}],"author":[{"embeddable":true,"href":"http:\/\/www.korhanyilmaz.com\/index.php?rest_route=\/wp\/v2\/users\/1"}],"replies":[{"embeddable":true,"href":"http:\/\/www.korhanyilmaz.com\/index.php?rest_route=%2Fwp%2Fv2%2Fcomments&post=54937"}],"version-history":[{"count":0,"href":"http:\/\/www.korhanyilmaz.com\/index.php?rest_route=\/wp\/v2\/posts\/54937\/revisions"}],"wp:attachment":[{"href":"http:\/\/www.korhanyilmaz.com\/index.php?rest_route=%2Fwp%2Fv2%2Fmedia&parent=54937"}],"wp:term":[{"taxonomy":"category","embeddable":true,"href":"http:\/\/www.korhanyilmaz.com\/index.php?rest_route=%2Fwp%2Fv2%2Fcategories&post=54937"},{"taxonomy":"post_tag","embeddable":true,"href":"http:\/\/www.korhanyilmaz.com\/index.php?rest_route=%2Fwp%2Fv2%2Ftags&post=54937"}],"curies":[{"name":"wp","href":"https:\/\/api.w.org\/{rel}","templated":true}]}}