{"id":54914,"date":"2012-09-03T09:48:01","date_gmt":"2012-09-03T06:48:01","guid":{"rendered":"http:\/\/www.korhanyilmaz.com\/?p=54914"},"modified":"2012-09-04T06:46:00","modified_gmt":"2012-09-04T03:46:00","slug":"allah-askina-inin-o-daglardan","status":"publish","type":"post","link":"http:\/\/www.korhanyilmaz.com\/?p=54914","title":{"rendered":"Allah a\u015fk\u0131na inin o da\u011flardan!"},"content":{"rendered":"<p style=\"text-align: center;\"><a href=\"http:\/\/www.korhanyilmaz.com\/wp-content\/uploads\/2012\/09\/H619.jpg\"  class=\"lightview\"><img loading=\"lazy\" decoding=\"async\" class=\"aligncenter  wp-image-54915\" src=\"http:\/\/www.korhanyilmaz.com\/wp-content\/uploads\/2012\/09\/H619.jpg\" alt=\"\" width=\"583\" height=\"105\" \/><\/a><\/p>\n<div id=\"attachment_54916\" style=\"width: 99px\" class=\"wp-caption alignright\"><img loading=\"lazy\" decoding=\"async\" aria-describedby=\"caption-attachment-54916\" class=\" wp-image-54916 \" title=\"Zeynep \u00d6ZEL\" src=\"http:\/\/www.korhanyilmaz.com\/wp-content\/uploads\/2012\/09\/H620.jpg\" alt=\"\" width=\"89\" height=\"76\" \/><p id=\"caption-attachment-54916\" class=\"wp-caption-text\">Zeynep \u00d6ZEL<\/p><\/div>\n<p style=\"text-align: justify;\">Bu yaz\u0131y\u0131 kahvenizi i\u00e7erek okuyorsan\u0131z e\u011fer her \u015fey bitmemi\u015f demektir. Demek ki bu \u00fclkenin G\u00fcneydo\u011fusundaki sava\u015f devam edecek ve siz kahvenizi yudumlarken, \u00f6len gen\u00e7lerin say\u0131lar\u0131n\u0131 okuyup, say\u0131 akl\u0131n\u0131zda belirli bir rakam\u0131 ge\u00e7ince \u201cvah vah t\u00fch t\u00fch\u201d diyerek, elinize TV rehberini al\u0131p, o g\u00fcnk\u00fc magazin programlar\u0131n\u0131n listesine g\u00f6z atacaks\u0131n\u0131z. Sonra, uzun s\u00fcren Pazar kahvalt\u0131n\u0131zdan sonra yani-ki siz ona brunch diyorsunuz-, bu kez kedi d\u0131\u015fk\u0131s\u0131ndan yap\u0131ld\u0131\u011f\u0131ndan gram\u0131 bilmem ka\u00e7 lira olan kahvenizi bir dost meclisinde i\u00e7erken bu mesele \u00fczerine acayip tezler \u00fcreteceksiniz, sonra da arkada\u015flar\u0131n\u0131zla golf oynarken bir telefon gelecek size \u201coraya gidip da\u011fda elinde kahve fincan\u0131 ile foto\u011fraf \u00e7ektirsen ne afili olur\u201d deyiverince ilk u\u00e7a\u011fa atlay\u0131p solu\u011fu \u015eemdinli\u2019de alacak, elbette ki hayran oldu\u011funuz tripleks yollar\u0131na, do\u011fas\u0131na methiyeler dizerken, eskiden \u201cs\u0131n\u0131r ve g\u00fcmr\u00fck a\u015far gibi\u201d ge\u00e7ilen k\u00f6pr\u00fcden Ba\u015fbakanl\u0131k taraf\u0131ndan verilmi\u015f bas\u0131n kart\u0131n\u0131zla a\u015farken\u2026\u00a0<!--more--><\/p>\n<p style=\"text-align: justify;\">Bu \u00fclkenin ak y\u00fczl\u00fc devrimcilerinin \u00fczerine k\u00f6pr\u00fc yapt\u0131\u011f\u0131 Zap Suyu\u2019nun kenar\u0131ndaki \u00e7\u00f6p po\u015fetlerine k\u0131zacaks\u0131n\u0131z. Belediyecilik yok buralarda- belediye ba\u015fkan\u0131 i\u00e7erde, belki de ondand\u0131r- ama olsun sizin de gitmenizle devletin varl\u0131\u011f\u0131 ve dahi her \u015feyin kontrol alt\u0131nda oldu\u011fu kan\u0131tlanm\u0131\u015f olacak. Halk\u0131n hakl\u0131 de\u011fil, mutlu olmak istedi\u011finden dem vurunca da y\u00f6re halk\u0131n\u0131n hassasiyetlerine g\u00f6nderme yapm\u0131\u015f olacaks\u0131n\u0131z.<\/p>\n<p style=\"text-align: justify;\">Gen\u00e7li\u011finizden bir \u015fiir hat\u0131rlayacaks\u0131n\u0131z: \u201cAk\u015fam erken iner mapushaneye\u201d Belki \u015funu da hat\u0131rlars\u0131n\u0131z ayn\u0131 \u015fairindir:<\/p>\n<p style=\"text-align: justify;\">\u201cG\u00fcn ola devran d\u00f6ne umut yeti\u015fe,<\/p>\n<p style=\"text-align: justify;\">da\u011flar\u0131n\u0131n da\u011flar\u0131n\u0131n ard\u0131nda,<\/p>\n<p style=\"text-align: justify;\">de\u011fil \u00f6yle yoksulluklar hasretler,<\/p>\n<p style=\"text-align: justify;\">bir tek ba\u015fak bile darg\u0131n kalmayacakt\u0131r,<\/p>\n<p style=\"text-align: justify;\">bir tek zeytin dal\u0131 bile yaln\u0131z<\/p>\n<p style=\"text-align: justify;\">s\u0131k\u0131ysa ya\u011fmas\u0131n ya\u011fmur, s\u0131k\u0131ysa uykudan uyanmas\u0131n da\u011f,<\/p>\n<p style=\"text-align: justify;\">bu y\u00fcrek ne g\u00fcne vurur\u201d<\/p>\n<p style=\"text-align: justify;\">Lise y\u0131llar\u0131n\u0131zdaki edebiyat derslerinizden a\u015fina oldu\u011funuz \u015fekilde sorarsak: \u201c\u015eair burada ne demek istemi\u015ftir ki?\u201d<\/p>\n<p style=\"text-align: justify;\">\u201cE\u011fer H\u00fcrriyet Gazetesi\u2019nin genel yay\u0131n m\u00fcd\u00fcr\u00fc&#8230;<\/p>\n<p style=\"text-align: justify;\">Bir sabah \u015eemdinli manzaras\u0131na kar\u015f\u0131&#8230;<\/p>\n<p style=\"text-align: justify;\">Rahat rahat kahve i\u00e7ebiliyorsa&#8230;<\/p>\n<p style=\"text-align: justify;\">Bakmay\u0131n siz elalemin feryatlar\u0131na&#8230;<\/p>\n<p style=\"text-align: justify;\">Bu i\u015f daha bitmedi demektir.\u201d<\/p>\n<p style=\"text-align: justify;\">Evet bu i\u015f daha bitmedi demektir. \u015eemdinli manzaras\u0131na kar\u015f\u0131 kahve i\u00e7ebilecek bir vicdan varsa bu i\u015f daha da bitmeyecek demektir. Bu halk, ac\u0131lar\u0131n\u0131n \u00fcst\u00fcnde tepinilmesine ve bundan rant sa\u011flanmas\u0131na izin verdi\u011fi m\u00fcddet\u00e7e de bitemeyecektir bu i\u015f.<\/p>\n<p style=\"text-align: justify;\">Neler yapmad\u0131k bu vatan i\u00e7in, kimimiz \u00f6ld\u00fck da\u011flarda, kimimiz nutuk s\u00f6yledik, kimimiz de kahve i\u00e7tik. Biz \u00f6l\u00fcrken da\u011flarda, birileri gelip kahve i\u00e7ti kan\u0131m\u0131zla sulanan topraklar\u0131n \u00fczerinde. Da\u011flar\u0131n yasakl\u0131 \u00e7i\u00e7e\u011fi nevruzlar\u0131n \u00fczerine basa basa, masas\u0131na yapma \u00e7i\u00e7ekler koyarak, internet eri\u015fiminin kesintisiz oldu\u011fu da\u011flarda tablet bilgisayar\u0131ndan ge\u00e7ti yaz\u0131lar\u0131n\u0131 amiral gemisine.<\/p>\n<p style=\"text-align: justify;\">Allah a\u015fk\u0131na inin o da\u011flardan!<\/p>\n<p style=\"text-align: justify;\"><a href=\"http:\/\/www.muhalifgazete.com\/47236-yazarlar.htm\" target=\"_blank\">Kaynak : Muhalif Gazete<\/a><\/p>\n","protected":false},"excerpt":{"rendered":"<p style=\"text-align: center;\">\n<p id=\"caption-attachment-54916\" class=\"wp-caption-text\">Zeynep \u00d6ZEL<\/p>\n<p style=\"text-align: justify;\">Bu yaz\u0131y\u0131 kahvenizi i\u00e7erek okuyorsan\u0131z e\u011fer her \u015fey bitmemi\u015f demektir. Demek ki bu \u00fclkenin G\u00fcneydo\u011fusundaki sava\u015f devam edecek ve siz kahvenizi yudumlarken, \u00f6len gen\u00e7lerin say\u0131lar\u0131n\u0131 okuyup, say\u0131 akl\u0131n\u0131zda belirli bir rakam\u0131 ge\u00e7ince \u201cvah vah t\u00fch t\u00fch\u201d diyerek, elinize TV rehberini al\u0131p, o g\u00fcnk\u00fc magazin programlar\u0131n\u0131n listesine <\/p>\n","protected":false},"author":1,"featured_media":0,"comment_status":"open","ping_status":"open","sticky":false,"template":"","format":"standard","meta":{"footnotes":""},"categories":[16],"tags":[1174],"class_list":["post-54914","post","type-post","status-publish","format-standard","hentry","category-kose-yazilari","tag-zeynep-ozel","odd"],"_links":{"self":[{"href":"http:\/\/www.korhanyilmaz.com\/index.php?rest_route=\/wp\/v2\/posts\/54914","targetHints":{"allow":["GET"]}}],"collection":[{"href":"http:\/\/www.korhanyilmaz.com\/index.php?rest_route=\/wp\/v2\/posts"}],"about":[{"href":"http:\/\/www.korhanyilmaz.com\/index.php?rest_route=\/wp\/v2\/types\/post"}],"author":[{"embeddable":true,"href":"http:\/\/www.korhanyilmaz.com\/index.php?rest_route=\/wp\/v2\/users\/1"}],"replies":[{"embeddable":true,"href":"http:\/\/www.korhanyilmaz.com\/index.php?rest_route=%2Fwp%2Fv2%2Fcomments&post=54914"}],"version-history":[{"count":0,"href":"http:\/\/www.korhanyilmaz.com\/index.php?rest_route=\/wp\/v2\/posts\/54914\/revisions"}],"wp:attachment":[{"href":"http:\/\/www.korhanyilmaz.com\/index.php?rest_route=%2Fwp%2Fv2%2Fmedia&parent=54914"}],"wp:term":[{"taxonomy":"category","embeddable":true,"href":"http:\/\/www.korhanyilmaz.com\/index.php?rest_route=%2Fwp%2Fv2%2Fcategories&post=54914"},{"taxonomy":"post_tag","embeddable":true,"href":"http:\/\/www.korhanyilmaz.com\/index.php?rest_route=%2Fwp%2Fv2%2Ftags&post=54914"}],"curies":[{"name":"wp","href":"https:\/\/api.w.org\/{rel}","templated":true}]}}