{"id":54904,"date":"2012-09-03T09:09:48","date_gmt":"2012-09-03T06:09:48","guid":{"rendered":"http:\/\/www.korhanyilmaz.com\/?p=54904"},"modified":"2012-09-03T09:58:48","modified_gmt":"2012-09-03T06:58:48","slug":"hosgeldin-diyen-esini-hastanelik-etti","status":"publish","type":"post","link":"http:\/\/www.korhanyilmaz.com\/?p=54904","title":{"rendered":"&#8220;Ho\u015fgeldin&#8221; diyen e\u015fini hastanelik etti!"},"content":{"rendered":"<p style=\"text-align: justify;\"><a href=\"http:\/\/www.korhanyilmaz.com\/wp-content\/uploads\/2012\/09\/H611.jpg\"  class=\"lightview\"><img loading=\"lazy\" decoding=\"async\" class=\"aligncenter size-full wp-image-54905\" title=\"\" src=\"http:\/\/www.korhanyilmaz.com\/wp-content\/uploads\/2012\/09\/H611.jpg\" alt=\"\" width=\"304\" height=\"233\" \/><\/a><\/p>\n<p style=\"text-align: justify;\">\u0130stanbul K\u00fc\u00e7\u00fck\u00e7ekmece\u2019de arkada\u015flar\u0131yla i\u00e7ki i\u00e7ip eve gelen 40 ya\u015f\u0131ndaki \u00d6ner Gen\u00e7, kendisini &#8220;ho\u015fgeldin&#8221; diye kar\u015f\u0131layan, 11 y\u0131ll\u0131k e\u015fi G\u00f6n\u00fcl Gen\u00e7\u2019i d\u00f6verek hastanelik etti. \u0130ki \u00e7ocu\u011funun g\u00f6zleri \u00f6n\u00fcnde dayak yiyen G\u00f6n\u00fcl Gen\u00e7, &#8220;Daha \u00f6ncede beni d\u00f6v\u00fcyordu. \u0130lk defa bu kadar \u015fiddetli dayak yedim&#8221; dedi.<\/p>\n<p style=\"text-align: justify;\">(DHA) &#8212; \u0130ddiaya g\u00f6re, K\u00fc\u00e7\u00fck\u00e7ekmece, Halkal\u0131 Merkez Mahallesi 1&#8217;inci Sokak Numara 24\u2019te meydana gelen olay saat 23.00 s\u0131ralar\u0131nda ger\u00e7ekle\u015fti.<\/p>\n<p style=\"text-align: justify;\">\u00d6ner Gen\u00e7, arkada\u015flar\u0131yla i\u00e7ki i\u00e7tikten sonra eve geldi. \u00d6ner Gen\u00e7\u2019e kap\u0131y\u0131 a\u00e7an G\u00f6n\u00fcl Gen\u00e7, &#8220;Ho\u015fgeldin&#8221; diyerek kar\u015f\u0131lad\u0131. Buna k\u0131zan \u00d6ner Gen\u00e7 e\u015fi G\u00f6n\u00fcl Gen\u00e7\u2019i iki \u00e7ocu\u011funun g\u00f6zlerini \u00f6n\u00fcnde tekme att\u0131.\u00a0<!--more--><\/p>\n<p style=\"text-align: justify;\">H\u0131rs\u0131n\u0131 alamayan \u00d6ner Gen\u00e7 eline ge\u00e7irdi\u011fi sandalye ile e\u015fi G\u00f6n\u00fcl Gen\u00e7\u2019e sald\u0131rd\u0131. Yaralanan G\u00f6n\u00fcl Gen\u00e7 ko\u015farak evden ka\u00e7t\u0131.<\/p>\n<p style=\"text-align: justify;\">Durumu yak\u0131nlar\u0131na bildiren G\u00f6n\u00fcl Gen\u00e7, \u00e7a\u011fr\u0131lan 112 H\u0131z\u0131r Acil ambulans\u0131yla Bak\u0131rk\u00f6y Dr. Sadi Konuk E\u011fitim ve Ara\u015ft\u0131rma Hastanesi\u2019ne kald\u0131r\u0131ld\u0131. Y\u00fcz\u00fcn\u00fcn b\u00fcy\u00fck b\u00f6l\u00fcm\u00fc \u015fi\u015fen ve dudaklar\u0131nda yar\u0131klar olu\u015fan G\u00f6n\u00fcl Gen\u00e7, tedavi alt\u0131na al\u0131nd\u0131.<\/p>\n<p style=\"text-align: justify;\"><strong>&#8220;Eve geri d\u00f6nmeyecek&#8221;\u00a0<\/strong><\/p>\n<p style=\"text-align: justify;\">Yak\u0131nlar\u0131 taraf\u0131ndan hava almas\u0131 i\u00e7in tekerlekli sandalye ile hastanenin \u00f6n\u00fcne \u00e7\u0131kar\u0131lan G\u00f6n\u00fcl Gen\u00e7, &#8220;Kocam, \u00e7ocuklar\u0131m ve kay\u0131nvalidemin yan\u0131nda beni d\u00f6vd\u00fc. Y\u00fcz\u00fcme, g\u00f6z\u00fcme yumruklar\u0131yla vurdu. Sonra da beni duvardan duvara f\u0131rlatt\u0131. Kocam daha \u00f6ncede beni d\u00f6v\u00fcyordu. Ancak bu kadar \u015fiddetli olmam\u0131\u015ft\u0131&#8221; dedi.<\/p>\n<p style=\"text-align: justify;\">G\u00f6n\u00fcl Gen\u00e7\u2019in yak\u0131n\u0131 \u00d6zlem Kuma\u015f, &#8220;Su\u00e7 her iki taraf\u0131nda ailesinde var. Daha \u00f6nce de \u015fiddet g\u00f6rd\u00fc. Ancak ne savc\u0131l\u0131\u011fa ne de polise ba\u015fvurmad\u0131. G\u00f6n\u00fcl\u2019\u00fc her f\u0131rsatta kand\u0131rd\u0131lar. Bir daha olmayacak \u015fiddet g\u00f6rmeyeceksin dediler. 11 y\u0131ld\u0131r koca \u015fiddetine maruz kal\u0131yor. \u0130lla \u015fikayet\u00e7i olmak i\u00e7in bu kad\u0131n\u0131n \u00f6lmesi mi gerekiyor Hastaneden raporumuzu ald\u0131ktan sonra hem savc\u0131l\u0131\u011fa hem de polise \u015fikayet\u00e7i oldu\u011fumuzu bildirece\u011fiz. Bundan sonra bu kad\u0131n o eve geri d\u00f6nmeyecek&#8221; diye konu\u015ftu.<\/p>\n<p style=\"text-align: justify;\"><a href=\"http:\/\/www.cnnturk.com\/2012\/turkiye\/09\/03\/hosgeldin.diyen.esini.hastanelik.etti\/675191.0\/index.html\" target=\"_blank\">Kaynak : CNN T\u00dcRK<\/a><\/p>\n","protected":false},"excerpt":{"rendered":"<p style=\"text-align: justify;\">\n<p style=\"text-align: justify;\">\u0130stanbul K\u00fc\u00e7\u00fck\u00e7ekmece\u2019de arkada\u015flar\u0131yla i\u00e7ki i\u00e7ip eve gelen 40 ya\u015f\u0131ndaki \u00d6ner Gen\u00e7, kendisini &#8220;ho\u015fgeldin&#8221; diye kar\u015f\u0131layan, 11 y\u0131ll\u0131k e\u015fi G\u00f6n\u00fcl Gen\u00e7\u2019i d\u00f6verek hastanelik etti. \u0130ki \u00e7ocu\u011funun g\u00f6zleri \u00f6n\u00fcnde dayak yiyen G\u00f6n\u00fcl Gen\u00e7, &#8220;Daha \u00f6ncede beni d\u00f6v\u00fcyordu. \u0130lk defa bu kadar \u015fiddetli dayak yedim&#8221; dedi.<\/p>\n<p style=\"text-align: justify;\">(DHA) &#8212; \u0130ddiaya g\u00f6re, K\u00fc\u00e7\u00fck\u00e7ekmece, <\/p>\n","protected":false},"author":1,"featured_media":0,"comment_status":"open","ping_status":"open","sticky":false,"template":"","format":"standard","meta":{"footnotes":""},"categories":[105],"tags":[],"class_list":["post-54904","post","type-post","status-publish","format-standard","hentry","category-gundem","odd"],"_links":{"self":[{"href":"http:\/\/www.korhanyilmaz.com\/index.php?rest_route=\/wp\/v2\/posts\/54904","targetHints":{"allow":["GET"]}}],"collection":[{"href":"http:\/\/www.korhanyilmaz.com\/index.php?rest_route=\/wp\/v2\/posts"}],"about":[{"href":"http:\/\/www.korhanyilmaz.com\/index.php?rest_route=\/wp\/v2\/types\/post"}],"author":[{"embeddable":true,"href":"http:\/\/www.korhanyilmaz.com\/index.php?rest_route=\/wp\/v2\/users\/1"}],"replies":[{"embeddable":true,"href":"http:\/\/www.korhanyilmaz.com\/index.php?rest_route=%2Fwp%2Fv2%2Fcomments&post=54904"}],"version-history":[{"count":0,"href":"http:\/\/www.korhanyilmaz.com\/index.php?rest_route=\/wp\/v2\/posts\/54904\/revisions"}],"wp:attachment":[{"href":"http:\/\/www.korhanyilmaz.com\/index.php?rest_route=%2Fwp%2Fv2%2Fmedia&parent=54904"}],"wp:term":[{"taxonomy":"category","embeddable":true,"href":"http:\/\/www.korhanyilmaz.com\/index.php?rest_route=%2Fwp%2Fv2%2Fcategories&post=54904"},{"taxonomy":"post_tag","embeddable":true,"href":"http:\/\/www.korhanyilmaz.com\/index.php?rest_route=%2Fwp%2Fv2%2Ftags&post=54904"}],"curies":[{"name":"wp","href":"https:\/\/api.w.org\/{rel}","templated":true}]}}