{"id":54897,"date":"2012-09-02T23:57:17","date_gmt":"2012-09-02T20:57:17","guid":{"rendered":"http:\/\/www.korhanyilmaz.com\/?p=54897"},"modified":"2012-09-03T09:34:34","modified_gmt":"2012-09-03T06:34:34","slug":"sanliurfada-catisma-2","status":"publish","type":"post","link":"http:\/\/www.korhanyilmaz.com\/?p=54897","title":{"rendered":"\u015eanl\u0131urfa&#8217;da \u00e7at\u0131\u015fma"},"content":{"rendered":"<p style=\"text-align: justify;\"><a href=\"http:\/\/www.korhanyilmaz.com\/wp-content\/uploads\/2012\/09\/H609.jpg\"  class=\"lightview\"><img loading=\"lazy\" decoding=\"async\" class=\"aligncenter size-full wp-image-54898\" title=\"\" src=\"http:\/\/www.korhanyilmaz.com\/wp-content\/uploads\/2012\/09\/H609.jpg\" alt=\"\" width=\"314\" height=\"241\" \/><\/a><\/p>\n<p style=\"text-align: justify;\">\u015eanl\u0131urfa&#8217;n\u0131n Viran\u015fehir il\u00e7esinde PKK mensuplar\u0131n\u0131n i\u00e7inde oldu\u011fu ara\u00e7tan uygulama yapan g\u00fcvenlik g\u00fc\u00e7lerine ate\u015f edilmesi sonucu \u00e7\u0131kan \u00e7at\u0131\u015fmada, 1 ter\u00f6r \u00f6rg\u00fct\u00fc \u00fcyesinin \u00f6l\u00fc, 1&#8217;inin yaral\u0131, 3&#8217;\u00fcn\u00fcn sa\u011f ele ge\u00e7irildi\u011fi bildirildi. \u00c7at\u0131\u015fmada 3 g\u00fcvenlik g\u00f6revlisi ise yaraland\u0131.<\/p>\n<p style=\"text-align: justify;\">\u0130l Emniyet M\u00fcd\u00fcr\u00fc Mehmet Liko\u011flu, AA muhabirine yapt\u0131\u011f\u0131 a\u00e7\u0131klamada, Viran\u015fehir-Ceylanp\u0131nar karayolunda polis ve jandarma ekiplerinin birlikte uygulama yapt\u0131\u011f\u0131 s\u0131rada i\u00e7inde ter\u00f6r \u00f6rg\u00fct\u00fc PKK mensuplar\u0131n\u0131n oldu\u011fu de\u011ferlendirilen bir ara\u00e7tan, g\u00fcvenlik g\u00fc\u00e7lerine uzun namlulu silahlarla ate\u015f edildi\u011fini belirtti.\u00a0<!--more--><\/p>\n<p style=\"text-align: justify;\">Liko\u011flu, \u00e7\u0131kan \u00e7at\u0131\u015fmada 1 \u00f6rg\u00fct \u00fcyesinin \u00f6l\u00fc, 1&#8217;inin yaral\u0131, 3&#8217;\u00fcn\u00fcn sa\u011f ele ge\u00e7irildi\u011fini, olayda 2 polis ve 1 askerin yaraland\u0131\u011f\u0131n\u0131 kaydetti.<\/p>\n<p style=\"text-align: justify;\">Bu arada, \u0130l Emniyet M\u00fcd\u00fcr\u00fc Mehmet Liko\u011flu, olay yerine giderek incelemede bulundu.<\/p>\n<p style=\"text-align: justify;\">\u00d6te yandan, olay\u0131n ard\u0131ndan ambulanslarla Viran\u015fehir Devlet Hastanesi&#8217;ne kald\u0131r\u0131lan yaral\u0131 polislerden 1&#8217;i, ilk m\u00fcdahalenin ard\u0131ndan \u015eanl\u0131urfa&#8217;ya sevk edildi.<\/p>\n<p style=\"text-align: justify;\"><strong>Polis memurlar\u0131n\u0131 ziyaret etti\u00a0<\/strong><\/p>\n<p style=\"text-align: justify;\">\u015eanl\u0131urfa Valisi Celalettin G\u00fcven\u00e7, Viran\u015fehir il\u00e7esindeki uygulama noktas\u0131nda ter\u00f6r \u00f6rg\u00fct\u00fc PKK mensuplar\u0131nca a\u00e7\u0131lan ate\u015f sonucu yaralanan 2 polis memurunu hastanede ziyaret etti.<\/p>\n<p style=\"text-align: justify;\">G\u00fcven\u00e7, beraberinde Cumhuriyet Ba\u015fsavc\u0131s\u0131 Mustafa Yal\u00e7\u0131n ve di\u011fer yetkililerle ilk olarak E\u011fitim ve Ara\u015ft\u0131rma Hastanesi&#8217;nde tedavi g\u00f6ren polis memurunu ziyaret etti.<\/p>\n<p style=\"text-align: justify;\">Doktorlardan yaral\u0131 polisin sa\u011fl\u0131k durumuyla ilgili bilgi alan G\u00fcven\u00e7, hastane \u00e7\u0131k\u0131\u015f\u0131nda gazetecilere yapt\u0131\u011f\u0131 a\u00e7\u0131klamada, olay\u0131n saat 19.00 sular\u0131nda Viran\u015fehir-Ceylanp\u0131nar karayolunda meydana geldi\u011fini s\u00f6yledi.<\/p>\n<p style=\"text-align: justify;\">Viran\u015fehir istikametinden gelen ve uygulama noktas\u0131nda durdurulan ara\u00e7tan inen 2 ter\u00f6ristin uygulama yapan ekiplere, iner inmez ate\u015f a\u00e7t\u0131\u011f\u0131n\u0131 aktaran G\u00fcven\u00e7, \u015funlar\u0131 kaydetti: &#8220;Sonu\u00e7ta 1 ter\u00f6rist \u00f6l\u00fc, 1 ter\u00f6rist yaral\u0131 olarak elimizde, ara\u00e7 \u015fof\u00f6r\u00fc de \u015fu anda g\u00f6zalt\u0131nda. 1 polis memurumuz a\u011f\u0131r yaral\u0131, \u015fu anda ziyaret etti\u011fimiz polis memurumuzun \u00e7ok \u015f\u00fck\u00fcr hayati tehlikesi yok, 1 uzman jandarma \u00e7avu\u015fumuz aya\u011f\u0131ndan hafif yaral\u0131. Ayakta tedavi g\u00f6rd\u00fc. Ge\u00e7mi\u015f olsun diyorum b\u00fct\u00fcn g\u00f6revli arkada\u015flar\u0131m\u0131za. \u0130n\u015fallah bu son olur. Gerekli soru\u015fturmay\u0131 da ba\u015fsavc\u0131m\u0131z ba\u015flatt\u0131 \u015fu anda.&#8221;<\/p>\n<p style=\"text-align: justify;\">G\u00fcven\u00e7, ayr\u0131ca ilk bilgilere g\u00f6re, ter\u00f6ristlerde tabanca ve el bombalar\u0131n\u0131n bulundu\u011funu da kaydetti.<\/p>\n<p style=\"text-align: justify;\">Vali Celalettin G\u00fcven\u00e7, Bal\u0131kl\u0131g\u00f6l Devlet Hastanesi&#8217;nde tedavi g\u00f6ren yaral\u0131 polis memurunu da ziyaret edip, sa\u011fl\u0131k durumu hakk\u0131nda bilgi ald\u0131.<\/p>\n<p style=\"text-align: justify;\"><a href=\"http:\/\/www.cnnturk.com\/2012\/turkiye\/09\/02\/sanliurfada.catisma\/675180.0\/index.html\" target=\"_blank\">Kaynak : CNN T\u00dcRK<\/a><\/p>\n","protected":false},"excerpt":{"rendered":"<p style=\"text-align: justify;\">\n<p style=\"text-align: justify;\">\u015eanl\u0131urfa&#8217;n\u0131n Viran\u015fehir il\u00e7esinde PKK mensuplar\u0131n\u0131n i\u00e7inde oldu\u011fu ara\u00e7tan uygulama yapan g\u00fcvenlik g\u00fc\u00e7lerine ate\u015f edilmesi sonucu \u00e7\u0131kan \u00e7at\u0131\u015fmada, 1 ter\u00f6r \u00f6rg\u00fct\u00fc \u00fcyesinin \u00f6l\u00fc, 1&#8217;inin yaral\u0131, 3&#8217;\u00fcn\u00fcn sa\u011f ele ge\u00e7irildi\u011fi bildirildi. \u00c7at\u0131\u015fmada 3 g\u00fcvenlik g\u00f6revlisi ise yaraland\u0131.<\/p>\n<p style=\"text-align: justify;\">\u0130l Emniyet M\u00fcd\u00fcr\u00fc Mehmet Liko\u011flu, AA muhabirine yapt\u0131\u011f\u0131 a\u00e7\u0131klamada, Viran\u015fehir-Ceylanp\u0131nar karayolunda polis ve <\/p>\n","protected":false},"author":1,"featured_media":0,"comment_status":"open","ping_status":"open","sticky":false,"template":"","format":"standard","meta":{"footnotes":""},"categories":[105],"tags":[],"class_list":["post-54897","post","type-post","status-publish","format-standard","hentry","category-gundem","odd"],"_links":{"self":[{"href":"http:\/\/www.korhanyilmaz.com\/index.php?rest_route=\/wp\/v2\/posts\/54897","targetHints":{"allow":["GET"]}}],"collection":[{"href":"http:\/\/www.korhanyilmaz.com\/index.php?rest_route=\/wp\/v2\/posts"}],"about":[{"href":"http:\/\/www.korhanyilmaz.com\/index.php?rest_route=\/wp\/v2\/types\/post"}],"author":[{"embeddable":true,"href":"http:\/\/www.korhanyilmaz.com\/index.php?rest_route=\/wp\/v2\/users\/1"}],"replies":[{"embeddable":true,"href":"http:\/\/www.korhanyilmaz.com\/index.php?rest_route=%2Fwp%2Fv2%2Fcomments&post=54897"}],"version-history":[{"count":0,"href":"http:\/\/www.korhanyilmaz.com\/index.php?rest_route=\/wp\/v2\/posts\/54897\/revisions"}],"wp:attachment":[{"href":"http:\/\/www.korhanyilmaz.com\/index.php?rest_route=%2Fwp%2Fv2%2Fmedia&parent=54897"}],"wp:term":[{"taxonomy":"category","embeddable":true,"href":"http:\/\/www.korhanyilmaz.com\/index.php?rest_route=%2Fwp%2Fv2%2Fcategories&post=54897"},{"taxonomy":"post_tag","embeddable":true,"href":"http:\/\/www.korhanyilmaz.com\/index.php?rest_route=%2Fwp%2Fv2%2Ftags&post=54897"}],"curies":[{"name":"wp","href":"https:\/\/api.w.org\/{rel}","templated":true}]}}