{"id":54893,"date":"2012-09-03T07:55:33","date_gmt":"2012-09-03T04:55:33","guid":{"rendered":"http:\/\/www.korhanyilmaz.com\/?p=54893"},"modified":"2012-09-03T09:25:32","modified_gmt":"2012-09-03T06:25:32","slug":"66-aya-pkk-karsi","status":"publish","type":"post","link":"http:\/\/www.korhanyilmaz.com\/?p=54893","title":{"rendered":"66 aya PKK kar\u015f\u0131"},"content":{"rendered":"<p style=\"text-align: justify;\"><a href=\"http:\/\/www.korhanyilmaz.com\/wp-content\/uploads\/2012\/09\/H608.jpg\"  class=\"lightview\"><img loading=\"lazy\" decoding=\"async\" class=\"aligncenter size-full wp-image-54894\" title=\"\" src=\"http:\/\/www.korhanyilmaz.com\/wp-content\/uploads\/2012\/09\/H608.jpg\" alt=\"\" width=\"378\" height=\"172\" \/><\/a><\/p>\n<p style=\"text-align: justify;\">Milli E\u011fitim Bakan\u0131 \u00d6mer Din\u00e7er 4+4+4 e\u011fitim sistemiyle ilgili \u00e7arp\u0131c\u0131 a\u00e7\u0131klamalarda bulundu.<\/p>\n<p style=\"text-align: justify;\">Ak\u015fam Gazetesi&#8217;nin Genel Yay\u0131n Y\u00f6netmeni \u0130smail K\u00fc\u00e7\u00fckkaya&#8217;ya konu\u015fan Milli E\u011fitim Bakan\u0131 \u00d6mer Din\u00e7er tart\u0131\u015f\u0131lacak a\u00e7\u0131klamalarda bulundu&#8230;<\/p>\n<p style=\"text-align: justify;\"><span style=\"text-decoration: underline;\">\u0130\u015fte Ak\u015fam Gazetesi&#8217;nin Genel Yay\u0131n Y\u00f6netmeni \u0130smail K\u00fc\u00e7\u00fckkaya&#8217;n\u0131n bug\u00fcnk\u00fc yaz\u0131s\u0131..\u00a0<\/span><\/p>\n<p style=\"text-align: justify;\">E\u011fitim d\u00f6nemi yakla\u015f\u0131rken ortaya \u00e7\u0131kan kaotik durum ve belirsizlikle ilgili d\u00fcnk\u00fc yaz\u0131m \u00fczerine Milli E\u011fitim Bakan\u0131 \u00d6mer Din\u00e7er, telefonla arad\u0131. S\u00f6zlerine &#8216;Do\u011frusu \u00fcz\u00fcld\u00fcm, k\u0131r\u0131ld\u0131m. \u00c7ok ki\u015fi ele\u015ftiriyor, umursam\u0131yorum.<!--more--><\/p>\n<p style=\"text-align: justify;\">Ama sizinkini \u00f6nemsedim ve bana haks\u0131zl\u0131k yapt\u0131\u011f\u0131n\u0131z\u0131 d\u00fc\u015f\u00fcnd\u00fcm. Onun i\u00e7in arad\u0131m, dertle\u015fmek i\u00e7in&#8217; c\u00fcmlesiyle ba\u015flad\u0131. Ben de kendisine e\u011fitim sistemindeki aksakl\u0131klar ve belirsizliklerle ilgili g\u00f6zlemlerimi anlatt\u0131m. Bakan, bunun \u00fczerine &#8216;Buyurun siz sorun ben de yan\u0131tlayay\u0131m&#8217; deyince telefonda yakla\u015f\u0131k bir saat konu\u015ftuk.<\/p>\n<p style=\"text-align: justify;\">Milyonlarca \u00f6\u011frenci ve ailesini yak\u0131ndan ilgilendiren, okullar\u0131n a\u00e7\u0131lmas\u0131na \u00e7ok az bir zaman kala merak edilen soru ve sorunlar\u0131 a\u00e7\u0131k a\u00e7\u0131k sordum. Bakan Din\u00e7er de sa\u011f olsun d\u00fcr\u00fcst\u00e7e ve a\u00e7\u0131k y\u00fcreklilikle yan\u0131tlad\u0131. \u0130\u015fte bir pazar sabah\u0131 Milli E\u011fitim Bakan\u0131 \u00d6mer Din\u00e7er ile yapt\u0131\u011f\u0131m\u0131z g\u00f6r\u00fc\u015fmenin kelime kelime d\u00f6k\u00fcm\u00fc:<\/p>\n<p style=\"text-align: justify;\"><strong>&#8211; E\u011fitim d\u00fcnyas\u0131n\u0131n \u015fu anda kar\u015f\u0131 kar\u015f\u0131ya kald\u0131\u011f\u0131 karga\u015fan\u0131n sebebi nedir?<\/strong><\/p>\n<p style=\"text-align: justify;\">Karga\u015fa var, evet fakat bu bizim yapt\u0131klar\u0131m\u0131zla ilgili de\u011fil. Karga\u015fa var ama ciddi bir problem yok. Karga\u015fay\u0131 bizim ne yapmaya \u00e7al\u0131\u015ft\u0131\u011f\u0131m\u0131z\u0131 anlamayan s\u00f6zde e\u011fitim uzmanlar\u0131 \u00e7\u0131kar\u0131yor. Oysa biz T\u00fcrkiye&#8217;yi de\u011fi\u015ftirecek haz\u0131rl\u0131klar\u0131 alt\u0131 ayd\u0131r s\u00fcrd\u00fcr\u00fcyoruz. Apar topar olmad\u0131.<\/p>\n<p style=\"text-align: justify;\">&#8211; Bence bir karga\u015fa var. Bu \u00fclkede ya\u015fayan bir vatanda\u015f ve gazeteci olarak bunu g\u00f6zlemliyorum. Galiba imam hatiplerle ilgili d\u00fczenlemenizde \u015feffaf davranmad\u0131\u011f\u0131n\u0131z i\u00e7in bunlar\u0131n bir k\u0131sm\u0131 ya\u015fan\u0131yor. T\u00fcrkiye eski T\u00fcrkiye de\u011fil. \u0130mam hatiplerle ilgili d\u00fczenleme yapmak istiyorsan\u0131z daha \u015feffaf ve a\u00e7\u0131k bir \u015fekilde yapamaz m\u0131yd\u0131n\u0131z?<\/p>\n<p style=\"text-align: justify;\"><strong>Mesela 4+4+4 yerine 5+3 olmaz m\u0131yd\u0131?<\/strong><\/p>\n<p style=\"text-align: justify;\">Nimet \u00c7ubuk\u00e7u d\u00f6neminde san\u0131yorum 18&#8217;inci e\u011fitim \u015furas\u0131nda al\u0131nm\u0131\u015f bir karara g\u00f6re 4+4+4 uygulamas\u0131na ge\u00e7tik. Ayr\u0131ca yabanc\u0131 dil e\u011fitimi konusunda buna ihtiyac\u0131m\u0131z vard\u0131. Haz\u0131rl\u0131k s\u0131n\u0131flar\u0131yla ilgili \u00e7ok ciddi haz\u0131rl\u0131k yap\u0131yoruz. Bunun i\u00e7in de ortaokul birinci s\u0131n\u0131f\u0131 \u00f6ng\u00f6r\u00fcyoruz. En uygunu odur. 4+4+4 derken arkada b\u00f6ylesine planlamalar var.<\/p>\n<p style=\"text-align: justify;\"><strong>&#8211; \u0130mam hatip liseleri bu d\u00fczenlemenin neresinde?<\/strong><\/p>\n<p style=\"text-align: justify;\">Biz asl\u0131nda imam hatipler i\u00e7in yola \u00e7\u0131kmad\u0131k. \u0130mam hatiple alakas\u0131 yok. Bu konudaki d\u00fc\u015f\u00fcncelerimizi \u00e7ok da \u015feffaf s\u00f6yledik. T\u00fcrk e\u011fitim sistemini demokratikle\u015ftiriyoruz ve esnekle\u015ftiriyoruz. Elbette dindar \u00e7izgi, muhafazakar kesimin ihtiya\u00e7 ve taleplerini de ele ald\u0131k. Daha \u00f6nceki d\u00f6nemde ma\u011fdur edilmi\u015flerdi.<\/p>\n<p style=\"text-align: justify;\"><strong>AB \u00c7OCUKLARI 60 AYLIK G\u0130D\u0130YOR<\/strong><\/p>\n<p style=\"text-align: justify;\"><strong>&#8211; 66 ay konusunda bu \u0131srar niye? Adeta dayatma gibi alg\u0131lanm\u0131yor mu?<\/strong><\/p>\n<p style=\"text-align: justify;\">Bu bilimsel bir tercihtir. Do\u011frudur. Bug\u00fcn en \u00e7ok g\u00fcr\u00fclt\u00fc yapanlar yar\u0131n \u00f6nce kendi \u00e7ocuklar\u0131n\u0131 okula g\u00f6nderecekler. &#8216;Haz\u0131r de\u011filiz&#8217; kervan\u0131 var g\u00f6r\u00fcyorum. Rakamlar\u0131 anlatay\u0131m size. T\u00fcrkiye&#8217;de biz ge\u00e7en sene 60 ay ila 72 ay aras\u0131ndaki \u00e7ocuklar\u0131m\u0131z\u0131n y\u00fczde 67&#8217;sini okullar\u0131m\u0131za ald\u0131k. Okul \u00f6ncesi e\u011fitim verdik. Dikkat edin y\u00fczde 67&#8230; Okul, s\u0131n\u0131f ve lavabo s\u0131k\u0131nt\u0131s\u0131 olmad\u0131. Bu \u00e7ocuklar okulu tan\u0131yor. \u0130ngiltere&#8217;de \u00e7ocuklar 60 ayda okula gidiyor da bizimkiler 66 ayda niye gitmesin. AB \u00fclkelerinin 15&#8217;inde oluyor da bizde niye olmuyor?<\/p>\n<p style=\"text-align: justify;\"><strong>&#8211; Peki okul ve derslik ihtiyac\u0131 ne olacak? Prefabrik derslikler \u00e7\u00f6z\u00fcm olur mu?<\/strong><\/p>\n<p style=\"text-align: justify;\">T\u00fcrkiye \u00e7ap\u0131ndaki b\u00fct\u00fcn okullar\u0131 ara\u015ft\u0131rd\u0131k. Makam odas\u0131 ve masraf d\u0131\u015f\u0131 kullan\u0131lan odalar\u0131 dersli\u011fe \u00e7evirdik. Ne kadar derslik kazand\u0131k biliyor musunuz? 7 bin 900&#8230; Biz her y\u0131l 17 bin derslik yap\u0131yoruz. Bu y\u0131l 20 bin olacak. Bu 7 bini de ekleyin. 30 \u00f6\u011frenciyle \u00e7arp\u0131n. Yani derslik konusunda kesin olarak s\u00f6yl\u00fcyorum ge\u00e7en y\u0131ldan daha k\u00f6t\u00fc olmayacak.<\/p>\n<p style=\"text-align: justify;\"><strong>&#8211; En ciddi problemlerden biri de \u00f6\u011fretmenler de\u011fil mi?<\/strong><\/p>\n<p style=\"text-align: justify;\">Ben de \u00f6yle g\u00f6r\u00fcyorum. Yola da b\u00f6yle \u00e7\u0131kt\u0131m. 57 bin \u00f6\u011fretmen al\u0131yoruz. H\u00fcseyin \u00c7elik ve Nimet \u00c7ubuk\u00e7u d\u00f6nemlerinde ve \u00f6nceki bakanlar d\u00f6nemlerinde ka\u00e7 \u00f6\u011fretmen al\u0131nm\u0131\u015f?<\/p>\n<p style=\"text-align: justify;\"><strong>PKK YANLISI VE LA\u0130K\u00c7\u0130 RAHATSIZ<\/strong><\/p>\n<p style=\"text-align: justify;\"><strong>&#8211; Vatanda\u015f sizce niye tepki g\u00f6steriyor? Herkes kendi \u00e7ocu\u011funun iyili\u011fini d\u00fc\u015f\u00fcnmez mi?<\/strong><\/p>\n<p style=\"text-align: justify;\">Normal vatanda\u015flar\u0131m\u0131z\u0131n \u00e7o\u011funlu\u011fu bizi destekliyor. Bak\u0131n, biz istemiyoruz ama vatanda\u015flar 60 ayl\u0131k \u00e7ocu\u011funu bile okula g\u00f6ndermekten yana. Ele\u015ftirilerin bir k\u0131sm\u0131 PKK kaynakl\u0131. \u00c7ocuklar\u0131m\u0131z\u0131 erken ya\u015fta okula al\u0131p T\u00fcrk\u00e7e \u00f6\u011fretece\u011fiz, onlar\u0131 hayata haz\u0131rlayaca\u011f\u0131z. &#8216;Rapor dahi almay\u0131n&#8217; diyenler PKK yanl\u0131lar\u0131. Bunu \u00f6nlemek istiyor. Bir de laik\u00e7i kesim bu reformdan rahats\u0131z oluyor.<\/p>\n<p style=\"text-align: justify;\">(Bakan&#8217;a burada itiraz ettim. Tan\u0131d\u0131\u011f\u0131m pek \u00e7ok ailenin endi\u015felerini aktard\u0131m. Hastanelerde rapor pe\u015finde ko\u015fan ailelerin durumunu hat\u0131rlatt\u0131m. Ve sorumu yineledim. Bakan burada bir iddiada bulundu ve bir rakam verdi. Okullar a\u00e7\u0131ld\u0131\u011f\u0131nda en fazla bu rakam kadar velinin rapor alaca\u011f\u0131n\u0131 s\u00f6yledi. &#8216;Bunu o g\u00fcn tekrar konu\u015fal\u0131m&#8217; dedi. Ama rakam\u0131 yazmamam\u0131 rica etti.)<\/p>\n<p style=\"text-align: justify;\">&#8211; E\u015f durumundan atama problemi de \u00e7ok konu\u015fuluyor. Yo\u011fun talepler var. Bir \u00e7\u00f6z\u00fcm modeli s\u00f6z konusu mu? Bakan Din\u00e7er bu noktada \u00e7ok \u00f6nemli ve \u00e7arp\u0131c\u0131 buldu\u011fum baz\u0131 rakamlar\u0131 aktard\u0131. Yan\u0131t\u0131 aynen \u015f\u00f6yle:<\/p>\n<p style=\"text-align: justify;\">A\u00e7\u0131k konu\u015fay\u0131m b\u00fcy\u00fck \u015fehirlerde \u00f6zellikle \u0130stanbul ve Ankara&#8217;da tam 33 bin norm fazlas\u0131 \u00f6\u011fretmen var. Bunun 13 bini s\u0131n\u0131f \u00f6\u011fretmeni. B\u00fcy\u00fck \u015fehirlerde y\u0131\u011f\u0131lm\u0131\u015flar. Bir \u00f6\u011fretmenin ayl\u0131k maliyeti 3 bin lira, y\u0131ll\u0131k 36 bin lira. 33 bin \u00f6\u011fretmenin y\u0131ll\u0131k maliyeti 1.1 milyar TL. \u015eimdi soruyorum T\u00fcrkiye bu kadar zengin mi?<\/p>\n<p style=\"text-align: justify;\"><strong>B\u00dcY\u00dcK KENTE YI\u011eILMAYACAK<\/strong><\/p>\n<p style=\"text-align: justify;\"><strong>&#8211; Hakl\u0131s\u0131n\u0131z ama e\u015fiyle ayr\u0131 ayr\u0131 \u015fehirlerde g\u00f6rev yapan \u00f6\u011fretmenlerin durumlar\u0131 ne olacak?<\/strong><\/p>\n<p style=\"text-align: justify;\">\u0130ki bin \u00f6\u011fretmen kulis yap\u0131yor. Sosyal medyada lobi yapman\u0131n faydas\u0131n\u0131 g\u00f6rd\u00fcler. &#8216;E\u015fleri neden bir araya getirmiyorsunuz&#8217; diyorlar. Biri Diyarbak\u0131r&#8217;da biri U\u015fak&#8217;ta iyi de neden Diyarbak\u0131r&#8217;dakini U\u015fak&#8217;a g\u00f6ndereyim? Orada zaten fazla var. \u00d6b\u00fcr tarafa gideceksen birle\u015ftireyim. Bu \u00fclkenin \u00e7ocu\u011fu neredeyse \u00f6\u011fretmeni de orada olacak. \u0130stanbul ve Ankara&#8217;ya y\u0131\u011f\u0131lmayacak.<\/p>\n<p style=\"text-align: justify;\"><strong>Do\u011frular\u0131 s\u00f6yledim kimseye anlatamad\u0131m<\/strong><\/p>\n<p style=\"text-align: justify;\"><strong>&#8211; Geri ad\u0131m atacak m\u0131s\u0131n\u0131z?<\/strong><\/p>\n<p style=\"text-align: justify;\">Kampanya yap\u0131yorlar. Ama ben do\u011frular\u0131 savunuyorum. A\u00e7\u0131k\u00e7as\u0131 bu konuda derdimi Say\u0131n Ba\u015fbakan\u0131m\u0131za bile anlatam\u0131yorum. \u00d6ncelikle e\u011fitimi ve \u00e7ocuklar\u0131 d\u00fc\u015f\u00fcn\u00fcyorum. Ben bu \u00fclkeyi ve \u00e7ocuklar\u0131 \u00e7ok seviyorum. T\u00fcm \u00f6\u011fretmenlerimizi s\u0131n\u0131fta g\u00f6rmek istiyorum. E\u011fer biz \u00f6\u011fretmenlerimizi T\u00fcrkiye genelinde adil da\u011f\u0131tabilirsek sorunu b\u00fcy\u00fck \u00f6l\u00e7\u00fcde \u00e7\u00f6zeriz.<\/p>\n<p style=\"text-align: justify;\"><strong>\u00c7EL\u0130K VE \u00c7UBUK\u00c7U D\u00d6NEM\u0130 Y\u00dcZDE 50 \u0130D\u0130<\/strong><\/p>\n<p style=\"text-align: justify;\"><strong>&#8211; Peki \u00f6\u011fretmen sorununu daha kal\u0131c\u0131 bi\u00e7imde nas\u0131l \u00e7\u00f6zeceksiniz?<\/strong><\/p>\n<p style=\"text-align: justify;\">Baz\u0131 ger\u00e7ekler var. H\u00fcseyin \u00c7elik konu\u015fuyor, Nimet \u00c7ubuk\u00e7u konu\u015fuyor. Rakamlara bakal\u0131m. H\u00fcseyin \u00c7elik, Nimet \u00c7ubuk\u00e7u ve ondan \u00f6nceki d\u00f6nemlerde biz ihtiya\u00e7 duydu\u011fumuz \u00f6\u011fretmenlerin ancak y\u00fczde 50&#8217;sini alabiliyorduk. Ben bu sene 57 bin \u00f6\u011fretmen al\u0131yorum. Toplam ihtiyac\u0131n y\u00fczde 80&#8217;ini kar\u015f\u0131l\u0131yorum. Ayr\u0131ca \u015fu da var. Ge\u00e7en y\u0131l ilk\u00f6\u011fretimi 5 y\u0131l diye d\u00fc\u015f\u00fcnm\u00fc\u015ft\u00fck. Bu sene d\u00f6rt y\u0131l. Be\u015finci s\u0131n\u0131flarda iki kat \u00f6\u011fretmen var elimde. Bunlar\u0131 okullar\u0131nda tuttuk. \u0130yi de\u011ferlendirirsek \u00e7ok fayda sa\u011flayacak. \u015eu rakam\u0131 da vereyim. \u00d6z\u00fcr atamas\u0131 olarak yer de\u011fi\u015ftirmek isteyen 25 bin \u00f6\u011fretmen talebi var. Diyelim tamam\u0131 bile hakl\u0131 olsa ben bunlar\u0131 nereye da\u011f\u0131tay\u0131m? Taleplerde y\u0131\u011f\u0131lma olan yerlere bak\u0131n. Beni ele\u015ftirenler bir an kendilerini Milli E\u011fitim Bakan\u0131 yerine koysunlar sonra da ellerini vicdanlar\u0131na.<\/p>\n<p style=\"text-align: justify;\"><strong>G\u00dcR\u00dcLT\u00dc KOPARILDI\u011eI KADAR PROBLEM YOK<\/strong><\/p>\n<p style=\"text-align: justify;\">Yakla\u015f\u0131k 50 dakikadan sonra telefonlar\u0131 kapatmak \u00fczereydik. Yak\u0131nda okullar a\u00e7\u0131l\u0131yor. Bakana son bir kez daha &#8216;Toplumu sa\u011fl\u0131kl\u0131 bilgilendirmeniz gerekiyor. Ben s\u00f6ylediklerinizi aynen aktaraca\u011f\u0131m. Ama e\u011fitim-\u00f6\u011fretim d\u00f6nemi a\u00e7\u0131ld\u0131\u011f\u0131nda bu konular daha \u00e7ok konu\u015fulur&#8217; diyerek son s\u00f6z\u00fc verdim.<\/p>\n<p style=\"text-align: justify;\">Bakan Din\u00e7er de bug\u00fcnden itibaren toplumu bilgilendirme konusunda ciddi bir ata\u011fa kalkacaklar\u0131n\u0131 ifade etti. Son olarak \u015funlar\u0131 s\u00f6yledi:<\/p>\n<p style=\"text-align: justify;\">\u0130nan\u0131n g\u00fcr\u00fclt\u00fc kopar\u0131ld\u0131\u011f\u0131 kadar b\u00fcy\u00fck bir problem yok. Biz sadece ilkokul 1, ortaokul 1 ve lise 1&#8217;lerde yap\u0131sal de\u011fi\u015fikliklere gittik. Yani toplam \u00fc\u00e7 s\u0131n\u0131f. Oysa ilkokul, ortaokul ve lisede 3&#8217;er s\u0131n\u0131f daha var. Bu orana bakarsak kopart\u0131lan g\u00fcr\u00fclt\u00fc \u00e7ok fazla de\u011fil mi?<\/p>\n<p style=\"text-align: justify;\">Milli E\u011fitim Bakan\u0131 \u00d6mer Din\u00e7er&#8217;in sorular\u0131ma verdi\u011fi yan\u0131tlar b\u00f6yle. Sorulara ve yan\u0131tlar\u0131n kelimesine dokunmadan aktard\u0131m. Yorum sizlerin. Ama bug\u00fcnden itibaren g\u00fcndem e\u011fitim. Biz de AK\u015eAM olarak tamamen \u00f6nyarg\u0131s\u0131z e\u011fitim d\u00fcnyas\u0131ndaki geli\u015fmeleri aktaraca\u011f\u0131z. Bakal\u0131m okullar a\u00e7\u0131ld\u0131\u011f\u0131nda nas\u0131l bir tablo bizleri bekliyor olacak.<\/p>\n<p style=\"text-align: justify;\"><a href=\"http:\/\/www.gazeteport.com.tr\/haber\/109540\/66-aya-pkk-karsi\" target=\"_blank\">Kaynak : GAZETEPORT<\/a><\/p>\n<p style=\"text-align: justify;\">\n","protected":false},"excerpt":{"rendered":"<p style=\"text-align: justify;\">\n<p style=\"text-align: justify;\">Milli E\u011fitim Bakan\u0131 \u00d6mer Din\u00e7er 4+4+4 e\u011fitim sistemiyle ilgili \u00e7arp\u0131c\u0131 a\u00e7\u0131klamalarda bulundu.<\/p>\n<p style=\"text-align: justify;\">Ak\u015fam Gazetesi&#8217;nin Genel Yay\u0131n Y\u00f6netmeni \u0130smail K\u00fc\u00e7\u00fckkaya&#8217;ya konu\u015fan Milli E\u011fitim Bakan\u0131 \u00d6mer Din\u00e7er tart\u0131\u015f\u0131lacak a\u00e7\u0131klamalarda bulundu&#8230;<\/p>\n<p style=\"text-align: justify;\">\u0130\u015fte Ak\u015fam Gazetesi&#8217;nin Genel Yay\u0131n Y\u00f6netmeni \u0130smail K\u00fc\u00e7\u00fckkaya&#8217;n\u0131n bug\u00fcnk\u00fc yaz\u0131s\u0131.. <\/p>\n<p style=\"text-align: justify;\">E\u011fitim d\u00f6nemi yakla\u015f\u0131rken ortaya \u00e7\u0131kan <\/p>\n","protected":false},"author":1,"featured_media":0,"comment_status":"open","ping_status":"open","sticky":false,"template":"","format":"standard","meta":{"footnotes":""},"categories":[105],"tags":[],"class_list":["post-54893","post","type-post","status-publish","format-standard","hentry","category-gundem","odd"],"_links":{"self":[{"href":"http:\/\/www.korhanyilmaz.com\/index.php?rest_route=\/wp\/v2\/posts\/54893","targetHints":{"allow":["GET"]}}],"collection":[{"href":"http:\/\/www.korhanyilmaz.com\/index.php?rest_route=\/wp\/v2\/posts"}],"about":[{"href":"http:\/\/www.korhanyilmaz.com\/index.php?rest_route=\/wp\/v2\/types\/post"}],"author":[{"embeddable":true,"href":"http:\/\/www.korhanyilmaz.com\/index.php?rest_route=\/wp\/v2\/users\/1"}],"replies":[{"embeddable":true,"href":"http:\/\/www.korhanyilmaz.com\/index.php?rest_route=%2Fwp%2Fv2%2Fcomments&post=54893"}],"version-history":[{"count":0,"href":"http:\/\/www.korhanyilmaz.com\/index.php?rest_route=\/wp\/v2\/posts\/54893\/revisions"}],"wp:attachment":[{"href":"http:\/\/www.korhanyilmaz.com\/index.php?rest_route=%2Fwp%2Fv2%2Fmedia&parent=54893"}],"wp:term":[{"taxonomy":"category","embeddable":true,"href":"http:\/\/www.korhanyilmaz.com\/index.php?rest_route=%2Fwp%2Fv2%2Fcategories&post=54893"},{"taxonomy":"post_tag","embeddable":true,"href":"http:\/\/www.korhanyilmaz.com\/index.php?rest_route=%2Fwp%2Fv2%2Ftags&post=54893"}],"curies":[{"name":"wp","href":"https:\/\/api.w.org\/{rel}","templated":true}]}}