{"id":54888,"date":"2012-09-03T00:05:19","date_gmt":"2012-09-02T21:05:19","guid":{"rendered":"http:\/\/www.korhanyilmaz.com\/?p=54888"},"modified":"2012-09-03T09:19:20","modified_gmt":"2012-09-03T06:19:20","slug":"irana-giden-altin-supheli","status":"publish","type":"post","link":"http:\/\/www.korhanyilmaz.com\/?p=54888","title":{"rendered":"&#8220;\u0130ran&#8217;a giden alt\u0131n \u015f\u00fcpheli&#8221;"},"content":{"rendered":"<p style=\"text-align: center;\"><a href=\"http:\/\/www.korhanyilmaz.com\/wp-content\/uploads\/2012\/09\/H607.jpg\"  class=\"lightview\"><img loading=\"lazy\" decoding=\"async\" class=\"aligncenter  wp-image-54889\" src=\"http:\/\/www.korhanyilmaz.com\/wp-content\/uploads\/2012\/09\/H607.jpg\" alt=\"\" width=\"374\" height=\"170\" \/><\/a><\/p>\n<p style=\"text-align: justify;\">\u0130ran, her ay T\u00fcrkiye\u2019den bir TIR dolusu ve 25 ton alt\u0131n al\u0131yor. Hazine eski M\u00fcste\u015far\u0131 CHP\u2019li \u00d6ztrak \u2018\u2019Bu normal de\u011fil, \u00f6deme ya da transfer yap\u0131l\u0131yor. Alt\u0131n\u0131 hangi firmalar ihrac ediyor?\u2019\u2019 dedi. Bakan \u00c7a\u011flayan firma ismi vermedi.<\/p>\n<p style=\"text-align: justify;\">ANKARA &#8211; \u0130ran, Nisan ay\u0131ndan bu yana T\u00fcrkiye&#8217;den \u00e7ok b\u00fcy\u00fck miktarlarda alt\u0131n almaya ba\u015flad\u0131. 2011 y\u0131l\u0131n\u0131n tamam\u0131nda 53 milyon dolarl\u0131k alt\u0131n alan \u0130ran, y\u0131lba\u015f\u0131ndan bu yana ise 9 milyar dolara yak\u0131n alt\u0131n ithal etti. TU\u0130K verilerine g\u00f6re k\u0131ymetli maden ihracat\u0131 da birinci s\u0131raya y\u00fckseldi.\u00a0<!--more--><\/p>\n<p style=\"text-align: justify;\">Ge\u00e7en y\u0131l T\u00fcrkiye\u2019den toplam bir ton alt\u0131n alan \u0130ran, bu y\u0131l\u0131n Nisan ay\u0131ndan itibaren ise, her ay 25 ton alt\u0131n almaya ba\u015flad\u0131. Her ay 25 tonluk ve bir TIR dolusu alt\u0131n\u0131n \u0130ran\u2019a gitti\u011fini belirten CHP Tekirda\u011f milletvekili ve Hazine eski M\u00fcste\u015far\u0131 Faik \u00d6ztrak, \u2018\u2019Bu durum hi\u00e7 normal de\u011fil\u2019\u2019 dedi.<\/p>\n<p style=\"text-align: justify;\">\u00d6ztrak y\u0131l Nisan ay\u0131nda ba\u015flayan \u0130ran\u2019a y\u00f6nelik ola\u011fan\u00fcst\u00fc alt\u0131n ihracat\u0131n\u0131n May\u0131s ve daha sonraki aylarda da devam etti\u011fini belirterek \u2018\u2019 \u0130ran\u2019a May\u0131s ay\u0131nda yap\u0131lan ihracat\u0131n y\u00fczde 82\u2019si alt\u0131n. Sadece Nisan ve May\u0131s aylar\u0131nda bu \u00fclkeye 51,5 ton alt\u0131n gitti. Her ay bir TIR dolusu alt\u0131n \u0130ran\u2019a gidiyor. Bu, normal bir ticaret de\u011fildir\u2019\u2019 dedi.<\/p>\n<p style=\"text-align: justify;\">\u00d6ztrak TBMM\u2019ye verdi\u011fi \u00f6nergede de \u2018\u2019Bu miktarda bir alt\u0131n ihrac\u0131n\u0131n tek bir \u00fclkeye yap\u0131lmas\u0131 normal bir ihracattan \u00e7ok, bir \u00f6deme ya da transfer ihtimalini g\u00fcndeme getirmektedir\u2019\u2019 dedi. \u00d6ztrak, Ba\u015fbakan Erdo\u011fan\u2019a da \u2018\u2019\u0130ran\u2019\u0131n T\u00fcrkiye\u2019den olan alt\u0131n talebi birden bire neden artm\u0131\u015ft\u0131r. Bu ihrac\u0131 hangi firmalar yapmaktad\u0131r\u2019\u2019 sorular\u0131n\u0131 y\u00f6neltti.<\/p>\n<p style=\"text-align: justify;\">Bu \u00f6nergeyi cevaplayan Ekonomi Bakan\u0131 Zafer \u00c7a\u011flayan ise y\u0131llar itibar\u0131yla \u0130ran ile olan ticaret hacmi konusunda rakamlar vermekle yetindi, firma ismi vermedi. CHP Ankara milletvekili Sinan Ayg\u00fcn de, bu durumun T\u00fcrkiye\u2019nin \u0130ran\u2019a olan ithalat borcunu alt\u0131nla \u00f6dedi\u011fi d\u00fc\u015f\u00fcncesine yol a\u00e7t\u0131\u011f\u0131n\u0131 vurgulad\u0131.<\/p>\n<p style=\"text-align: justify;\"><a href=\"http:\/\/www.gazeteport.com.tr\/haber\/109524\/quotirana-giden-altin-supheliquot\" target=\"_blank\">Kaynak : GAZETEPORT<\/a><\/p>\n","protected":false},"excerpt":{"rendered":"<p style=\"text-align: center;\">\n<p style=\"text-align: justify;\">\u0130ran, her ay T\u00fcrkiye\u2019den bir TIR dolusu ve 25 ton alt\u0131n al\u0131yor. Hazine eski M\u00fcste\u015far\u0131 CHP\u2019li \u00d6ztrak \u2018\u2019Bu normal de\u011fil, \u00f6deme ya da transfer yap\u0131l\u0131yor. Alt\u0131n\u0131 hangi firmalar ihrac ediyor?\u2019\u2019 dedi. Bakan \u00c7a\u011flayan firma ismi vermedi.<\/p>\n<p style=\"text-align: justify;\">ANKARA &#8211; \u0130ran, Nisan ay\u0131ndan bu yana T\u00fcrkiye&#8217;den \u00e7ok b\u00fcy\u00fck miktarlarda alt\u0131n <\/p>\n","protected":false},"author":1,"featured_media":0,"comment_status":"open","ping_status":"open","sticky":false,"template":"","format":"standard","meta":{"footnotes":""},"categories":[7,105],"tags":[],"class_list":["post-54888","post","type-post","status-publish","format-standard","hentry","category-ekonomi","category-gundem","odd"],"_links":{"self":[{"href":"http:\/\/www.korhanyilmaz.com\/index.php?rest_route=\/wp\/v2\/posts\/54888","targetHints":{"allow":["GET"]}}],"collection":[{"href":"http:\/\/www.korhanyilmaz.com\/index.php?rest_route=\/wp\/v2\/posts"}],"about":[{"href":"http:\/\/www.korhanyilmaz.com\/index.php?rest_route=\/wp\/v2\/types\/post"}],"author":[{"embeddable":true,"href":"http:\/\/www.korhanyilmaz.com\/index.php?rest_route=\/wp\/v2\/users\/1"}],"replies":[{"embeddable":true,"href":"http:\/\/www.korhanyilmaz.com\/index.php?rest_route=%2Fwp%2Fv2%2Fcomments&post=54888"}],"version-history":[{"count":0,"href":"http:\/\/www.korhanyilmaz.com\/index.php?rest_route=\/wp\/v2\/posts\/54888\/revisions"}],"wp:attachment":[{"href":"http:\/\/www.korhanyilmaz.com\/index.php?rest_route=%2Fwp%2Fv2%2Fmedia&parent=54888"}],"wp:term":[{"taxonomy":"category","embeddable":true,"href":"http:\/\/www.korhanyilmaz.com\/index.php?rest_route=%2Fwp%2Fv2%2Fcategories&post=54888"},{"taxonomy":"post_tag","embeddable":true,"href":"http:\/\/www.korhanyilmaz.com\/index.php?rest_route=%2Fwp%2Fv2%2Ftags&post=54888"}],"curies":[{"name":"wp","href":"https:\/\/api.w.org\/{rel}","templated":true}]}}