{"id":54884,"date":"2012-09-02T20:40:20","date_gmt":"2012-09-02T17:40:20","guid":{"rendered":"http:\/\/www.korhanyilmaz.com\/?p=54884"},"modified":"2012-09-03T01:57:44","modified_gmt":"2012-09-02T22:57:44","slug":"bbp-genel-baskanindan-dehset-sozler","status":"publish","type":"post","link":"http:\/\/www.korhanyilmaz.com\/?p=54884","title":{"rendered":"BBP Genel Ba\u015fkan\u0131&#8217;ndan deh\u015fet s\u00f6zler"},"content":{"rendered":"<p style=\"text-align: justify;\"><a href=\"http:\/\/www.korhanyilmaz.com\/wp-content\/uploads\/2012\/09\/H606.jpg\"  class=\"lightview\"><img loading=\"lazy\" decoding=\"async\" class=\"aligncenter size-full wp-image-54885\" title=\"\" src=\"http:\/\/www.korhanyilmaz.com\/wp-content\/uploads\/2012\/09\/H606.jpg\" alt=\"\" width=\"292\" height=\"224\" \/><\/a><\/p>\n<p style=\"text-align: justify;\">BBP Genel Ba\u015fkan\u0131 Mustafa Destici, Do\u011fu ve G\u00fcneydo\u011fu Anadolu B\u00f6lgesi&#8217;ni kastederek &#8220;O b\u00f6lgedeki \u00f6\u011fretmenlerin b\u00fcy\u00fck bir k\u0131sm\u0131 PKK&#8217;ya hizmet ediyor, da\u011fa ter\u00f6rist yeti\u015ftiriyor&#8221; dedi.<\/p>\n<p style=\"text-align: justify;\">Destici, partisi taraf\u0131ndan Tando\u011fan Meydan\u0131&#8217;nda d\u00fczenlenen &#8220;Ter\u00f6re Kar\u015f\u0131 Birlik&#8221; mitinginde konu\u015ftu.<\/p>\n<p style=\"text-align: justify;\">\u00d6\u011fle saatlerinden itibaren alan\u0131 dolduran BBP&#8217;liler, \u00fczerlerinde &#8220;Meclis&#8217;te PKK istemiyoruz&#8221;, &#8220;Ter\u00f6r\u00fcn \u00e7\u00f6z\u00fcm\u00fc i\u00e7in demokratik anayasa&#8221; ve &#8220;Ter\u00f6r i\u00e7in idam cezas\u0131 gelsin&#8221; yazan d\u00f6vizleri ta\u015f\u0131d\u0131, slogan att\u0131. Alanda \u015fahit aileleri d\u00fc\u015f\u00fcncelerini payla\u015ft\u0131, Kur&#8217;an-\u0131 Kerim okundu.\u00a0<!--more--><\/p>\n<p style=\"text-align: justify;\">Mustafa Destici, konu\u015fmas\u0131na, &#8220;Her t\u00fcrl\u00fc yoklu\u011fa ra\u011fmen ter\u00f6rle m\u00fccadele eden g\u00fcvenlik g\u00fc\u00e7lerini selaml\u0131yorum&#8217; diyerek ba\u015flad\u0131.<\/p>\n<p style=\"text-align: justify;\">T\u00fcrkiye&#8217;deki insanlar\u0131n bin 200 y\u0131ll\u0131k karde\u015fli\u011fine kimsenin zarar veremeyece\u011fini ifade eden Destici, &#8220;Ben bir T\u00fcrk milliyet\u00e7isiyim. Bu bayra\u011f\u0131n alt\u0131nda bir ve beraber ya\u015fama iradesi ortaya koyan K\u00fcrt&#8217;\u00fcn de T\u00fcrk&#8217;\u00fcn de Zaza&#8217;n\u0131n da \u00c7erkez&#8217;in de Bo\u015fnak&#8217;\u0131n da milliyet\u00e7isiyim&#8221; dedi.<\/p>\n<p style=\"text-align: justify;\"><strong>&#8220;Bu soytar\u0131lar&#8230;&#8221;\u00a0<\/strong><\/p>\n<p style=\"text-align: justify;\">K\u00fcresel g\u00fc\u00e7lerin, \u0130srail&#8217;in, ABD&#8217;nin, \u0130ngiltere&#8217;nin, Rusya&#8217;n\u0131n, \u00c7in&#8217;in, PKK&#8217;n\u0131n ve siyasi uzant\u0131lar\u0131n\u0131n emellerini anlad\u0131klar\u0131n\u0131 belirten Destici, &#8220;Ama bizim anlamad\u0131\u011f\u0131m\u0131z, bizi 30 y\u0131ld\u0131r y\u00f6netenlerin, bu PKK ter\u00f6r \u00f6rg\u00fct\u00fc ile topyek\u00fcn ger\u00e7ek anlamda m\u00fccadele etmemi\u015f olmas\u0131&#8221; diye konu\u015ftu.<\/p>\n<p style=\"text-align: justify;\">Destici, bu kadar s\u00fcrede asker-sivil i\u015fbirli\u011finin sa\u011flanamad\u0131\u011f\u0131n\u0131, karakollara bask\u0131n yapanlardan hesap sorulamad\u0131\u011f\u0131n\u0131 anlatarak, 21 g\u00fcnl\u00fck yana\u015f\u0131k d\u00fczen e\u011fitimi alan askerlerin, d\u0131\u015f g\u00fc\u00e7ler taraf\u0131ndan e\u011fitilen ter\u00f6ristlerle neden kar\u015f\u0131 kar\u015f\u0131ya b\u0131rak\u0131ld\u0131\u011f\u0131n\u0131 sordu.<\/p>\n<p style=\"text-align: justify;\">Bununla ilgili e\u011fitimli birliklerin kurulmas\u0131 gerekti\u011fini bildiren Destici, &#8220;Birbirine zoka atan istihbarat kurulu\u015flar\u0131 yerine s\u0131rf bu konuyla ilgilenecek yeni bir istihbarat te\u015fkilat\u0131 kurulmal\u0131d\u0131r. A\u011f\u0131r silahlarla donat\u0131lm\u0131\u015f 300 ki\u015filik PKK grubu s\u0131n\u0131r\u0131 nas\u0131l ge\u00e7ebiliyor&#8221; diye sordu.<\/p>\n<p style=\"text-align: justify;\">Ter\u00f6r\u00fcn finansman\u0131n\u0131n engellenmedi\u011fini, b\u00f6lgedeki belediye ihalelerinden ter\u00f6r \u00f6rg\u00fct\u00fcn\u00fcn maddi \u00e7\u0131kar elde etti\u011fini savunan Destici, &#8220;PKK ile m\u00fccadele ediyorsunuz da Kandil neden ortadan kald\u0131r\u0131lm\u0131yor? B\u00fct\u00e7e yoksa d\u00f6n\u00fcn millete, yast\u0131k alt\u0131ndaki paras\u0131n\u0131, parma\u011f\u0131ndakini, boynundakini de verir&#8221; g\u00f6r\u00fc\u015f\u00fcn\u00fc dile getirdi.<\/p>\n<p style=\"text-align: justify;\">PKK&#8217;l\u0131lar\u0131 &#8220;soytar\u0131&#8221; olarak niteleyen Destici, &#8220;Bu soytar\u0131lar, bu vatan hainleri \u015fu anda size meydan okuyor, racon kesiyorlar. Niye bunun alt\u0131nda kal\u0131yorsunuz? Adam \u00e7\u0131km\u0131\u015f diyor ki &#8216;Dokunulmazl\u0131\u011f\u0131 kald\u0131rmazsan\u0131z namertsiniz&#8217; diyor. Bu soytar\u0131lara, hainlere bu s\u00f6z\u00fc neden s\u00f6yletiyorsunuz? Bu milleti bu acziyete neden d\u00fc\u015f\u00fcr\u00fcyorsunuz&#8221; diye sordu.<\/p>\n<p style=\"text-align: justify;\"><strong>&#8216;PKK ile m\u00fccadele ediyoruz&#8217; demesinler\u00a0<\/strong><\/p>\n<p style=\"text-align: justify;\">Destici, \u015f\u00f6yle devam etti: &#8220;Allah \u015fahidimiz olsun ki bu millet bize yetkiyi versin, bunlar\u0131n<\/p>\n<p style=\"text-align: justify;\">hi\u00e7birisi konu\u015famayacak. Mehmet\u00e7i\u011fe kur\u015fun s\u0131kanlar, Gaziantep&#8217;te bombay\u0131 patlat\u0131p 1 ya\u015f\u0131ndaki, 5 ya\u015f\u0131ndaki, 10 ya\u015f\u0131ndaki \u00e7ocuklar\u0131m\u0131z\u0131n can\u0131na k\u0131yanlar\u0131, e\u011fer idam sehpas\u0131na \u00e7\u0131kartmazsak bize de BBP&#8217;nin dava adamlar\u0131 demesinler. Bunun cezas\u0131 ba\u015fka ne olabilir? Sen bombay\u0131 koyacaks\u0131n, 9 tane sivil cana k\u0131yacaks\u0131n, 66 sivil can\u0131 yaralayacaks\u0131n bunun cezas\u0131 ba\u015fka ne olabilir? Mutlaka idam cezas\u0131n\u0131n geri getirilmesi \u015fart. Bunun i\u00e7in biz ge\u00e7ti\u011fimiz y\u0131l \u00fc\u00e7 g\u00fcn i\u00e7inde, b\u00fct\u00fcn engellemelere ra\u011fmen 2 milyon imza toplad\u0131k, TBMM Dilek\u00e7e Komisyonu&#8217;na verdik, imzalar\u0131m\u0131z\u0131n ak\u0131betinin takip\u00e7isiyiz ve e\u011fer bu TBMM bu hainlerin dokunulmazl\u0131\u011f\u0131n\u0131 kald\u0131rmazsa, bu idam cezas\u0131n\u0131 geri getirmezse bu meydanlara\u00a0\u00e7\u0131k\u0131p milletin \u00f6n\u00fcnde &#8216;Biz ter\u00f6ristle, PKK ile m\u00fccadele ediyoruz&#8217; demesinler&#8221;<\/p>\n<p style=\"text-align: justify;\"><strong>&#8220;\u00d6\u011fretmenlerin b\u00fcy\u00fck bir k\u0131sm\u0131 PKK&#8217;ya hizmet ediyor&#8221;\u00a0<\/strong><\/p>\n<p style=\"text-align: justify;\">Mustafa Destici, Milli E\u011fitim Bakan\u0131 \u00d6mer Din\u00e7er&#8217;e seslenerek, &#8220;\u00d6\u011fretmenleri e\u015finden ay\u0131rmay\u0131, atanamayan \u00f6\u011fretmenler \u00f6n\u00fcnde engel olmay\u0131 b\u0131rak\u0131p&#8221; e\u011fitim kadrolar\u0131n\u0131 g\u00f6zden ge\u00e7irmesini istedi.<\/p>\n<p style=\"text-align: justify;\">Destici, &#8220;O b\u00f6lgedeki \u00f6\u011fretmenlerin b\u00fcy\u00fck bir k\u0131sm\u0131 PKK&#8217;ya hizmet ediyor, da\u011fa ter\u00f6rist yeti\u015ftiriyor. Ayn\u0131 \u015fekilde imam kadrosunun bir k\u0131sm\u0131 da PKK&#8217;ya \u00e7al\u0131\u015f\u0131yor. Benim bu s\u00f6yledi\u011fimin anla\u015f\u0131lmas\u0131 i\u00e7in illa Gaziantep&#8217;deki bombac\u0131n\u0131n ba\u015fm\u00fcd\u00fcr yard\u0131mc\u0131s\u0131 m\u0131 \u00e7\u0131kmas\u0131 gerekiyordu? Onun gibi binlercesi var&#8221; g\u00f6r\u00fc\u015f\u00fcn\u00fc dile getirdi.<\/p>\n<p style=\"text-align: justify;\"><a href=\"http:\/\/www.cnnturk.com\/2012\/turkiye\/09\/02\/bbp.genel.baskanindan.dehset.sozler\/675181.0\/index.html\" target=\"_blank\">Kaynak : CNN T\u00dcRK<\/a><\/p>\n","protected":false},"excerpt":{"rendered":"<p style=\"text-align: justify;\">\n<p style=\"text-align: justify;\">BBP Genel Ba\u015fkan\u0131 Mustafa Destici, Do\u011fu ve G\u00fcneydo\u011fu Anadolu B\u00f6lgesi&#8217;ni kastederek &#8220;O b\u00f6lgedeki \u00f6\u011fretmenlerin b\u00fcy\u00fck bir k\u0131sm\u0131 PKK&#8217;ya hizmet ediyor, da\u011fa ter\u00f6rist yeti\u015ftiriyor&#8221; dedi.<\/p>\n<p style=\"text-align: justify;\">Destici, partisi taraf\u0131ndan Tando\u011fan Meydan\u0131&#8217;nda d\u00fczenlenen &#8220;Ter\u00f6re Kar\u015f\u0131 Birlik&#8221; mitinginde konu\u015ftu.<\/p>\n<p style=\"text-align: justify;\">\u00d6\u011fle saatlerinden itibaren alan\u0131 dolduran BBP&#8217;liler, \u00fczerlerinde &#8220;Meclis&#8217;te PKK istemiyoruz&#8221;, &#8220;Ter\u00f6r\u00fcn <\/p>\n","protected":false},"author":1,"featured_media":0,"comment_status":"open","ping_status":"open","sticky":false,"template":"","format":"standard","meta":{"footnotes":""},"categories":[105],"tags":[],"class_list":["post-54884","post","type-post","status-publish","format-standard","hentry","category-gundem","odd"],"_links":{"self":[{"href":"http:\/\/www.korhanyilmaz.com\/index.php?rest_route=\/wp\/v2\/posts\/54884","targetHints":{"allow":["GET"]}}],"collection":[{"href":"http:\/\/www.korhanyilmaz.com\/index.php?rest_route=\/wp\/v2\/posts"}],"about":[{"href":"http:\/\/www.korhanyilmaz.com\/index.php?rest_route=\/wp\/v2\/types\/post"}],"author":[{"embeddable":true,"href":"http:\/\/www.korhanyilmaz.com\/index.php?rest_route=\/wp\/v2\/users\/1"}],"replies":[{"embeddable":true,"href":"http:\/\/www.korhanyilmaz.com\/index.php?rest_route=%2Fwp%2Fv2%2Fcomments&post=54884"}],"version-history":[{"count":0,"href":"http:\/\/www.korhanyilmaz.com\/index.php?rest_route=\/wp\/v2\/posts\/54884\/revisions"}],"wp:attachment":[{"href":"http:\/\/www.korhanyilmaz.com\/index.php?rest_route=%2Fwp%2Fv2%2Fmedia&parent=54884"}],"wp:term":[{"taxonomy":"category","embeddable":true,"href":"http:\/\/www.korhanyilmaz.com\/index.php?rest_route=%2Fwp%2Fv2%2Fcategories&post=54884"},{"taxonomy":"post_tag","embeddable":true,"href":"http:\/\/www.korhanyilmaz.com\/index.php?rest_route=%2Fwp%2Fv2%2Ftags&post=54884"}],"curies":[{"name":"wp","href":"https:\/\/api.w.org\/{rel}","templated":true}]}}