{"id":54880,"date":"2012-09-02T21:06:54","date_gmt":"2012-09-02T18:06:54","guid":{"rendered":"http:\/\/www.korhanyilmaz.com\/?p=54880"},"modified":"2012-09-03T01:49:49","modified_gmt":"2012-09-02T22:49:49","slug":"bdpli-vekiller-hakkinda-sok-iddia","status":"publish","type":"post","link":"http:\/\/www.korhanyilmaz.com\/?p=54880","title":{"rendered":"BDP&#8217;li vekiller hakk\u0131nda \u015fok iddia!"},"content":{"rendered":"<p style=\"text-align: justify;\"><a href=\"http:\/\/www.korhanyilmaz.com\/wp-content\/uploads\/2012\/09\/H605.jpg\"  class=\"lightview\"><img loading=\"lazy\" decoding=\"async\" class=\"aligncenter size-full wp-image-54881\" title=\"\" src=\"http:\/\/www.korhanyilmaz.com\/wp-content\/uploads\/2012\/09\/H605.jpg\" alt=\"\" width=\"337\" height=\"202\" \/><\/a><\/p>\n<p style=\"text-align: justify;\"><strong>Kuzu, Ufuk Uras&#8217;\u0131n BDP&#8217;liler taraf\u0131ndan \u00f6l\u00fcmle tehdit edildi\u011fini idida etti.\u00a0<\/strong><\/p>\n<p style=\"text-align: justify;\">TBMM Anayasa Komisyonu Ba\u015fkan\u0131 AK Parti \u0130stanbul Milletvekili Burhan Kuzu &#8220;BDP&#8217;nin ter\u00f6r \u00f6rg\u00fct\u00fcnden fark\u0131 yok.BDP bir su\u00e7 makinas\u0131d\u0131r&#8221; dedi. Kuzu, Ufuk Uras&#8217;\u0131n BDP&#8217;liler taraf\u0131ndan \u00f6l\u00fcmle tehdit edildi\u011fini idida etti.<\/p>\n<p style=\"text-align: justify;\">Kayseri&#8217;de bir dizi ziyaret ger\u00e7ekle\u015ftiren Anayasa Komisyonu Ba\u015fkan\u0131 Burhan Kuzu, \u015e\u0131hl\u0131l\u0131lar Yard\u0131mla\u015fma ve Ya\u015fatma Derne\u011fi&#8217;nde yapt\u0131\u011f\u0131 a\u00e7\u0131klamada BDP&#8217;yi ele\u015ftirdi.<!--more--><\/p>\n<p style=\"text-align: justify;\">Burhan Kuzu, &#8220;BDP&#8217;nin ter\u00f6r \u00f6rg\u00fct\u00fcnden fark\u0131 yok. BDP bir su\u00e7 makinas\u0131d\u0131r. Adamlar da\u011fdaki ter\u00f6ristlerle kucakla\u015f\u0131yor, git bir de askerimizle kucakla\u015f ki sizin ne oldu\u011funuzu anlayal\u0131m&#8221; diye konu\u015ftu.<\/p>\n<p style=\"text-align: justify;\">Ter\u00f6r\u00fcn kronik bir devlet meselesi haline geldi\u011fini belirten Burhan Kuzu, \u015f\u00f6yle devam etti: &#8220;Ter\u00f6r i\u015fi g\u00fcvenlik boyutu ile \u00e7\u00f6z\u00fclemez diye d\u00fc\u015f\u00fcn\u00fcyorum. Ter\u00f6r \u00f6rg\u00fct\u00fc bir hak m\u00fccadelesi vermiyor. T\u00fcrkiye&#8217;nin ilerlemesinden rahats\u0131z olan devletlerin te\u015feronlu\u011funu yap\u0131yorlar. Ne kadar \u00e7ok para verirlerse o kadar \u00e7ok adam \u00f6ld\u00fcrmeye endeksliler. Bunlar G\u00fcneydo\u011fu meselesinin \u00e7\u00f6z\u00fcm\u00fcn\u00fc de istemiyorlar. BDP nin ter\u00f6r \u00f6rg\u00fct\u00fcnden fark\u0131 yok. Bize Anayasa komisyonunda hi\u00e7 yard\u0131m etmediler. Birinci oylamaya girdiler ama maalesef ikinci oylamaya kat\u0131lmad\u0131lar bile. Bu milletin bunlar\u0131n iki y\u00fczl\u00fc olduklar\u0131n\u0131 g\u00f6rmeleri laz\u0131m.&#8221;<\/p>\n<p style=\"text-align: justify;\"><strong>Ufuk Uras&#8217;a \u00f6l\u00fcm tehdidi iddias\u0131\u00a0<\/strong><\/p>\n<p style=\"text-align: justify;\">BDP milletvekillerinin say\u0131s\u0131 19 iken, Ufus Uras&#8217;\u0131n partiye kat\u0131larak grup kurmalar\u0131n\u0131 sa\u011flad\u0131\u011f\u0131n\u0131 kaydeden Kuzu, &#8220;Sonu\u00e7ta Ufuk Uras&#8217;\u0131 arad\u0131m &#8216;birinci oylamaya geldin esas olan ikinci oylama gel&#8217; dedim. Oylama saati geldi. Ufuk Uras ortada yok. Zorla buldum. Bana &#8216;Beni \u00f6l\u00fcmle tehdit ediyorlar oylamaya gitmemem i\u00e7in, gelemiyorum \u00fczg\u00fcn\u00fcm hocam&#8217; dedi. \u0130\u015fte bunlar b\u00f6yle bir parti&#8221; dedi.<\/p>\n<p style=\"text-align: justify;\">Suriye&#8217;deki olaylar\u0131 da de\u011ferlendiren Burhan Kuzu, &#8220;Ortado\u011fu ve Suriye meselesinde Esad gidici, \u00f6yle ya da b\u00f6yle. Zul\u00fcm ile payidar olunmazm\u0131\u015f. B\u00fcy\u00fck devletlerin amac\u0131 Ortado\u011fu&#8217;da S\u00fcnni- Alevi \u00e7at\u0131\u015fmas\u0131 \u00e7\u0131kartmak istiyorlar. B\u00f6yle bir sava\u015f \u00e7\u0131karsa \u00f6mr\u00fc billah bu sava\u015f bitmez. \u00c7\u00fcnk\u00fc bu sava\u015f Esad&#8217;in tam ortas\u0131nda.&#8221; diye konu\u015ftu.<\/p>\n<p style=\"text-align: justify;\"><a href=\"http:\/\/haber.gazetevatan.com\/bdpli-vekiller-hakkinda-sok-iddia\/478424\/9\/Siyaset#.UEPhsLLN-Zc\" target=\"_blank\">Kaynak : VATAN Gazetesi<\/a><\/p>\n","protected":false},"excerpt":{"rendered":"<p style=\"text-align: justify;\">\n<p style=\"text-align: justify;\">Kuzu, Ufuk Uras&#8217;\u0131n BDP&#8217;liler taraf\u0131ndan \u00f6l\u00fcmle tehdit edildi\u011fini idida etti. <\/p>\n<p style=\"text-align: justify;\">TBMM Anayasa Komisyonu Ba\u015fkan\u0131 AK Parti \u0130stanbul Milletvekili Burhan Kuzu &#8220;BDP&#8217;nin ter\u00f6r \u00f6rg\u00fct\u00fcnden fark\u0131 yok.BDP bir su\u00e7 makinas\u0131d\u0131r&#8221; dedi. Kuzu, Ufuk Uras&#8217;\u0131n BDP&#8217;liler taraf\u0131ndan \u00f6l\u00fcmle tehdit edildi\u011fini idida etti.<\/p>\n<p style=\"text-align: justify;\">Kayseri&#8217;de bir dizi ziyaret ger\u00e7ekle\u015ftiren Anayasa <\/p>\n","protected":false},"author":1,"featured_media":0,"comment_status":"open","ping_status":"open","sticky":false,"template":"","format":"standard","meta":{"footnotes":""},"categories":[105],"tags":[],"class_list":["post-54880","post","type-post","status-publish","format-standard","hentry","category-gundem","odd"],"_links":{"self":[{"href":"http:\/\/www.korhanyilmaz.com\/index.php?rest_route=\/wp\/v2\/posts\/54880","targetHints":{"allow":["GET"]}}],"collection":[{"href":"http:\/\/www.korhanyilmaz.com\/index.php?rest_route=\/wp\/v2\/posts"}],"about":[{"href":"http:\/\/www.korhanyilmaz.com\/index.php?rest_route=\/wp\/v2\/types\/post"}],"author":[{"embeddable":true,"href":"http:\/\/www.korhanyilmaz.com\/index.php?rest_route=\/wp\/v2\/users\/1"}],"replies":[{"embeddable":true,"href":"http:\/\/www.korhanyilmaz.com\/index.php?rest_route=%2Fwp%2Fv2%2Fcomments&post=54880"}],"version-history":[{"count":0,"href":"http:\/\/www.korhanyilmaz.com\/index.php?rest_route=\/wp\/v2\/posts\/54880\/revisions"}],"wp:attachment":[{"href":"http:\/\/www.korhanyilmaz.com\/index.php?rest_route=%2Fwp%2Fv2%2Fmedia&parent=54880"}],"wp:term":[{"taxonomy":"category","embeddable":true,"href":"http:\/\/www.korhanyilmaz.com\/index.php?rest_route=%2Fwp%2Fv2%2Fcategories&post=54880"},{"taxonomy":"post_tag","embeddable":true,"href":"http:\/\/www.korhanyilmaz.com\/index.php?rest_route=%2Fwp%2Fv2%2Ftags&post=54880"}],"curies":[{"name":"wp","href":"https:\/\/api.w.org\/{rel}","templated":true}]}}