{"id":54876,"date":"2012-09-02T13:01:05","date_gmt":"2012-09-02T10:01:05","guid":{"rendered":"http:\/\/www.korhanyilmaz.com\/?p=54876"},"modified":"2012-09-03T00:19:17","modified_gmt":"2012-09-02T21:19:17","slug":"demirtas-o-fotograf-dogru-olmadi","status":"publish","type":"post","link":"http:\/\/www.korhanyilmaz.com\/?p=54876","title":{"rendered":"Demirta\u015f: &#8221;O foto\u011fraf do\u011fru olmad\u0131&#8221;"},"content":{"rendered":"<p style=\"text-align: center;\"><a href=\"http:\/\/www.korhanyilmaz.com\/wp-content\/uploads\/2012\/09\/H602.jpg\"  class=\"lightview\"><img loading=\"lazy\" decoding=\"async\" class=\"aligncenter  wp-image-54877\" src=\"http:\/\/www.korhanyilmaz.com\/wp-content\/uploads\/2012\/09\/H602.jpg\" alt=\"\" width=\"396\" height=\"180\" \/><\/a><\/p>\n<p style=\"text-align: justify;\">BDP Genel Ba\u015fkan\u0131 Selahattin Demirta\u015f, bayramda BDP\u2019liler ile PKK\u2019l\u0131lar\u0131n kucakla\u015fmas\u0131n\u0131 de\u011ferlendi.<\/p>\n<p style=\"text-align: justify;\">\u0130STANBUL &#8211; BDP Genel Ba\u015fkan\u0131 Selahattin Demirta\u015f, bayramda BDP\u2019liler ile PKK\u2019l\u0131lar\u0131n kucakla\u015fmas\u0131n\u0131 de\u011ferlendi. Demirta\u015f olay\u0131n planl\u0131 olmad\u0131\u011f\u0131n\u0131 s\u00f6ylerken, \u2018&#8217;T\u00fcrk halk\u0131na do\u011fru mesaj vermek a\u00e7\u0131s\u0131ndan iyi bir y\u00f6ntem olmad\u0131\u2019&#8217; dedi.<\/p>\n<p style=\"text-align: justify;\">Radikal Gazetesi\u2019nden Ezgi ba\u015faran bug\u00fcnk\u00fc k\u00f6\u015fesinde BDP Genel Ba\u015fkan\u0131 Selahattin Demirta\u015f ile yapt\u0131\u011f\u0131 g\u00f6r\u00fc\u015fmeyi yazd\u0131.\u00a0<!--more--><\/p>\n<p style=\"text-align: justify;\">Ba\u015faran, Demirta\u015f\u2019\u0131n Ba\u015fbakan taraf\u0131ndan \u00e7ok sert \u015fekilde ele\u015ftirilen \u2018400 kilometrelik alan PKK\u2019n\u0131n kontrol\u00fcnde\u2019 \u015feklindeki s\u00f6zleriyle ilgili son bilgileri ve bayramda BDP\u2019liler ile PKK\u2019l\u0131lar\u0131n kucakla\u015fmas\u0131 hakk\u0131ndaki de\u011ferlendirmelerini aktard\u0131.<\/p>\n<p style=\"text-align: justify;\">\u0130\u015fte Ezgi Ba\u015faran\u2019\u0131n bug\u00fcnk\u00fc k\u00f6\u015fesindeki o b\u00f6l\u00fcm:<\/p>\n<p style=\"text-align: justify;\">&#8220;Ba\u015fbakan\u2019\u0131n canl\u0131 yay\u0131na \u00e7\u0131kmas\u0131ndan saatler \u00f6nce bir ka\u00e7 gazeteci ve akademisyen (Ahmet Hakan, Kadri G\u00fcrsel, Mehmet Altan, Erol Kat\u0131rc\u0131o\u011flu ve Nuray Mert) BDP e\u015fba\u015fkan\u0131 Selahattin Demirta\u015f\u2019la bulu\u015fmu\u015ftuk.<\/p>\n<p style=\"text-align: justify;\">&#8220;\u00d6nce konu\u015fman\u0131n bana g\u00f6re tali ama s\u0131cak k\u0131sm\u0131n\u0131 aktaray\u0131m. Biliyorsunuz, Demirta\u015f hafta i\u00e7i Taraf gazetesine \u2018\u015eemdinli\u2019de 400 kilometrekarelik alan PKK kontrol\u00fcnde\u2019 \u015feklinde bir deme\u00e7 verdi. Palavra at\u0131yor dendi, PR yap\u0131yor dendi. O ise \u015f\u00f6yle diyor: \u2018Ben bunu PKK\u2019yi \u00f6vmek i\u00e7in s\u00f6ylemedim. Murad\u0131m, h\u00fck\u00fcmetin 1.5 y\u0131ld\u0131r s\u00fcrd\u00fcrd\u00fc\u011f\u00fc \u2018Ordu-h\u00fck\u00fcmet elele farkl\u0131 bir \u015fey yap\u0131yoruz, \u00f6rg\u00fct\u00fcn belini k\u0131rar\u0131z, sorunu \u00e7\u00f6zeriz\u2019 gibi Sri Lanka modeline \u00f6yk\u00fcnen politikas\u0131n\u0131n \u00e7\u00f6kt\u00fc\u011f\u00fcn\u00fc anlatmakt\u0131. T\u00fcrkiye halk\u0131n\u0131n bunu bilmesini istedim. Yoksa 400 kilometrekareden bir \u015fey \u00e7\u0131kmayaca\u011f\u0131n\u0131 ben de biliyorum. Bug\u00fcn PKK kontrol eder, yar\u0131n ordu. Ama bu durum yenmek-yenilmek m\u00fccadelesini \u00e7oktan a\u015fm\u0131\u015ft\u0131r. Onu dile getirmek istedim.\u2019<\/p>\n<p style=\"text-align: justify;\">&#8220;\u015eemdinli\u2019de BDP\u2019liler ile PKK\u2019lilerin bas\u0131na yans\u0131yan kucakla\u015fmas\u0131n\u0131n ise planlanmad\u0131\u011f\u0131n\u0131, fakat yine de \u2018T\u00fcrk halk\u0131na do\u011fru mesaj vermek a\u00e7\u0131s\u0131ndan iyi bir y\u00f6ntem olmad\u0131\u011f\u0131n\u0131\u2019 s\u00f6yledi. Konu\u015fman\u0131n s\u0131cak g\u00fcndem ve polemik k\u0131sm\u0131 buydu.&#8221;<\/p>\n<p style=\"text-align: justify;\"><a href=\"http:\/\/www.gazeteport.com.tr\/haber\/109497\/demirtas-o-fotograf-dogru-olmadi\" target=\"_blank\">Kaynak : GAZETEPORT<\/a><\/p>\n","protected":false},"excerpt":{"rendered":"<p style=\"text-align: center;\">\n<p style=\"text-align: justify;\">BDP Genel Ba\u015fkan\u0131 Selahattin Demirta\u015f, bayramda BDP\u2019liler ile PKK\u2019l\u0131lar\u0131n kucakla\u015fmas\u0131n\u0131 de\u011ferlendi.<\/p>\n<p style=\"text-align: justify;\">\u0130STANBUL &#8211; BDP Genel Ba\u015fkan\u0131 Selahattin Demirta\u015f, bayramda BDP\u2019liler ile PKK\u2019l\u0131lar\u0131n kucakla\u015fmas\u0131n\u0131 de\u011ferlendi. Demirta\u015f olay\u0131n planl\u0131 olmad\u0131\u011f\u0131n\u0131 s\u00f6ylerken, \u2018&#8217;T\u00fcrk halk\u0131na do\u011fru mesaj vermek a\u00e7\u0131s\u0131ndan iyi bir y\u00f6ntem olmad\u0131\u2019&#8217; dedi.<\/p>\n<p style=\"text-align: justify;\">Radikal Gazetesi\u2019nden Ezgi ba\u015faran bug\u00fcnk\u00fc k\u00f6\u015fesinde <\/p>\n","protected":false},"author":1,"featured_media":0,"comment_status":"open","ping_status":"open","sticky":false,"template":"","format":"standard","meta":{"footnotes":""},"categories":[105],"tags":[],"class_list":["post-54876","post","type-post","status-publish","format-standard","hentry","category-gundem","odd"],"_links":{"self":[{"href":"http:\/\/www.korhanyilmaz.com\/index.php?rest_route=\/wp\/v2\/posts\/54876","targetHints":{"allow":["GET"]}}],"collection":[{"href":"http:\/\/www.korhanyilmaz.com\/index.php?rest_route=\/wp\/v2\/posts"}],"about":[{"href":"http:\/\/www.korhanyilmaz.com\/index.php?rest_route=\/wp\/v2\/types\/post"}],"author":[{"embeddable":true,"href":"http:\/\/www.korhanyilmaz.com\/index.php?rest_route=\/wp\/v2\/users\/1"}],"replies":[{"embeddable":true,"href":"http:\/\/www.korhanyilmaz.com\/index.php?rest_route=%2Fwp%2Fv2%2Fcomments&post=54876"}],"version-history":[{"count":0,"href":"http:\/\/www.korhanyilmaz.com\/index.php?rest_route=\/wp\/v2\/posts\/54876\/revisions"}],"wp:attachment":[{"href":"http:\/\/www.korhanyilmaz.com\/index.php?rest_route=%2Fwp%2Fv2%2Fmedia&parent=54876"}],"wp:term":[{"taxonomy":"category","embeddable":true,"href":"http:\/\/www.korhanyilmaz.com\/index.php?rest_route=%2Fwp%2Fv2%2Fcategories&post=54876"},{"taxonomy":"post_tag","embeddable":true,"href":"http:\/\/www.korhanyilmaz.com\/index.php?rest_route=%2Fwp%2Fv2%2Ftags&post=54876"}],"curies":[{"name":"wp","href":"https:\/\/api.w.org\/{rel}","templated":true}]}}