{"id":54872,"date":"2012-09-02T20:15:30","date_gmt":"2012-09-02T17:15:30","guid":{"rendered":"http:\/\/www.korhanyilmaz.com\/?p=54872"},"modified":"2012-09-03T00:15:46","modified_gmt":"2012-09-02T21:15:46","slug":"gunesten-basbakana-carpici-soru","status":"publish","type":"post","link":"http:\/\/www.korhanyilmaz.com\/?p=54872","title":{"rendered":"G\u00fcne\u015f&#8217;ten Ba\u015fbakan&#8217;a \u00e7arp\u0131c\u0131 soru"},"content":{"rendered":"<p style=\"text-align: center;\"><a href=\"http:\/\/www.korhanyilmaz.com\/wp-content\/uploads\/2012\/09\/H601.jpg\"  class=\"lightview\"><img loading=\"lazy\" decoding=\"async\" class=\"aligncenter  wp-image-54873\" src=\"http:\/\/www.korhanyilmaz.com\/wp-content\/uploads\/2012\/09\/H601.jpg\" alt=\"\" width=\"396\" height=\"180\" \/><\/a><\/p>\n<p style=\"text-align: justify;\">CHP Kocaeli Milletvekili Hur\u015fit G\u00fcne\u015f, Hatay&#8217;daki Apayd\u0131n Kamp\u0131&#8217;yla ilgili iddialar\u0131n pe\u015fini b\u0131rakm\u0131yor.<\/p>\n<p style=\"text-align: justify;\">G\u00fcne\u015f, parti genel merkezinde d\u00fczenledi\u011fi bas\u0131n toplant\u0131s\u0131nda, Suriyeli s\u0131\u011f\u0131nmac\u0131lar\u0131n kald\u0131\u011f\u0131 Hatay\u2019daki Apayd\u0131n Kamp\u0131\u2019na ili\u015fkin a\u00e7\u0131klamalarda bulundu.<\/p>\n<p style=\"text-align: justify;\">CHP\u2019li milletvekillerinin kampa giri\u015fine izin verilmedi\u011fini ve bunun ard\u0131ndan Ba\u015fbakan Recep Tayyip Erdo\u011fan\u2019\u0131n konuya ili\u015fkin de\u011ferlendirmesinde kendisine y\u00f6nelik olarak \u201dsen zab\u0131ta m\u0131s\u0131n?\u201d ifadesini kulland\u0131\u011f\u0131n\u0131 belirten G\u00fcne\u015f, \u201dSay\u0131n Ba\u015fbakan benim Kocaeli milletvekili oldu\u011fumu hat\u0131rlam\u0131yor galiba. Ben milletin vekiliyim, milletin zab\u0131tas\u0131y\u0131m. Ama merak ediyorum o ger\u00e7ekten kimin zab\u0131tas\u0131? Bu b\u00f6lgede kimin, hangi \u00fclkenin zab\u0131tal\u0131\u011f\u0131n\u0131 yap\u0131yor\u201d dedi.\u00a0<!--more--><\/p>\n<p style=\"text-align: justify;\">Toplant\u0131da bir televizyon kanal\u0131 taraf\u0131ndan Apayd\u0131n Kamp\u0131\u2019nda kalan ve Suriye \u00d6zg\u00fcrl\u00fck Ordusu\u2019nun komutanlar\u0131ndan oldu\u011fu iddia edilen bir ki\u015fi ile yap\u0131lan r\u00f6portaj\u0131 bas\u0131n mensuplar\u0131na izlettiren G\u00fcne\u015f, bu ki\u015finin r\u00f6portajda, silahl\u0131 adamlar\u0131n\u0131n T\u00fcrkiye\u2019de bulundu\u011funu anlatt\u0131\u011f\u0131n\u0131 s\u00f6yledi.<\/p>\n<p style=\"text-align: justify;\">G\u00fcne\u015f, \u201dApayd\u0131n Kamp\u0131, T\u00fcrkiye\u2019nin Suriye\u2019de izledi\u011fi yanl\u0131\u015fl\u0131\u011f\u0131 g\u00f6steren \u00e7ok \u00f6nemli bir simge. Herhangi bir kamp de\u011fil\u201d dedi.<\/p>\n<p style=\"text-align: justify;\">Bu ki\u015finin kim oldu\u011funu, neden askeri giysilerle dola\u015ft\u0131\u011f\u0131n\u0131, Apayd\u0131n Kamp\u0131 ile ne ilgisi oldu\u011funu ve bu ki\u015fi ile ilgili herhangi bir i\u015flem yap\u0131l\u0131p yap\u0131lmad\u0131\u011f\u0131n\u0131 soran G\u00fcne\u015f, \u015f\u00f6yle devam etti: \u201dMuhammed Hamdullah kimdir, Apayd\u0131n Kamp\u0131\u2019nda kalm\u0131\u015f m\u0131d\u0131r? Albay Riyad El Esad, 30\u2019dan fazla generalle 25 Haziran tarihinde bu kampa gelmi\u015f midir? Bu kampta hala kalmakta m\u0131d\u0131r? Malik El K\u00fcrdi kimdir? Bu kampta Pravda muhabiri Daria Aslamova ile bir g\u00f6r\u00fc\u015fme yapm\u0131\u015f ve bu g\u00f6r\u00fc\u015fmede a\u011fustos ay\u0131na kadar Esad\u2019\u0131 devireceklerini s\u00f6ylemi\u015ftir.<\/p>\n<p style=\"text-align: justify;\">Apayd\u0131n Kamp\u0131\u2019nda 575 bar\u0131nma \u00e7ad\u0131r\u0131 vard\u0131r. S\u0131n\u0131r \u00fc\u00e7 kilometredir. Neden s\u0131n\u0131r \u00fc\u00e7 kilometredir? Ger\u00e7ekten Suriye\u2019nin resmi ordusunun ka\u00e7anlar\u0131n\u0131n yerle\u015ftirildi\u011fi bir kampsa onun daha uzak bir b\u00f6lgeye yerle\u015ftirilmesi gerekmez mi? 575 bar\u0131nma, 17 genel maksatl\u0131 \u00e7ad\u0131r olmas\u0131na ra\u011fmen neden sadece 170 yatak vard\u0131r? T\u00fcrkiye\u2019de 80 bin s\u0131\u011f\u0131nmac\u0131 var. Oysa Suriyeli 200 bin s\u0131\u011f\u0131nmac\u0131 var.<\/p>\n<p style=\"text-align: justify;\">Bunun bir k\u0131sm\u0131 L\u00fcbnan\u2019da, bir k\u0131sm\u0131 Irak\u2019ta bir k\u0131sm\u0131 \u00dcrd\u00fcn\u2019de. Kimse \u00dcrd\u00fcn veya Irak\u2019\u0131 s\u0131n\u0131rlar\u0131ndan silah ge\u00e7irmekle su\u00e7lam\u0131yor, iddiada bulunmuyor. Sadece T\u00fcrkiye i\u00e7in bulunuluyor.\u201d<\/p>\n<p style=\"text-align: justify;\">Suriye \u00d6zg\u00fcrl\u00fck Ordusu\u2019nun resmi internet sitesinde Hatay olarak verilen adresin daha sonra \u015eam olarak de\u011fi\u015ftirildi\u011fini, ancak telefon numaras\u0131n\u0131n hala bir T\u00fcrk GSM operat\u00f6r\u00fcn\u00fc g\u00f6sterdi\u011fini de ileri s\u00fcren G\u00fcne\u015f, bunlar\u0131n ku\u015fku uyand\u0131ran durumlar oldu\u011funu s\u00f6yledi.<\/p>\n<p style=\"text-align: justify;\">Apayd\u0131n Kamp\u0131\u2019nda silahl\u0131 e\u011fitimin olmad\u0131\u011f\u0131 y\u00f6n\u00fcnde a\u00e7\u0131klamalar yap\u0131ld\u0131\u011f\u0131n\u0131 da belirten G\u00fcne\u015f, elinde silah bulanan bir ki\u015finin foto\u011fraf\u0131n\u0131 g\u00f6stererek, gazetelerde de yer alan ve Apayd\u0131n Kamp\u0131\u2019nda \u00e7ekildi\u011fi iddia edilen foto\u011fraf\u0131n do\u011fru olup olmad\u0131\u011f\u0131n\u0131 sordu.<\/p>\n<p style=\"text-align: justify;\">G\u00fcne\u015f, TBMM \u0130nsan Haklar\u0131n\u0131 \u0130nceleme Komisyonu\u2019nun kampa yapaca\u011f\u0131 ziyarete de de\u011finerek, \u201dKomisyon bu kamp\u0131 ziyaret edebilir, o kampta hi\u00e7bir \u015fey de bulmayabilir. S\u00fcre yeterli oldu. Muhtemelen gittiklerinde hi\u00e7bir \u015fey bulmayacaklar. Her \u015fey s\u00f6ylendi\u011fi, savunuldu\u011fu gibi \u00e7\u0131kacak\u201d diye konu\u015ftu.<\/p>\n<p style=\"text-align: justify;\">Hur\u015fit G\u00fcne\u015f, bir gazetecinin, Suriye konusunda bir gensorunun g\u00fcndemlerinde olup olmad\u0131\u011f\u0131n\u0131 sormas\u0131 \u00fczerine, bunun Merkez Y\u00f6netim Kurulu\u2019nun alabilece\u011fi bir karar oldu\u011funu hat\u0131rlatt\u0131.<\/p>\n<p style=\"text-align: justify;\">Bir ba\u015fka soruyu yan\u0131tlarken de G\u00fcne\u015f, CHP\u2019li milletvekillerinin Apayd\u0131n Kamp\u0131\u2019na emrivaki yaparak gittikleri iddialar\u0131n\u0131n do\u011fru olmad\u0131\u011f\u0131n\u0131 belirterek, parti genel merkezince kamplara ziyaretler i\u00e7in resmi ba\u015fvuru yap\u0131ld\u0131\u011f\u0131n\u0131, bu ba\u015fvuruya \u201dYaylada\u011f\u0131\u2019na gidebilirsiniz, ama Apayd\u0131n\u2019a gidemezsiniz\u201d yan\u0131t\u0131n\u0131 ald\u0131klar\u0131n\u0131 s\u00f6yledi.<\/p>\n<p style=\"text-align: justify;\"><a href=\"http:\/\/www.gazeteport.com.tr\/haber\/109518\/gunesten-basbakana-carpici-soru\" target=\"_blank\">Kaynak : GAZETEPORT<\/a><\/p>\n<p style=\"text-align: justify;\">\n","protected":false},"excerpt":{"rendered":"<p style=\"text-align: center;\">\n<p style=\"text-align: justify;\">CHP Kocaeli Milletvekili Hur\u015fit G\u00fcne\u015f, Hatay&#8217;daki Apayd\u0131n Kamp\u0131&#8217;yla ilgili iddialar\u0131n pe\u015fini b\u0131rakm\u0131yor.<\/p>\n<p style=\"text-align: justify;\">G\u00fcne\u015f, parti genel merkezinde d\u00fczenledi\u011fi bas\u0131n toplant\u0131s\u0131nda, Suriyeli s\u0131\u011f\u0131nmac\u0131lar\u0131n kald\u0131\u011f\u0131 Hatay\u2019daki Apayd\u0131n Kamp\u0131\u2019na ili\u015fkin a\u00e7\u0131klamalarda bulundu.<\/p>\n<p style=\"text-align: justify;\">CHP\u2019li milletvekillerinin kampa giri\u015fine izin verilmedi\u011fini ve bunun ard\u0131ndan Ba\u015fbakan Recep Tayyip Erdo\u011fan\u2019\u0131n konuya ili\u015fkin de\u011ferlendirmesinde kendisine y\u00f6nelik <\/p>\n","protected":false},"author":1,"featured_media":0,"comment_status":"open","ping_status":"open","sticky":false,"template":"","format":"standard","meta":{"footnotes":""},"categories":[105],"tags":[],"class_list":["post-54872","post","type-post","status-publish","format-standard","hentry","category-gundem","odd"],"_links":{"self":[{"href":"http:\/\/www.korhanyilmaz.com\/index.php?rest_route=\/wp\/v2\/posts\/54872","targetHints":{"allow":["GET"]}}],"collection":[{"href":"http:\/\/www.korhanyilmaz.com\/index.php?rest_route=\/wp\/v2\/posts"}],"about":[{"href":"http:\/\/www.korhanyilmaz.com\/index.php?rest_route=\/wp\/v2\/types\/post"}],"author":[{"embeddable":true,"href":"http:\/\/www.korhanyilmaz.com\/index.php?rest_route=\/wp\/v2\/users\/1"}],"replies":[{"embeddable":true,"href":"http:\/\/www.korhanyilmaz.com\/index.php?rest_route=%2Fwp%2Fv2%2Fcomments&post=54872"}],"version-history":[{"count":0,"href":"http:\/\/www.korhanyilmaz.com\/index.php?rest_route=\/wp\/v2\/posts\/54872\/revisions"}],"wp:attachment":[{"href":"http:\/\/www.korhanyilmaz.com\/index.php?rest_route=%2Fwp%2Fv2%2Fmedia&parent=54872"}],"wp:term":[{"taxonomy":"category","embeddable":true,"href":"http:\/\/www.korhanyilmaz.com\/index.php?rest_route=%2Fwp%2Fv2%2Fcategories&post=54872"},{"taxonomy":"post_tag","embeddable":true,"href":"http:\/\/www.korhanyilmaz.com\/index.php?rest_route=%2Fwp%2Fv2%2Ftags&post=54872"}],"curies":[{"name":"wp","href":"https:\/\/api.w.org\/{rel}","templated":true}]}}