{"id":54867,"date":"2012-09-02T17:16:05","date_gmt":"2012-09-02T14:16:05","guid":{"rendered":"http:\/\/www.korhanyilmaz.com\/?p=54867"},"modified":"2012-09-02T23:29:08","modified_gmt":"2012-09-02T20:29:08","slug":"adli-yil-acilisinda-bir-ilk","status":"publish","type":"post","link":"http:\/\/www.korhanyilmaz.com\/?p=54867","title":{"rendered":"Adli Y\u0131l a\u00e7\u0131l\u0131\u015f\u0131nda bir ilk"},"content":{"rendered":"<p><a href=\"http:\/\/www.korhanyilmaz.com\/wp-content\/uploads\/2012\/09\/H600.jpg\"  class=\"lightview\"><img loading=\"lazy\" decoding=\"async\" class=\"aligncenter size-full wp-image-54868\" title=\"\" src=\"http:\/\/www.korhanyilmaz.com\/wp-content\/uploads\/2012\/09\/H600.jpg\" alt=\"\" width=\"335\" height=\"208\" \/><\/a><\/p>\n<p>Her sene yap\u0131lan Adli Y\u0131l A\u00e7\u0131l\u0131\u015f\u0131&#8217;nda uzun bir aradan sonra bir ilk ya\u015fanacak. Genelkurmay Ba\u015fkan\u0131 Orgeneral Necdet \u00d6zel, yar\u0131n yap\u0131lacak t\u00f6rene kat\u0131lacak.<\/p>\n<p>Ergenekon ve Balyoz davalar\u0131yla ilgili tart\u0131\u015fmalar s\u00fcrerken, Genelkurmay Ba\u015fkan\u0131 \u00d6zel, bir jest yaparak, Adli Y\u0131l A\u00e7\u0131l\u0131\u015f t\u00f6renine kat\u0131lmak istedi. Talep, Yarg\u0131tay&#8217;a iletildi.<\/p>\n<p>Ankara&#8217;da be\u015f y\u0131ld\u0131zl\u0131 bir otelde yap\u0131lacak t\u00f6rene Genelkurmay Ba\u015fkan\u0131&#8217;n\u0131n yan\u0131s\u0131ra, Ba\u015fbakan ve Meclis Ba\u015fkan\u0131 ile 2 bine yak\u0131n davetlinin kat\u0131lmas\u0131 bekleniyor.<!--more--><\/p>\n<p>Abdullah G\u00fcl&#8217;\u00fcn ise hastaneden taburcu olduktan sonra dinlenece\u011fi i\u00e7in t\u00f6rene kat\u0131lmayacak.<\/p>\n<p>T\u00f6rende yeni Yarg\u0131tay Ba\u015fkan\u0131 Ali Alkan da ilk kez konu\u015facak.<\/p>\n<p>Adli y\u0131l a\u00e7\u0131l\u0131\u015f\u0131 i\u00e7in her sene yap\u0131lan ak\u015fam resepsiyonu ise daha \u00f6nce, artan t\u00f6rer olaylar\u0131 nedeniyle iptal edilmi\u015fti.<\/p>\n<p><a href=\"http:\/\/www.cnnturk.com\/2012\/turkiye\/09\/02\/adli.yil.acilisinda.bir.ilk\/675169.0\/index.html\" target=\"_blank\">Kaynak : CNN T\u00dcRK<\/a><\/p>\n","protected":false},"excerpt":{"rendered":"<\/p>\n<p>Her sene yap\u0131lan Adli Y\u0131l A\u00e7\u0131l\u0131\u015f\u0131&#8217;nda uzun bir aradan sonra bir ilk ya\u015fanacak. Genelkurmay Ba\u015fkan\u0131 Orgeneral Necdet \u00d6zel, yar\u0131n yap\u0131lacak t\u00f6rene kat\u0131lacak.<\/p>\n<p>Ergenekon ve Balyoz davalar\u0131yla ilgili tart\u0131\u015fmalar s\u00fcrerken, Genelkurmay Ba\u015fkan\u0131 \u00d6zel, bir jest yaparak, Adli Y\u0131l A\u00e7\u0131l\u0131\u015f t\u00f6renine kat\u0131lmak istedi. Talep, Yarg\u0131tay&#8217;a iletildi.<\/p>\n<p>Ankara&#8217;da be\u015f y\u0131ld\u0131zl\u0131 bir otelde yap\u0131lacak t\u00f6rene Genelkurmay Ba\u015fkan\u0131&#8217;n\u0131n yan\u0131s\u0131ra, <\/p>\n","protected":false},"author":1,"featured_media":0,"comment_status":"open","ping_status":"open","sticky":false,"template":"","format":"standard","meta":{"footnotes":""},"categories":[105],"tags":[],"class_list":["post-54867","post","type-post","status-publish","format-standard","hentry","category-gundem","odd"],"_links":{"self":[{"href":"http:\/\/www.korhanyilmaz.com\/index.php?rest_route=\/wp\/v2\/posts\/54867","targetHints":{"allow":["GET"]}}],"collection":[{"href":"http:\/\/www.korhanyilmaz.com\/index.php?rest_route=\/wp\/v2\/posts"}],"about":[{"href":"http:\/\/www.korhanyilmaz.com\/index.php?rest_route=\/wp\/v2\/types\/post"}],"author":[{"embeddable":true,"href":"http:\/\/www.korhanyilmaz.com\/index.php?rest_route=\/wp\/v2\/users\/1"}],"replies":[{"embeddable":true,"href":"http:\/\/www.korhanyilmaz.com\/index.php?rest_route=%2Fwp%2Fv2%2Fcomments&post=54867"}],"version-history":[{"count":0,"href":"http:\/\/www.korhanyilmaz.com\/index.php?rest_route=\/wp\/v2\/posts\/54867\/revisions"}],"wp:attachment":[{"href":"http:\/\/www.korhanyilmaz.com\/index.php?rest_route=%2Fwp%2Fv2%2Fmedia&parent=54867"}],"wp:term":[{"taxonomy":"category","embeddable":true,"href":"http:\/\/www.korhanyilmaz.com\/index.php?rest_route=%2Fwp%2Fv2%2Fcategories&post=54867"},{"taxonomy":"post_tag","embeddable":true,"href":"http:\/\/www.korhanyilmaz.com\/index.php?rest_route=%2Fwp%2Fv2%2Ftags&post=54867"}],"curies":[{"name":"wp","href":"https:\/\/api.w.org\/{rel}","templated":true}]}}