{"id":54864,"date":"2012-09-02T16:11:47","date_gmt":"2012-09-02T13:11:47","guid":{"rendered":"http:\/\/www.korhanyilmaz.com\/?p=54864"},"modified":"2012-09-02T23:23:58","modified_gmt":"2012-09-02T20:23:58","slug":"sosyalist-enternasyonal-esadi-kinadi","status":"publish","type":"post","link":"http:\/\/www.korhanyilmaz.com\/?p=54864","title":{"rendered":"Sosyalist Enternasyonal Esad&#8217;\u0131 k\u0131nad\u0131"},"content":{"rendered":"<p style=\"text-align: justify;\"><a href=\"http:\/\/www.korhanyilmaz.com\/wp-content\/uploads\/2012\/09\/H599.jpg\"  class=\"lightview\"><img loading=\"lazy\" decoding=\"async\" class=\"aligncenter size-full wp-image-54865\" title=\"\" src=\"http:\/\/www.korhanyilmaz.com\/wp-content\/uploads\/2012\/09\/H599.jpg\" alt=\"\" width=\"343\" height=\"236\" \/><\/a><\/p>\n<p style=\"text-align: justify;\">CHP Genel Ba\u015fkan\u0131 Kemal K\u0131l\u0131\u00e7daro\u011flu Ve beraberindeki heyet sabah erken saatlerde T\u00fcrkiye&#8217;ye d\u00f6nd\u00fc. G\u00fcney Afrika Cumhuriyetindeki Sosyalist Enternasyonal toplant\u0131s\u0131n\u0131n son g\u00fcn\u00fcnde Be\u015far Esad&#8217;a k\u0131nama \u00e7\u0131karken T\u00fcrkiye&#8217;de, gazeteci, kamu g\u00f6revlisi, \u00f6\u011frenci ve vekillerin tutukluluk halleri de bir bildiri ile ele\u015ftirildi.<\/p>\n<p style=\"text-align: justify;\">G\u00fcney Afrika&#8217;n\u0131n Capetown kentindeki Sosyalist Enternasyonal toplant\u0131s\u0131n\u0131 tamamlayan CHP heyeti sabah erken saatlerde T\u00fcrkiye&#8217;ye d\u00f6nd\u00fc. CHP Genel Ba\u015fkan\u0131 Kemal K\u0131l\u0131\u00e7daro\u011flu da ba\u015fkan yard\u0131mc\u0131s\u0131 olarak 2008&#8217;den sonra CHP&#8217;yi yeniden Sosyal\u0131st Enternasyonal&#8217;in yonetimine soktu.\u00a0<!--more--><\/p>\n<p style=\"text-align: justify;\">24. Genel Kurulun sonu\u00e7 bildirgesinde T\u00fcrkiye&#8217;deki insan haklar\u0131 ihlallerine de yer verildi. Cumhuriyet Gazetesi&#8217;nde yer alan habere g\u00f6re \u00f6zellikle uzun tutukluluk s\u00fcrelerinin BM \u0130nsan Haklar\u0131 ve Avrupa insan Haklar\u0131 S\u00f6zle\u015fmelerine ayk\u0131r\u0131 oldu\u011funa dikkat \u00e7ekildi. Bildiride \u015fu ifadeler de yer ald\u0131:<\/p>\n<p style=\"text-align: justify;\">&#8220;T\u00fcrkiye&#8217;de Parlamentonun se\u00e7ilmi\u015f milletvekillerinin sebepsiz mahkeme kararlar\u0131 ile g\u00f6revlerini yerine getirmeleri engellenmektedir. Bu durum bir insan haklar\u0131 ihlali olmakla birlikte; T\u00fcrkiye&#8217;de di\u011ferlerinin yan\u0131 s\u0131ra gazetecilerin, \u00f6\u011frencilerin ve kamu g\u00f6revlilerinin uzat\u0131lm\u0131\u015f tutukluluk s\u00fcreleri endi\u015fe kayna\u011f\u0131d\u0131r.&#8221;<\/p>\n<p style=\"text-align: justify;\">Nihai bildiride Esad y\u00f6netiminin me\u015fruiyetini yitirdi\u011fine vurgu yap\u0131lmas\u0131 dikkat \u00e7ekti. &#8220;Suriye halk\u0131n\u0131n daha b\u00fcy\u00fck bir \u00e7at\u0131\u015fmaya s\u00fcr\u00fckleyecek her t\u00fcrl\u00fc m\u00fcdahaleye kar\u015f\u0131 durulmal\u0131d\u0131r&#8221; ifadesi yer ald\u0131.<\/p>\n<p style=\"text-align: justify;\"><a href=\"http:\/\/www.cnnturk.com\/2012\/dunya\/09\/02\/sosyalist.enternasyonal.esadi.kinadi\/675161.0\/index.html\" target=\"_blank\">Kaynak : CNN T\u00dcRK<\/a><\/p>\n","protected":false},"excerpt":{"rendered":"<p style=\"text-align: justify;\">\n<p style=\"text-align: justify;\">CHP Genel Ba\u015fkan\u0131 Kemal K\u0131l\u0131\u00e7daro\u011flu Ve beraberindeki heyet sabah erken saatlerde T\u00fcrkiye&#8217;ye d\u00f6nd\u00fc. G\u00fcney Afrika Cumhuriyetindeki Sosyalist Enternasyonal toplant\u0131s\u0131n\u0131n son g\u00fcn\u00fcnde Be\u015far Esad&#8217;a k\u0131nama \u00e7\u0131karken T\u00fcrkiye&#8217;de, gazeteci, kamu g\u00f6revlisi, \u00f6\u011frenci ve vekillerin tutukluluk halleri de bir bildiri ile ele\u015ftirildi.<\/p>\n<p style=\"text-align: justify;\">G\u00fcney Afrika&#8217;n\u0131n Capetown kentindeki Sosyalist Enternasyonal toplant\u0131s\u0131n\u0131 tamamlayan CHP <\/p>\n","protected":false},"author":1,"featured_media":0,"comment_status":"open","ping_status":"open","sticky":false,"template":"","format":"standard","meta":{"footnotes":""},"categories":[105],"tags":[],"class_list":["post-54864","post","type-post","status-publish","format-standard","hentry","category-gundem","odd"],"_links":{"self":[{"href":"http:\/\/www.korhanyilmaz.com\/index.php?rest_route=\/wp\/v2\/posts\/54864","targetHints":{"allow":["GET"]}}],"collection":[{"href":"http:\/\/www.korhanyilmaz.com\/index.php?rest_route=\/wp\/v2\/posts"}],"about":[{"href":"http:\/\/www.korhanyilmaz.com\/index.php?rest_route=\/wp\/v2\/types\/post"}],"author":[{"embeddable":true,"href":"http:\/\/www.korhanyilmaz.com\/index.php?rest_route=\/wp\/v2\/users\/1"}],"replies":[{"embeddable":true,"href":"http:\/\/www.korhanyilmaz.com\/index.php?rest_route=%2Fwp%2Fv2%2Fcomments&post=54864"}],"version-history":[{"count":0,"href":"http:\/\/www.korhanyilmaz.com\/index.php?rest_route=\/wp\/v2\/posts\/54864\/revisions"}],"wp:attachment":[{"href":"http:\/\/www.korhanyilmaz.com\/index.php?rest_route=%2Fwp%2Fv2%2Fmedia&parent=54864"}],"wp:term":[{"taxonomy":"category","embeddable":true,"href":"http:\/\/www.korhanyilmaz.com\/index.php?rest_route=%2Fwp%2Fv2%2Fcategories&post=54864"},{"taxonomy":"post_tag","embeddable":true,"href":"http:\/\/www.korhanyilmaz.com\/index.php?rest_route=%2Fwp%2Fv2%2Ftags&post=54864"}],"curies":[{"name":"wp","href":"https:\/\/api.w.org\/{rel}","templated":true}]}}