{"id":54860,"date":"2012-09-01T12:14:39","date_gmt":"2012-09-01T09:14:39","guid":{"rendered":"http:\/\/www.korhanyilmaz.com\/?p=54860"},"modified":"2012-09-02T20:10:41","modified_gmt":"2012-09-02T17:10:41","slug":"taliban-baltayla-kafa-kesti","status":"publish","type":"post","link":"http:\/\/www.korhanyilmaz.com\/?p=54860","title":{"rendered":"Taliban baltayla kafa kesti"},"content":{"rendered":"<p style=\"text-align: center;\"><a href=\"http:\/\/www.korhanyilmaz.com\/wp-content\/uploads\/2012\/09\/H597.jpg\"  class=\"lightview\"><img loading=\"lazy\" decoding=\"async\" class=\"aligncenter  wp-image-54861\" src=\"http:\/\/www.korhanyilmaz.com\/wp-content\/uploads\/2012\/09\/H597.jpg\" alt=\"\" width=\"396\" height=\"180\" \/><\/a><\/p>\n<p style=\"text-align: justify;\">Taliban\u2019\u0131n Pakistan\u2019da faaliyet g\u00f6steren kolu d\u00fcn bir video yay\u0131nlayarak asker oldu\u011fu iddia edilen bir grup erke\u011fin kesilmi\u015f ba\u015flar\u0131n\u0131 sergiledi. G\u00fcvenlik yetkilileri ise militanlarla ya\u015fanan \u00e7at\u0131\u015fman\u0131n ard\u0131ndan 15 kadar askerin kay\u0131p oldu\u011funu a\u00e7\u0131klad\u0131.<\/p>\n<p style=\"text-align: justify;\">Pakistan ordusuyla Taliban militanlar\u0131 aras\u0131nda \u00e7at\u0131\u015fmalar Sal\u0131 g\u00fcn\u00fc ba\u015flam\u0131\u015ft\u0131. \u00dcst d\u00fczey bir g\u00fcvenlik yetkilisi d\u00fcn AFP\u2019ye yapt\u0131\u011f\u0131 a\u00e7\u0131klamada en az 15 askerin hala kay\u0131p oldu\u011funu belirtti.\u00a0<!--more--><\/p>\n<p style=\"text-align: justify;\">Bir ba\u015fka yetkili de bu rakam\u0131 \u201ca\u015fa\u011f\u0131 yukar\u0131\u201d do\u011frulad\u0131.<\/p>\n<p style=\"text-align: justify;\">Tahrik-i Taliban Pakistan \u00f6rg\u00fct\u00fcn\u00fcn s\u00f6zc\u00fcs\u00fc Siracuddin de AFP\u2019ye g\u00f6nderdi\u011fi bir videoda g\u00f6r\u00fclen 12 kesik erkek ba\u015f\u0131n\u0131n \u00f6rg\u00fct taraf\u0131ndan \u00f6ld\u00fcr\u00fclen askerlere ait oldu\u011funu iddia etti.<\/p>\n<p style=\"text-align: justify;\">Videoda konu\u015fan Taliban lideri, \u201cAllah\u2019a \u015f\u00fck\u00fcr Bacaur b\u00f6lgesindeki m\u00fccahitlerimiz Pakistan\u2019daki kafir askerleri \u00f6ld\u00fcrmeyi ba\u015fard\u0131. Bir\u00e7o\u011fu kur\u015funlarla \u00f6ld\u00fcr\u00fcld\u00fc. G\u00f6rd\u00fc\u011f\u00fcn\u00fcz gibi 12 tanesinin de ba\u015f\u0131 kesildi. Burada 12 kesik ba\u015f g\u00f6r\u00fcyorsunuz\u201d diyor.<\/p>\n<p style=\"text-align: justify;\">Y\u00fcz\u00fc g\u00f6z\u00fc kapal\u0131, maskeli lider \u00fczerine geleneksel a\u015firet giysisi giyiyor. Taliban liderinin \u00e7evresindeki bir grup militandan birinin elindeki b\u00fcy\u00fck balta da dikkat \u00e7ekiyor.<\/p>\n<p style=\"text-align: center;\"><a href=\"http:\/\/www.korhanyilmaz.com\/wp-content\/uploads\/2012\/09\/H598.jpg\"  class=\"lightview\"><img loading=\"lazy\" decoding=\"async\" class=\"aligncenter  wp-image-54862\" src=\"http:\/\/www.korhanyilmaz.com\/wp-content\/uploads\/2012\/09\/H598.jpg\" alt=\"\" width=\"507\" height=\"368\" \/><\/a><\/p>\n<p style=\"text-align: justify;\"><a href=\"http:\/\/www.gazeteport.com.tr\/haber\/109406\/taliban-baltayla-kafa-kesti\" target=\"_blank\">Kaynak : GAZETEPORT<\/a><\/p>\n","protected":false},"excerpt":{"rendered":"<p style=\"text-align: center;\">\n<p style=\"text-align: justify;\">Taliban\u2019\u0131n Pakistan\u2019da faaliyet g\u00f6steren kolu d\u00fcn bir video yay\u0131nlayarak asker oldu\u011fu iddia edilen bir grup erke\u011fin kesilmi\u015f ba\u015flar\u0131n\u0131 sergiledi. G\u00fcvenlik yetkilileri ise militanlarla ya\u015fanan \u00e7at\u0131\u015fman\u0131n ard\u0131ndan 15 kadar askerin kay\u0131p oldu\u011funu a\u00e7\u0131klad\u0131.<\/p>\n<p style=\"text-align: justify;\">Pakistan ordusuyla Taliban militanlar\u0131 aras\u0131nda \u00e7at\u0131\u015fmalar Sal\u0131 g\u00fcn\u00fc ba\u015flam\u0131\u015ft\u0131. \u00dcst d\u00fczey bir g\u00fcvenlik yetkilisi d\u00fcn AFP\u2019ye <\/p>\n","protected":false},"author":1,"featured_media":0,"comment_status":"open","ping_status":"open","sticky":false,"template":"","format":"standard","meta":{"footnotes":""},"categories":[105],"tags":[],"class_list":["post-54860","post","type-post","status-publish","format-standard","hentry","category-gundem","odd"],"_links":{"self":[{"href":"http:\/\/www.korhanyilmaz.com\/index.php?rest_route=\/wp\/v2\/posts\/54860","targetHints":{"allow":["GET"]}}],"collection":[{"href":"http:\/\/www.korhanyilmaz.com\/index.php?rest_route=\/wp\/v2\/posts"}],"about":[{"href":"http:\/\/www.korhanyilmaz.com\/index.php?rest_route=\/wp\/v2\/types\/post"}],"author":[{"embeddable":true,"href":"http:\/\/www.korhanyilmaz.com\/index.php?rest_route=\/wp\/v2\/users\/1"}],"replies":[{"embeddable":true,"href":"http:\/\/www.korhanyilmaz.com\/index.php?rest_route=%2Fwp%2Fv2%2Fcomments&post=54860"}],"version-history":[{"count":0,"href":"http:\/\/www.korhanyilmaz.com\/index.php?rest_route=\/wp\/v2\/posts\/54860\/revisions"}],"wp:attachment":[{"href":"http:\/\/www.korhanyilmaz.com\/index.php?rest_route=%2Fwp%2Fv2%2Fmedia&parent=54860"}],"wp:term":[{"taxonomy":"category","embeddable":true,"href":"http:\/\/www.korhanyilmaz.com\/index.php?rest_route=%2Fwp%2Fv2%2Fcategories&post=54860"},{"taxonomy":"post_tag","embeddable":true,"href":"http:\/\/www.korhanyilmaz.com\/index.php?rest_route=%2Fwp%2Fv2%2Ftags&post=54860"}],"curies":[{"name":"wp","href":"https:\/\/api.w.org\/{rel}","templated":true}]}}