{"id":54852,"date":"2012-09-02T10:37:07","date_gmt":"2012-09-02T07:37:07","guid":{"rendered":"http:\/\/www.korhanyilmaz.com\/?p=54852"},"modified":"2012-09-02T18:36:16","modified_gmt":"2012-09-02T15:36:16","slug":"turkiyeden-irana-giden-altinin-sirri-cozuldu","status":"publish","type":"post","link":"http:\/\/www.korhanyilmaz.com\/?p=54852","title":{"rendered":"T\u00fcrkiye&#8217;den \u0130ran&#8217;a giden alt\u0131n\u0131n s\u0131rr\u0131 \u00e7\u00f6z\u00fcld\u00fc!"},"content":{"rendered":"<p style=\"text-align: center;\"><a href=\"http:\/\/www.korhanyilmaz.com\/wp-content\/uploads\/2012\/09\/H596.jpg\"  class=\"lightview\"><img loading=\"lazy\" decoding=\"async\" class=\"aligncenter  wp-image-54853\" src=\"http:\/\/www.korhanyilmaz.com\/wp-content\/uploads\/2012\/09\/H596.jpg\" alt=\"\" width=\"392\" height=\"196\" \/><\/a><\/p>\n<p style=\"text-align: justify;\"><strong>Euro\u2019lar geliyor, alt\u0131n olup gidiyor\u00a0<\/strong><\/p>\n<p style=\"text-align: justify;\">\u0130ran\u2019dan Euro\u2019lar geliyor, T\u00fcrkiye\u2019de alt\u0131n olup gidiyor<\/p>\n<p style=\"text-align: justify;\">Alt\u0131n ihracat\u0131yla T\u00fcrkiye\u2019nin y\u0131ld\u0131z\u0131 haline gelen \u0130ran\u2019da, imtiyazl\u0131 i\u015fadamlar\u0131n\u0131n d\u00fc\u015f\u00fck kurdan elde ettikleri euro ile T\u00fcrkiye\u2019de alt\u0131n sat\u0131n al\u0131p, sonra bunlar\u0131 kendi piyasalar\u0131nda nakte \u00e7evirdikleri belirtildi.\u00a0<!--more--><\/p>\n<p style=\"text-align: justify;\">T\u00fcrkiye ve \u0130ran aras\u0131ndaki alt\u0131n ticaretinin son d\u00f6nemde h\u0131zl\u0131 y\u00fckseli\u015fe ge\u00e7mesi bug\u00fcne kadar kimileri taraf\u0131ndan \u201cT\u00fcrkiye petrol\u00fcn faturas\u0131n\u0131 alt\u0131nla \u00f6d\u00fcyor\u201d \u015feklinde yorumland\u0131, baz\u0131 \u00e7evreler ise bu konuda \u201c\u0130ran sava\u015fa haz\u0131rl\u0131k yap\u0131yor, alt\u0131n stokluyor\u201d de\u011ferlendirmesinde bulundu.<\/p>\n<p style=\"text-align: justify;\">\u0130stanbul\u2019da herg\u00fcn on milyonlarca dolarl\u0131k i\u015flem hacmine sahne olan alt\u0131n piyasas\u0131n\u0131 kontrol edenlerin anlat\u0131m\u0131 ise bu iki senaryoyu olduk\u00e7a farkl\u0131 bir noktaya ta\u015f\u0131yor.<\/p>\n<p style=\"text-align: justify;\">Alt\u0131n piyasas\u0131na hakim bir ismin bu konudaki de\u011ferlendirmesine g\u00f6re, \u0130ran\u2019la h\u0131zla y\u00fckselen alt\u0131n ticaretinin alt\u0131nda \u201carbitraj\u201d, bir di\u011fer ifadeyle kur fark\u0131ndan para kazanan oyuncular\u0131n yapt\u0131\u011f\u0131 i\u015flemler yat\u0131yor.<\/p>\n<p style=\"text-align: justify;\">Ayn\u0131 kaynak, piyasada konu\u015fulanlara g\u00f6re T\u00fcrkiye\u2019de bu ticareti yapanlar aras\u0131nda Ebru G\u00fcnde\u015f\u2019le evlenen \u0130ran as\u0131ll\u0131 Azeri i\u015fadam\u0131 Reza Zarrab\u2019\u0131n isminin \u00f6ne \u00e7\u0131kt\u0131\u011f\u0131n\u0131 belirtiyor.<\/p>\n<p style=\"text-align: justify;\">H\u00fcseyin Zarrab\u2019\u0131n o\u011fullar\u0131 Reza ve Muhammed Zarrab taraf\u0131ndan \u0130stanbul\u2019da kurulan \u201cRoyal Denizcilik ve End\u00fcstriyel Makine Sanayi Ticaret A.\u015e.\u201d adl\u0131 \u015firketi 27 Ekim 2011 tarihli Ticaret Sicili gazetesine g\u00f6re \u2018alt\u0131n\u2019 i\u015flerini de yapmak i\u00e7in ismine bir ek yapt\u0131. \u015eirketin yeni ismi bu tarihten itibaren \u201cRoyal Denizcilik End\u00fcstriyel Makine ve K\u0131ymetli Madenler Sanayi Ticaret A.\u015e.\u201d olarak de\u011fi\u015ftirildi. Reza Zarrab\u2019\u0131n daha \u00f6nce de \u0130stanbul\u2019da bir kuyumculuk \u015firketi bulunuyordu.<\/p>\n<p style=\"text-align: justify;\"><strong>6 milyar $\u2019l\u0131k alt\u0131n ihracat\u0131\u00a0<\/strong><\/p>\n<p style=\"text-align: justify;\">T\u00fcrkiye \u0130statistik Kurumu (T\u00dc\u0130K) verilerine g\u00f6re Ocak 2012-Temmuz 2012 aras\u0131ndaki 7 ayl\u0131k d\u00f6nemde 8.8 milyar dolarl\u0131k alt\u0131n ve de\u011ferli ta\u015f ihracat yap\u0131ld\u0131, bu d\u00f6nemdeki rakam bir y\u0131l \u00f6ncesinde 1.8 milyar dolar olarak ger\u00e7ekle\u015fmi\u015fti. Y\u0131l\u0131n ilk 7 ay\u0131nda bir y\u0131l \u00f6ncesine g\u00f6re alt\u0131n ve de\u011ferli ta\u015fta 7 milyar dolarl\u0131k ihracat art\u0131\u015f\u0131 oldu\u011fu g\u00f6r\u00fcl\u00fcyor.<\/p>\n<p style=\"text-align: justify;\">T\u00fcrkiye\u2019nin \u0130ran\u2019a ihracat\u0131 ilk 7 ayda 8 milyar dolara ula\u015ft\u0131. 2011\u2019in ilk 7 ay\u0131nda bu rakam 2 milyar dolard\u0131. Aradaki fark 6 milyar dolar\u0131 buluyor. 6 milyar dolarl\u0131k art\u0131\u015f\u0131n \u00f6nemli b\u00f6l\u00fcm\u00fcn\u00fcn alt\u0131ndan kaynakland\u0131\u011f\u0131 tahmin ediliyor. G\u00fcncel fiyatlara g\u00f6re 1 ton alt\u0131n 54 milyon dolar ediyor. 6 milyar dolarl\u0131k alt\u0131n\u0131n b\u00fcy\u00fckl\u00fc\u011f\u00fc ise 110 tona denk geliyor.<\/p>\n<p style=\"text-align: justify;\">Hareketlenen i\u015f hacmiyle birlikte Temmuz 2012 verilerine g\u00f6re T\u00fcrkiye\u2019nin en \u00e7ok ticaret yapt\u0131\u011f\u0131 \u00fclke \u0130ran oldu. \u0130lk 7 ayl\u0131k y\u00fckseli\u015f y\u00fczde 295\u2019e denk geliyor.<\/p>\n<p style=\"text-align: justify;\">Alt\u0131n ve de\u011ferli ta\u015f ihracat\u0131 ise y\u00fczde 371\u2019lik art\u0131\u015fla birlikte t\u00fcm \u00fcr\u00fcn gruplar\u0131n\u0131 ge\u00e7erek ilk s\u0131raya oturdu. Alt\u0131n ve de\u011ferli ta\u015f grubunun ithalat\u0131 da y\u00fczde 98\u2019lik y\u00fckseli\u015f kaydetti ve \u00fc\u00e7\u00fcnc\u00fc s\u0131rada yer ald\u0131.<\/p>\n<p style=\"text-align: justify;\"><strong>\u2018\u0130mtiyazl\u0131 i\u015fadamlar\u0131\u2019 kur fark\u0131ndan kazand\u0131\u00a0<\/strong><\/p>\n<p style=\"text-align: justify;\">T\u00fcrkiye ile \u0130ran aras\u0131ndaki alt\u0131n ticaretinin nas\u0131l \u015fekillendi\u011fi basit anlat\u0131mla aktaran alt\u0131n piyasas\u0131n\u0131n etkili bir oyuncusu, uygulanan sistemi ad\u0131m ad\u0131m \u015fu \u015fekilde anlat\u0131yor&#8230;<\/p>\n<p style=\"text-align: justify;\">* \u0130ran\u2019da devletin imtiyaz (\u00f6zel hak) tan\u0131d\u0131\u011f\u0131 i\u015fadamlar\u0131 bulunuyor. D\u0131\u015f ticaret yapan bu isimlere devlet daha d\u00fc\u015f\u00fck kurdan d\u00f6viz sa\u011fl\u0131yor.<\/p>\n<p style=\"text-align: justify;\">* T\u00fcm i\u015flemler uluslararas\u0131 piyasalarda hakim para birimi olan \u2018dolar\u2019 olarak de\u011fil \u2018euro\u2019 olarak yap\u0131l\u0131yor. Bunun da sebebi, dolarla yap\u0131lan i\u015flemlerin ABD\u2019nin s\u0131k\u0131 takibinde olmas\u0131. (\u0130ran\u2019a ambargo uygulan\u0131yor, ticaret yapan ABD\u2019li ve Avrupal\u0131 \u015firketlere b\u00fcy\u00fck cezalar kesiliyor)<\/p>\n<p style=\"text-align: justify;\">* Elindeki t\u00fcmeni (\u0130ran para birimi) veren imtiyazl\u0131 i\u015fadam\u0131 paras\u0131n\u0131 2.150 t\u00fcmen kar\u015f\u0131l\u0131\u011f\u0131 1 euro hesab\u0131ndan d\u00f6vize \u00e7eviriyor. Ba\u015fka birisi \u0130ran piyasas\u0131nda bu i\u015flemi yapmak istedi\u011finde daha y\u00fcksek bir kur olan 2.250 t\u00fcmenden 1 euro sat\u0131\u015f\u0131 yap\u0131l\u0131yor.<\/p>\n<p style=\"text-align: justify;\">* Ard\u0131ndan imtiyazl\u0131 i\u015fadam\u0131 \u0130ran\u2019dan euro\u2019ya \u00e7evirdi\u011fi y\u00fckl\u00fc miktardaki paray\u0131 T\u00fcrkiye\u2019ye getiriyor ve alt\u0131n al\u0131yor.<\/p>\n<p style=\"text-align: justify;\">* Bunun ard\u0131ndan sat\u0131n ald\u0131\u011f\u0131 alt\u0131nlar\u0131 fiziki olarak \u0130ran\u2019a ihra\u00e7 eden \u0130ranl\u0131 i\u015fadam\u0131 \u00fclkesinde bunu y\u00fcksek kurdan elinden \u00e7\u0131kar\u0131yor ve aradaki kur fark\u0131ndan k\u00e2r elde ediyor.<\/p>\n<p style=\"text-align: justify;\">* T\u00fcrkiye\u2019de kurulu \u015firketler \u00fczerinden yap\u0131lan bu ticaret s\u0131ras\u0131nda alt\u0131n sadece \u0130ran\u2019a de\u011fil Birle\u015fik Arap Emirlikleri ve Dubai gibi \u00fclkelere giderek buralarda da sat\u0131\u015f\u0131 yap\u0131l\u0131yor.<\/p>\n<p style=\"text-align: justify;\"><a href=\"http:\/\/haber.gazetevatan.com\/turkiyeden-irana-giden-altinin-sirri-cozuldu\/478350\/1\/G%C3%BCndem#.UEN4zrLN-Zc\" target=\"_blank\">Kaynak : VATAN Gazetesi<\/a><\/p>\n","protected":false},"excerpt":{"rendered":"<p style=\"text-align: center;\">\n<p style=\"text-align: justify;\">Euro\u2019lar geliyor, alt\u0131n olup gidiyor <\/p>\n<p style=\"text-align: justify;\">\u0130ran\u2019dan Euro\u2019lar geliyor, T\u00fcrkiye\u2019de alt\u0131n olup gidiyor<\/p>\n<p style=\"text-align: justify;\">Alt\u0131n ihracat\u0131yla T\u00fcrkiye\u2019nin y\u0131ld\u0131z\u0131 haline gelen \u0130ran\u2019da, imtiyazl\u0131 i\u015fadamlar\u0131n\u0131n d\u00fc\u015f\u00fck kurdan elde ettikleri euro ile T\u00fcrkiye\u2019de alt\u0131n sat\u0131n al\u0131p, sonra bunlar\u0131 kendi piyasalar\u0131nda nakte \u00e7evirdikleri belirtildi. <\/p>\n","protected":false},"author":1,"featured_media":0,"comment_status":"open","ping_status":"open","sticky":false,"template":"","format":"standard","meta":{"footnotes":""},"categories":[7,105],"tags":[],"class_list":["post-54852","post","type-post","status-publish","format-standard","hentry","category-ekonomi","category-gundem","odd"],"_links":{"self":[{"href":"http:\/\/www.korhanyilmaz.com\/index.php?rest_route=\/wp\/v2\/posts\/54852","targetHints":{"allow":["GET"]}}],"collection":[{"href":"http:\/\/www.korhanyilmaz.com\/index.php?rest_route=\/wp\/v2\/posts"}],"about":[{"href":"http:\/\/www.korhanyilmaz.com\/index.php?rest_route=\/wp\/v2\/types\/post"}],"author":[{"embeddable":true,"href":"http:\/\/www.korhanyilmaz.com\/index.php?rest_route=\/wp\/v2\/users\/1"}],"replies":[{"embeddable":true,"href":"http:\/\/www.korhanyilmaz.com\/index.php?rest_route=%2Fwp%2Fv2%2Fcomments&post=54852"}],"version-history":[{"count":0,"href":"http:\/\/www.korhanyilmaz.com\/index.php?rest_route=\/wp\/v2\/posts\/54852\/revisions"}],"wp:attachment":[{"href":"http:\/\/www.korhanyilmaz.com\/index.php?rest_route=%2Fwp%2Fv2%2Fmedia&parent=54852"}],"wp:term":[{"taxonomy":"category","embeddable":true,"href":"http:\/\/www.korhanyilmaz.com\/index.php?rest_route=%2Fwp%2Fv2%2Fcategories&post=54852"},{"taxonomy":"post_tag","embeddable":true,"href":"http:\/\/www.korhanyilmaz.com\/index.php?rest_route=%2Fwp%2Fv2%2Ftags&post=54852"}],"curies":[{"name":"wp","href":"https:\/\/api.w.org\/{rel}","templated":true}]}}