{"id":54848,"date":"2012-09-02T11:51:28","date_gmt":"2012-09-02T08:51:28","guid":{"rendered":"http:\/\/www.korhanyilmaz.com\/?p=54848"},"modified":"2012-09-02T16:07:28","modified_gmt":"2012-09-02T13:07:28","slug":"ucube-gitti-yatirim-geldi","status":"publish","type":"post","link":"http:\/\/www.korhanyilmaz.com\/?p=54848","title":{"rendered":"Ucube gitti, yat\u0131r\u0131m geldi"},"content":{"rendered":"<p style=\"text-align: justify;\"><a href=\"http:\/\/www.korhanyilmaz.com\/wp-content\/uploads\/2012\/09\/H595.jpg\"  class=\"lightview\"><img loading=\"lazy\" decoding=\"async\" class=\"aligncenter size-full wp-image-54849\" title=\"\" src=\"http:\/\/www.korhanyilmaz.com\/wp-content\/uploads\/2012\/09\/H595.jpg\" alt=\"\" width=\"288\" height=\"206\" \/><\/a><\/p>\n<p style=\"text-align: justify;\">Ba\u015fbakan Recep Tayyip Erdo\u011fan&#8217;\u0131n &#8216;Ucube&#8217; olarak niteledi\u011fi Kars&#8217;taki &#8216;\u0130nsanl\u0131k An\u0131t\u0131&#8217; y\u0131k\u0131l\u0131nca Azerbaycan&#8217;dan yat\u0131r\u0131m jesti geldi.<\/p>\n<p style=\"text-align: justify;\">Ankara-Erivan yak\u0131nla\u015fmas\u0131n\u0131n simgesi kabul edilen an\u0131t, Bak\u00fc&#8217;de rahats\u0131zl\u0131k yaratm\u0131\u015ft\u0131. Ak\u015fam&#8217;\u0131n haberine g\u00f6re an\u0131t\u0131n, Kars Belediye Meclisi&#8217;nin karar\u0131yla y\u0131k\u0131lmas\u0131n\u0131n ard\u0131ndan harekete ge\u00e7en Haydar Aliyev Vakf\u0131, b\u00f6lgeye tam donan\u0131ml\u0131 end\u00fcstri meslek lisesi in\u015fa etti.\u00a0<!--more--><\/p>\n<p style=\"text-align: justify;\"><strong>SIRADA I\u011eDIR \u00dcN\u0130VERS\u0130TES\u0130 VAR<\/strong><\/p>\n<p style=\"text-align: justify;\">Heykelin y\u0131k\u0131m i\u015fleminin tamamland\u0131\u011f\u0131 Aral\u0131k 2011&#8217;den sonra projelendirilen okul, 7 ay gibi k\u0131sa s\u00fcrede tamamland\u0131. Azerbaycan&#8217;\u0131n 24.5 milyon TL&#8217;ye yapt\u0131rd\u0131\u011f\u0131 end\u00fcstri meslek lisesi, yeni e\u011fitim \u00f6\u011fretim y\u0131l\u0131nda ilk \u00f6\u011frencilerini alacak. Aliyev Vakf\u0131&#8217;n\u0131n, I\u011fd\u0131r \u00dcniversitesi&#8217;ne de destek vermeye haz\u0131rland\u0131\u011f\u0131 belirtildi. \u00dcniversiteye ba\u011fl\u0131 baz\u0131 fak\u00fcltelerin &#8216;Haydar Aliyev&#8217; ismi verilmesi \u015fart\u0131yla Vak\u0131f taraf\u0131ndan yapt\u0131r\u0131laca\u011f\u0131 ifade edildi.<\/p>\n<p style=\"text-align: justify;\"><strong>MEGA \u00d6L\u00c7EKL\u0130 LOJ\u0130ST\u0130K MERKEZ<\/strong><\/p>\n<p style=\"text-align: justify;\">Azerbaycan&#8217;dan Kars&#8217;a y\u00f6nelik ikinci b\u00fcy\u00fck jest ise nakliye ve ta\u015f\u0131mac\u0131l\u0131k sekt\u00f6r\u00fcne y\u00f6nelik. Bu \u00e7er\u00e7evede, uluslararas\u0131 boyutta hizmet verecek bir lojistik merkez kurulacak. Azeri yetkililer ge\u00e7en ay Ekonomi Bakan\u0131 Zafer \u00c7a\u011flayan&#8217;la g\u00f6r\u00fc\u015ferek, yeni te\u015fvik sistemi kapsam\u0131nda Kars&#8217;ta 30 hektarl\u0131k arazi \u00fczerine lojistik \u00fcs kurma talebini ilettiler. Arazi kiralama \u00e7al\u0131\u015fmalar\u0131 devam eden projenin, \u00f6n\u00fcm\u00fczdeki aylarda ba\u015flat\u0131lmas\u0131 hedefleniyor. Al\u0131nan bilgiye g\u00f6re, Azerbaycan&#8217;\u0131n Kars&#8217;ta kuraca\u011f\u0131 dev lojistik merkezde y\u00fczlerce ki\u015finin istihdam edilecek. Azerbaycan, ihtiyac\u0131 olan mallar\u0131, buradaki lojistik merkezi kanal\u0131yla T\u00fcrkiye&#8217;den ithal edecek.<\/p>\n<p style=\"text-align: justify;\"><strong>ERDO\u011eAN VE AL\u0130YEV A\u00c7ACAK<\/strong><\/p>\n<p style=\"text-align: justify;\">NAH\u00c7\u0130VAN Merkezli Gemikaya Holding&#8217;in Do\u011fu Anadolu Koordinat\u00f6r\u00fc Mustafa Kartal, okulu birka\u00e7 ayda tamamlad\u0131klar\u0131n\u0131 belirterek, resmi a\u00e7\u0131l\u0131\u015f\u0131 eyl\u00fclde yapmay\u0131 planlad\u0131klar\u0131n\u0131 s\u00f6yledi. A\u00e7\u0131l\u0131\u015fa, Ba\u015fbakan Recep Tayyip Erdo\u011fan, Nah\u00e7ivan Devlet Ba\u015fkan\u0131 Vas\u0131f Talipov ve Azerbaycan Devlet Ba\u015fkan\u0131 \u0130lham Aliyev&#8217;in kat\u0131lmas\u0131 bekleniyor.<\/p>\n<p style=\"text-align: justify;\"><strong>M\u0130LLET OLMANIN GERE\u011e\u0130<\/strong><\/p>\n<p style=\"text-align: justify;\">Kars Sanayi ve Ticaret Odas\u0131 B\u015fk. Ali G\u00fcvensoy: Kars&#8217;ta son d\u00f6nemde artan Azeri yat\u0131r\u0131mlar\u0131ndan memnunuz. Bar\u0131\u015f heykeli y\u0131k\u0131ld\u0131\u011f\u0131 i\u00e7in yat\u0131r\u0131mlar\u0131n geldi\u011fi s\u00f6yleniyor. Heykelin yap\u0131lmas\u0131na izin verildi, sonra da y\u0131k\u0131lmas\u0131na izin verildi. Bunu pek tasvip edemeyece\u011fim. Azeriler bunu Ermenistan&#8217;la yak\u0131nla\u015fman\u0131n simgesi olarak g\u00f6r\u00fcyorlarsa elbette sevinirler. AmaT\u00fcrkiye&#8217;nin \u00f6zellikle Kars&#8217;\u0131n Azerbaycan&#8217;la ger\u00e7ek bir ili\u015fkisi vard\u0131r. Bir millet, iki devlet olman\u0131n gere\u011fidir bu yat\u0131r\u0131mlar.<\/p>\n<p style=\"text-align: justify;\"><strong>\u0130NSANLIK ANITI HEYKEL\u0130N\u0130N H\u0130KAYES\u0130<\/strong><\/p>\n<p style=\"text-align: justify;\">2004&#8217;te AK Parti&#8217;den Kars Belediye Ba\u015fkan\u0131 se\u00e7ilen Naif Alibeyo\u011flu, daha sonra istifa ederek CHP&#8217;ye ge\u00e7mi\u015fti. &#8216;\u0130nsanl\u0131k An\u0131t\u0131&#8217;n\u0131 CHP&#8217;ye kat\u0131ld\u0131ktan sonra Belediye Meclisi&#8217;nin karar\u0131yla yapt\u0131ran Naif Alibeyo\u011flu, heykeltra\u015f Mehmet Aksoy&#8217;la anla\u015fm\u0131\u015ft\u0131. Yap\u0131m\u0131na 2006&#8217;da ba\u015flanan heykel, T\u00fcrkiye &#8211; Ermenistan yak\u0131nla\u015fmas\u0131n\u0131n simgesi olarak ifade edilmi\u015fti. Geli\u015fme, Bak\u00fc&#8217;de rahats\u0131zl\u0131k yaratm\u0131\u015ft\u0131. \u0130kili ili\u015fkiler, T\u00fcrkiye ile Ermenistan aras\u0131nda imzalanan protokolle kopma noktas\u0131na gelmi\u015fti. Bu gidi\u015fi tersine \u00e7eviren geli\u015fme Ermenistan Anayasa Mahkemesi&#8217;nin 2010&#8217;da verdi\u011fi kararla ba\u015flam\u0131\u015ft\u0131. Mahkeme, protokole &#8216;Soyk\u0131r\u0131m iddialar\u0131na&#8217; ili\u015fkin \u00e7ekince koyunca, Ankara-Erivan temaslar\u0131 sonlanm\u0131\u015ft\u0131. Bu s\u0131rada Ba\u015fbakan Erdo\u011fan&#8217;\u0131n &#8216;Ucube&#8217; dedi\u011fi an\u0131t\u0131n y\u0131k\u0131m\u0131 g\u00fcndeme gelmi\u015fti. Heykelin kald\u0131r\u0131lmas\u0131, Ankara-Bak\u00fc aras\u0131ndaki buzlar\u0131 eritirken, yeni yat\u0131r\u0131mlar\u0131 da beraberinde getirdi.<\/p>\n<p style=\"text-align: justify;\"><a href=\"http:\/\/www.thelira.com\/haber\/105360\/ucube-gitti-yatirim-geldi\" target=\"_blank\">Kaynak \u00a0: www.thelira.com<\/a><\/p>\n","protected":false},"excerpt":{"rendered":"<p style=\"text-align: justify;\">\n<p style=\"text-align: justify;\">Ba\u015fbakan Recep Tayyip Erdo\u011fan&#8217;\u0131n &#8216;Ucube&#8217; olarak niteledi\u011fi Kars&#8217;taki &#8216;\u0130nsanl\u0131k An\u0131t\u0131&#8217; y\u0131k\u0131l\u0131nca Azerbaycan&#8217;dan yat\u0131r\u0131m jesti geldi.<\/p>\n<p style=\"text-align: justify;\">Ankara-Erivan yak\u0131nla\u015fmas\u0131n\u0131n simgesi kabul edilen an\u0131t, Bak\u00fc&#8217;de rahats\u0131zl\u0131k yaratm\u0131\u015ft\u0131. Ak\u015fam&#8217;\u0131n haberine g\u00f6re an\u0131t\u0131n, Kars Belediye Meclisi&#8217;nin karar\u0131yla y\u0131k\u0131lmas\u0131n\u0131n ard\u0131ndan harekete ge\u00e7en Haydar Aliyev Vakf\u0131, b\u00f6lgeye tam donan\u0131ml\u0131 end\u00fcstri meslek lisesi in\u015fa etti. <\/p>\n","protected":false},"author":1,"featured_media":0,"comment_status":"open","ping_status":"open","sticky":false,"template":"","format":"standard","meta":{"footnotes":""},"categories":[105],"tags":[],"class_list":["post-54848","post","type-post","status-publish","format-standard","hentry","category-gundem","odd"],"_links":{"self":[{"href":"http:\/\/www.korhanyilmaz.com\/index.php?rest_route=\/wp\/v2\/posts\/54848","targetHints":{"allow":["GET"]}}],"collection":[{"href":"http:\/\/www.korhanyilmaz.com\/index.php?rest_route=\/wp\/v2\/posts"}],"about":[{"href":"http:\/\/www.korhanyilmaz.com\/index.php?rest_route=\/wp\/v2\/types\/post"}],"author":[{"embeddable":true,"href":"http:\/\/www.korhanyilmaz.com\/index.php?rest_route=\/wp\/v2\/users\/1"}],"replies":[{"embeddable":true,"href":"http:\/\/www.korhanyilmaz.com\/index.php?rest_route=%2Fwp%2Fv2%2Fcomments&post=54848"}],"version-history":[{"count":0,"href":"http:\/\/www.korhanyilmaz.com\/index.php?rest_route=\/wp\/v2\/posts\/54848\/revisions"}],"wp:attachment":[{"href":"http:\/\/www.korhanyilmaz.com\/index.php?rest_route=%2Fwp%2Fv2%2Fmedia&parent=54848"}],"wp:term":[{"taxonomy":"category","embeddable":true,"href":"http:\/\/www.korhanyilmaz.com\/index.php?rest_route=%2Fwp%2Fv2%2Fcategories&post=54848"},{"taxonomy":"post_tag","embeddable":true,"href":"http:\/\/www.korhanyilmaz.com\/index.php?rest_route=%2Fwp%2Fv2%2Ftags&post=54848"}],"curies":[{"name":"wp","href":"https:\/\/api.w.org\/{rel}","templated":true}]}}