{"id":54842,"date":"2012-09-02T11:48:10","date_gmt":"2012-09-02T08:48:10","guid":{"rendered":"http:\/\/www.korhanyilmaz.com\/?p=54842"},"modified":"2012-09-02T13:43:04","modified_gmt":"2012-09-02T10:43:04","slug":"gulden-tesekkur-mesaji","status":"publish","type":"post","link":"http:\/\/www.korhanyilmaz.com\/?p=54842","title":{"rendered":"G\u00fcl&#8217;den te\u015fekk\u00fcr mesaj\u0131"},"content":{"rendered":"<p style=\"text-align: center;\"><a href=\"http:\/\/www.korhanyilmaz.com\/wp-content\/uploads\/2012\/09\/H593.jpg\"  class=\"lightview\"><img loading=\"lazy\" decoding=\"async\" class=\"aligncenter  wp-image-54843\" src=\"http:\/\/www.korhanyilmaz.com\/wp-content\/uploads\/2012\/09\/H593.jpg\" alt=\"\" width=\"396\" height=\"180\" \/><\/a><\/p>\n<p style=\"text-align: justify;\">Tedavisinin ard\u0131ndan d\u00fcn hastaneden taburcu olan G\u00fcl, Twitter \u00fczerinden doktorlar\u0131na te\u015fekk\u00fcr ederek,sa\u011fl\u0131k durumunun iyi oldu\u011funu payla\u015ft\u0131.<\/p>\n<p style=\"text-align: justify;\">ANKARA &#8211; Kula\u011f\u0131ndaki rahats\u0131zl\u0131k nedeniyle tedavi g\u00f6rd\u00fc\u011f\u00fc Hacettepe \u00dcniversitesi T\u0131p Fak\u00fcltesi Hastanesi&#8217;nden d\u00fcn taburcu olan Cumhurba\u015fkan\u0131 Abdullah G\u00fcl, doktorlar\u0131na ve hastane personeline te\u015fekk\u00fcr ederek, sa\u011fl\u0131k durumunun iyi oldu\u011funu belirtti.\u00a0<!--more--><\/p>\n<p style=\"text-align: justify;\">G\u00fcl, Twitter&#8217;daki hesab\u0131ndan sa\u011fl\u0131k durumuna ili\u015fkin bilgi verdi.<\/p>\n<p style=\"text-align: justify;\">Tedavisinin hastanede y\u00fcr\u00fct\u00fclmesi gereken k\u0131sm\u0131n\u0131n bitmesinin ard\u0131ndan d\u00fcn eve d\u00f6nd\u00fc\u011f\u00fcn\u00fc kaydeden G\u00fcl, sa\u011fl\u0131k durumunu &#8221;\u00c7ok \u015f\u00fck\u00fcr gayet iyiyim&#8221; s\u00f6zleriyle de\u011ferlendirdi.<\/p>\n<p style=\"text-align: justify;\">Doktorlar\u0131na da te\u015fekk\u00fcr eden Cumhurba\u015fkan\u0131 G\u00fcl, Twitter&#8217;daki hesab\u0131nda \u015fu ifadeleri kulland\u0131:<\/p>\n<p style=\"text-align: justify;\">&#8221;Tedavi s\u00fcrecinin en iyi \u015fekilde y\u00fcr\u00fct\u00fclebilmesi i\u00e7in her t\u00fcrl\u00fc tedbiri alan ba\u015fta Rekt\u00f6r Bey olmak \u00fczere Hacettepe Hastanesi&#8217;nin t\u00fcm personeline te\u015fekk\u00fcr ediyorum. Eski doktorlar\u0131m olarak tedaviyi organize eden Prof. Ergin Turan ve Prof. Erol Belgin Beyler ba\u015fta olmak \u00fczere, hastanenin ilgili b\u00f6l\u00fcm ba\u015fkanlar\u0131 ve t\u00fcm hocalar\u0131na, ayr\u0131ca di\u011fer hastanelerden kons\u00fcltasyona kat\u0131larak tedavi s\u00fcrecine katk\u0131da bulunan de\u011ferli hocalar ve t\u00fcm sa\u011fl\u0131k personeli ile Cumhurba\u015fkanl\u0131\u011f\u0131 sa\u011fl\u0131k ekibine can\u0131 g\u00f6n\u00fclden te\u015fekk\u00fcr ediyorum. Sevgi ve dualar\u0131yla yan\u0131mda olan vatanda\u015flar\u0131ma bir kez daha Allah&#8217;tan sa\u011fl\u0131k ve afiyet diliyor, herkese te\u015fekk\u00fcr ediyorum.&#8221;<\/p>\n<p>Cumhurba\u015fkan\u0131 G\u00fcl, hastane \u00e7\u0131k\u0131\u015f\u0131nda \u00e7ekilen bir foto\u011fraf\u0131n\u0131 da takip\u00e7ileriyle payla\u015ft\u0131. (AA)<\/p>\n<p>&nbsp;<\/p>\n<p style=\"text-align: justify;\"><a href=\"http:\/\/www.korhanyilmaz.com\/wp-content\/uploads\/2012\/09\/H594.jpg\"  class=\"lightview\"><img loading=\"lazy\" decoding=\"async\" class=\"aligncenter size-full wp-image-54844\" title=\"\" src=\"http:\/\/www.korhanyilmaz.com\/wp-content\/uploads\/2012\/09\/H594.jpg\" alt=\"\" width=\"550\" height=\"650\" \/><\/a><\/p>\n<p style=\"text-align: justify;\"><a href=\"http:\/\/www.gazeteport.com.tr\/haber\/109490\/gulden-tesekkur-mesaji\" target=\"_blank\">Kaynak : GAZETEPORT<\/a><\/p>\n","protected":false},"excerpt":{"rendered":"<p style=\"text-align: center;\">\n<p style=\"text-align: justify;\">Tedavisinin ard\u0131ndan d\u00fcn hastaneden taburcu olan G\u00fcl, Twitter \u00fczerinden doktorlar\u0131na te\u015fekk\u00fcr ederek,sa\u011fl\u0131k durumunun iyi oldu\u011funu payla\u015ft\u0131.<\/p>\n<p style=\"text-align: justify;\">ANKARA &#8211; Kula\u011f\u0131ndaki rahats\u0131zl\u0131k nedeniyle tedavi g\u00f6rd\u00fc\u011f\u00fc Hacettepe \u00dcniversitesi T\u0131p Fak\u00fcltesi Hastanesi&#8217;nden d\u00fcn taburcu olan Cumhurba\u015fkan\u0131 Abdullah G\u00fcl, doktorlar\u0131na ve hastane personeline te\u015fekk\u00fcr ederek, sa\u011fl\u0131k durumunun iyi oldu\u011funu belirtti. <\/p>\n","protected":false},"author":1,"featured_media":0,"comment_status":"open","ping_status":"open","sticky":false,"template":"","format":"standard","meta":{"footnotes":""},"categories":[105],"tags":[],"class_list":["post-54842","post","type-post","status-publish","format-standard","hentry","category-gundem","odd"],"_links":{"self":[{"href":"http:\/\/www.korhanyilmaz.com\/index.php?rest_route=\/wp\/v2\/posts\/54842","targetHints":{"allow":["GET"]}}],"collection":[{"href":"http:\/\/www.korhanyilmaz.com\/index.php?rest_route=\/wp\/v2\/posts"}],"about":[{"href":"http:\/\/www.korhanyilmaz.com\/index.php?rest_route=\/wp\/v2\/types\/post"}],"author":[{"embeddable":true,"href":"http:\/\/www.korhanyilmaz.com\/index.php?rest_route=\/wp\/v2\/users\/1"}],"replies":[{"embeddable":true,"href":"http:\/\/www.korhanyilmaz.com\/index.php?rest_route=%2Fwp%2Fv2%2Fcomments&post=54842"}],"version-history":[{"count":0,"href":"http:\/\/www.korhanyilmaz.com\/index.php?rest_route=\/wp\/v2\/posts\/54842\/revisions"}],"wp:attachment":[{"href":"http:\/\/www.korhanyilmaz.com\/index.php?rest_route=%2Fwp%2Fv2%2Fmedia&parent=54842"}],"wp:term":[{"taxonomy":"category","embeddable":true,"href":"http:\/\/www.korhanyilmaz.com\/index.php?rest_route=%2Fwp%2Fv2%2Fcategories&post=54842"},{"taxonomy":"post_tag","embeddable":true,"href":"http:\/\/www.korhanyilmaz.com\/index.php?rest_route=%2Fwp%2Fv2%2Ftags&post=54842"}],"curies":[{"name":"wp","href":"https:\/\/api.w.org\/{rel}","templated":true}]}}