{"id":54838,"date":"2012-09-02T09:52:19","date_gmt":"2012-09-02T06:52:19","guid":{"rendered":"http:\/\/www.korhanyilmaz.com\/?p=54838"},"modified":"2012-09-02T11:41:25","modified_gmt":"2012-09-02T08:41:25","slug":"chpliler-kampa-gitmeyecek","status":"publish","type":"post","link":"http:\/\/www.korhanyilmaz.com\/?p=54838","title":{"rendered":"CHP&#8217;liler kampa gitmeyecek"},"content":{"rendered":"<p style=\"text-align: center;\"><a href=\"http:\/\/www.korhanyilmaz.com\/wp-content\/uploads\/2012\/09\/H592.jpg\"  class=\"lightview\"><img loading=\"lazy\" decoding=\"async\" class=\"aligncenter  wp-image-54839\" src=\"http:\/\/www.korhanyilmaz.com\/wp-content\/uploads\/2012\/09\/H592.jpg\" alt=\"\" width=\"300\" height=\"225\" \/><\/a><\/p>\n<p style=\"text-align: justify;\">CHP lideri K\u0131l\u0131\u00e7daro\u011flu, &#8220;Yabanc\u0131 toprak gibi D\u0131\u015fi\u015fleri&#8217;nden izin al\u0131namaz&#8221; dedi.<\/p>\n<p style=\"text-align: justify;\">Cape Town\/Ankara &#8211; Ge\u00e7en hafta CHP heyetinin Suriyeli askerlerin bulundu\u011fu Apayd\u0131n kamp\u0131na al\u0131nmamas\u0131 \u00fczerine ba\u015flayan tart\u0131\u015fmalar\u0131n ard\u0131ndan Ba\u015fbakan Tayyip Erdo\u011fan\u2019\u0131n \u201cizniyle\u201d 4 Eyl\u00fcl\u2019de TBMM \u0130nsan Haklar\u0131 Komisyonu \u00fcyelerine a\u00e7\u0131lmas\u0131na karar verilen kampa, Kemal K\u0131l\u0131\u00e7daro\u011flu\u2019nun talimat\u0131yla CHP\u2019li \u00fcyeler gitmeyecek. Komisyonun CHP\u2019li \u00fcyesi Levent G\u00f6k, kamp\u0131n \u201ctemizlendikten\u201d sonra geziye a\u00e7\u0131ld\u0131\u011f\u0131na i\u015faret ederek, \u201c\u0130ktidara fig\u00fcranl\u0131k yapmay\u0131 kabul etmiyoruz. Komisyonun habersiz yapaca\u011f\u0131 geziler anlam ifade eder\u201d dedi.\u00a0<!--more--><\/p>\n<p style=\"text-align: justify;\">Komisyonda, 6 \u00fcyesi bulunan CHP\u2019nin karar\u0131n\u0131 Cumhuriyet\u2019e de\u011ferlendiren G\u00f6k, zaten ziyarete temkinli bakt\u0131klar\u0131n\u0131 belirtirken, \u201cGe\u00e7ti\u011fimiz hafta milletvekilerimizin kampa al\u0131nmay\u0131\u015flar\u0131n\u0131n gerek\u00e7esini kamuoyuna anlatamayan iktidar, kampta olan biteni halktan gizlemek i\u00e7in bir k\u0131s\u0131m d\u00fczenlemeleri orada yapt\u0131ktan ve gerekli tedbiri ald\u0131ktan sonra TBMM \u0130nsan Haklar\u0131 Komisyonu \u00fcyelerinin inceleyebileceklerini ifade etmi\u015ftir. Bizi as\u0131l ilgilendiren milletvekillerimizin kampa, ziyaret etmek istedikleri s\u0131ras\u0131nda ni\u00e7in al\u0131nmad\u0131klar\u0131d\u0131r, orada neler olup bitti\u011fidir\u201d dedi.<\/p>\n<p style=\"text-align: justify;\">G\u00f6k, iktidar\u0131n kampta belli haz\u0131rl\u0131klar\u0131 yapt\u0131ktan sonra, milletvekillerine herhangi bir g\u00f6zlem yapma f\u0131rsat\u0131 verilmeyecek d\u00fczenlemeleri ger\u00e7ekle\u015ftirip ondan sonra milletvekillerini kampa davet etti\u011fine dikkat \u00e7ekerek, \u201c\u0130ktidar g\u00f6z boyamay\u0131 tercih ediyor\u201d yorumunu yapt\u0131. G\u00f6k, \u201cAKP\u2019nin fig\u00fcran\u0131 olmamak\u201d i\u00e7in kampa gitmeme karar\u0131n\u0131n K\u0131l\u0131\u00e7daro\u011flu\u2019nun bilgisi ve talimat\u0131yla al\u0131nd\u0131\u011f\u0131n\u0131 bildirdi.<\/p>\n<p style=\"text-align: justify;\">CHP\u2019li G\u00f6k, \u015funlar\u0131 s\u00f6yledi: \u201c\u0130ktidar\u0131n bu konudaki sorumlulu\u011funu bilerek ve onlar\u0131n ge\u00e7en hafta vekillerimize yapt\u0131klar\u0131 uygulaman\u0131n hakl\u0131 bir gerek\u00e7esi sunulmadan bu geziye i\u015ftirak etmeyi ve iktidara fig\u00fcranl\u0131k yapmay\u0131 kabul etmiyoruz. Komisyonun habersiz yapaca\u011f\u0131 geziler anlam ifade eder. Eski darbe d\u00f6nemlerindeki i\u015fkence odalar\u0131ndaki i\u015fkence aletlerinin temizlenmesinin ard\u0131ndan \u2018her yer tertemiz\u2019 denilen mant\u0131\u011f\u0131 hat\u0131rl\u0131yor.\u201d<\/p>\n<p style=\"text-align: justify;\"><strong>K\u0131l\u0131\u00e7daro\u011flu: Ay\u0131pt\u0131r\u00a0<\/strong><\/p>\n<p style=\"text-align: justify;\">Sosyalist Enternasyonal Kongresi\u2019ne kat\u0131lmak \u00fczere Cape Town\u2019da bulunan CHP lideri K\u0131l\u0131\u00e7daro\u011flu da burada konuyla ilgili sorular\u0131 yan\u0131tlad\u0131. K\u0131l\u0131\u00e7daro\u011flu, \u201cBirtak\u0131m d\u00fczenlemeler yap\u0131ld\u0131ktan sonra milletvekillerini g\u00f6t\u00fcrmek istiyorlar. D\u0131\u015fi\u015fleri Bakanl\u0131\u011f\u0131 parlamento \u00fcyelerine bu konularda vekilerine izin verme yetkisine sahip de\u011fildir. Milletvekilleri D\u0131\u015fi\u015fleri Bakan\u0131\u2019n\u0131n izniyle hareket etmez. Bu \u00e7ok kaba bir davran\u0131\u015f. Ba\u015fka bir \u00fclkenin topraklar\u0131 gibi bu \u00fclkede bir askeri \u00fcs gibi bu bakanl\u0131ktan izin al\u0131namaz. \u0130lk defa sivillerin de\u011fil; askeri bir kamp oldu\u011fu s\u00f6ylendi. Vekillerimizin al\u0131nmamas\u0131, sonra da komisyonun oras\u0131 d\u00fczenlendikten sonra gitmesine izin verilmesi do\u011fru de\u011fil b\u00fcy\u00fck ay\u0131pt\u0131r. \u00c7i\u00e7ek\u2019in de izin vermemesi gerekirdi\u201d ifadelerini kulland\u0131.<\/p>\n<p style=\"text-align: justify;\"><a href=\"http:\/\/www.cumhuriyet.com.tr\/?hn=362968\" target=\"_blank\">Kaynak : Ay\u015fe Say\u0131n\/\u0130lhan Ta\u015fc\u0131 &#8211;\u00a0Cumhuriyet Haber Portal\u0131<\/a><\/p>\n","protected":false},"excerpt":{"rendered":"<p style=\"text-align: center;\">\n<p style=\"text-align: justify;\">CHP lideri K\u0131l\u0131\u00e7daro\u011flu, &#8220;Yabanc\u0131 toprak gibi D\u0131\u015fi\u015fleri&#8217;nden izin al\u0131namaz&#8221; dedi.<\/p>\n<p style=\"text-align: justify;\">Cape Town\/Ankara &#8211; Ge\u00e7en hafta CHP heyetinin Suriyeli askerlerin bulundu\u011fu Apayd\u0131n kamp\u0131na al\u0131nmamas\u0131 \u00fczerine ba\u015flayan tart\u0131\u015fmalar\u0131n ard\u0131ndan Ba\u015fbakan Tayyip Erdo\u011fan\u2019\u0131n \u201cizniyle\u201d 4 Eyl\u00fcl\u2019de TBMM \u0130nsan Haklar\u0131 Komisyonu \u00fcyelerine a\u00e7\u0131lmas\u0131na karar verilen kampa, Kemal K\u0131l\u0131\u00e7daro\u011flu\u2019nun talimat\u0131yla CHP\u2019li \u00fcyeler gitmeyecek. <\/p>\n","protected":false},"author":1,"featured_media":0,"comment_status":"open","ping_status":"open","sticky":false,"template":"","format":"standard","meta":{"footnotes":""},"categories":[105],"tags":[],"class_list":["post-54838","post","type-post","status-publish","format-standard","hentry","category-gundem","odd"],"_links":{"self":[{"href":"http:\/\/www.korhanyilmaz.com\/index.php?rest_route=\/wp\/v2\/posts\/54838","targetHints":{"allow":["GET"]}}],"collection":[{"href":"http:\/\/www.korhanyilmaz.com\/index.php?rest_route=\/wp\/v2\/posts"}],"about":[{"href":"http:\/\/www.korhanyilmaz.com\/index.php?rest_route=\/wp\/v2\/types\/post"}],"author":[{"embeddable":true,"href":"http:\/\/www.korhanyilmaz.com\/index.php?rest_route=\/wp\/v2\/users\/1"}],"replies":[{"embeddable":true,"href":"http:\/\/www.korhanyilmaz.com\/index.php?rest_route=%2Fwp%2Fv2%2Fcomments&post=54838"}],"version-history":[{"count":0,"href":"http:\/\/www.korhanyilmaz.com\/index.php?rest_route=\/wp\/v2\/posts\/54838\/revisions"}],"wp:attachment":[{"href":"http:\/\/www.korhanyilmaz.com\/index.php?rest_route=%2Fwp%2Fv2%2Fmedia&parent=54838"}],"wp:term":[{"taxonomy":"category","embeddable":true,"href":"http:\/\/www.korhanyilmaz.com\/index.php?rest_route=%2Fwp%2Fv2%2Fcategories&post=54838"},{"taxonomy":"post_tag","embeddable":true,"href":"http:\/\/www.korhanyilmaz.com\/index.php?rest_route=%2Fwp%2Fv2%2Ftags&post=54838"}],"curies":[{"name":"wp","href":"https:\/\/api.w.org\/{rel}","templated":true}]}}