{"id":54834,"date":"2012-09-02T10:15:08","date_gmt":"2012-09-02T07:15:08","guid":{"rendered":"http:\/\/www.korhanyilmaz.com\/?p=54834"},"modified":"2012-09-02T11:14:56","modified_gmt":"2012-09-02T08:14:56","slug":"cia-baskanindan-surpriz-ziyaret","status":"publish","type":"post","link":"http:\/\/www.korhanyilmaz.com\/?p=54834","title":{"rendered":"CIA Ba\u015fkan\u0131&#8217;ndan s\u00fcrpriz ziyaret"},"content":{"rendered":"<p style=\"text-align: justify;\"><a href=\"http:\/\/www.korhanyilmaz.com\/wp-content\/uploads\/2012\/09\/H591.jpg\"  class=\"lightview\"><img loading=\"lazy\" decoding=\"async\" class=\"aligncenter size-full wp-image-54835\" title=\"\" src=\"http:\/\/www.korhanyilmaz.com\/wp-content\/uploads\/2012\/09\/H591.jpg\" alt=\"\" width=\"418\" height=\"190\" \/><\/a><\/p>\n<p style=\"text-align: justify;\">ABD Merkezi \u0130stihbarat Te\u015fkilat\u0131 CIA&#8217;n\u0131n Ba\u015fkan\u0131 Orgeneral David Petraeus, 6 ay aradan sonra yeniden T\u00fcrkiye&#8217;de.<\/p>\n<p style=\"text-align: justify;\">\u0130STANBUL &#8211; Ak\u015fam gazetesinden S\u00fcleyman \u015een&#8217;in haberine g\u00f6re D\u0131\u015fi\u015fleri Bakan\u0131 Ahmet Davuto\u011flu ve ABD Genelkurmay Ba\u015fkan\u0131 Martin Dempsey&#8217;in a\u00e7\u0131klamalar\u0131n\u0131n hemen arkas\u0131ndan gelen ziyaretin zamanlamas\u0131 kritik. Zira Davuto\u011flu, BM G\u00fcvenlik Konseyi&#8217;ndeki zirvede Bat\u0131l\u0131 zengin devletleri, Suriye&#8217;deki geli\u015fmeler kar\u015f\u0131s\u0131nda ellerini ta\u015f\u0131n alt\u0131na alt\u0131na koymad\u0131klar\u0131 gerek\u00e7esiyle ele\u015ftirmi\u015f, ABD&#8217;li komutan da Paralimpik Oyunlar\u0131 i\u00e7in gitti\u011fi Londra&#8217;da NATO kap\u0131s\u0131n\u0131 kapatm\u0131\u015ft\u0131. ABD Ba\u015fkan\u0131 Barack Obama&#8217;n\u0131n Suriye politikas\u0131n\u0131 hatal\u0131 bulan Dempsey, NATO&#8217;nun, Suriye&#8217;de tampon b\u00f6lge kurmas\u0131na kar\u015f\u0131 \u00e7\u0131kt\u0131\u011f\u0131n\u0131 s\u00f6ylemi\u015f ve ittifak\u0131n bunun alt\u0131ndan kalkamayaca\u011f\u0131n\u0131 savunmu\u015ftu.\u00a0<!--more--><\/p>\n<p style=\"text-align: justify;\"><strong>\u00d6ZEL U\u00c7AKLA GELECEK\u00a0<\/strong><\/p>\n<p style=\"text-align: justify;\">CIA&#8217;n\u0131n \u00f6zel u\u00e7a\u011f\u0131yla \u0130stanbul&#8217;a inmesi beklenen Petraeus&#8217;un, Atat\u00fcrk Havaliman\u0131&#8217;ndan b\u00fcy\u00fck bir gizlilik i\u00e7erisinde ayr\u0131laca\u011f\u0131 tahmin ediliyor. CIA Ba\u015fkan\u0131&#8217;n\u0131n \u0130stanbul&#8217;da kimlerle g\u00f6r\u00fc\u015fece\u011fi ve program\u0131n\u0131n detaylar\u0131 sakl\u0131 tutuluyor.<\/p>\n<p style=\"text-align: justify;\">Petraeus&#8217;un ajandas\u0131nda Suriye&#8217;deki son geli\u015fmeler, \u0130stanbul&#8217;da bulunan muhalifler ve ter\u00f6r \u00f6rg\u00fct\u00fc PKK oldu\u011fu belirtiliyor. Ad\u0131, T\u00fcrk askerinin ba\u015f\u0131na \u00e7uval ge\u00e7irilmesi olay\u0131nda yer alan ve kamuoyunda &#8216;\u00c7uvalc\u0131 general&#8217; olarak tan\u0131nan Petraeus, \u0130stanbul temaslar\u0131n\u0131n ard\u0131ndan T\u00fcrkiye&#8217;den ayr\u0131lacak.<\/p>\n<p style=\"text-align: justify;\"><strong>ALTI AYDA \u0130K\u0130NC\u0130 KEZ GEL\u0130YOR\u00a0<\/strong><\/p>\n<p style=\"text-align: justify;\">&#8211; ABD Senatosu taraf\u0131ndan Amerikan Merkezi Haberalma Te\u015fkilat\u0131 (CIA) Ba\u015fkanl\u0131\u011f\u0131&#8217;na atanan Orgeneral David Petraeus, g\u00f6revine ba\u015flamadan \u00f6nce, 2011 Temmuz ay\u0131nda ilk ziyaretini T\u00fcrkiye&#8217;ye ger\u00e7ekle\u015ftirmi\u015fti. Afganistan&#8217;daki NATO g\u00fc\u00e7lerinin komutanl\u0131\u011f\u0131n\u0131 meslekta\u015f\u0131 John Allen&#8217;a devreden Orgeneral Petraeus, 2011 Eyl\u00fcl&#8217;\u00fcnde de yeni g\u00f6revinin ba\u015f\u0131na ge\u00e7mi\u015fti.<\/p>\n<p style=\"text-align: justify;\">&#8211; David Petraeus, 12-13 Mart tarihlerinde ger\u00e7ekle\u015ftirdi\u011fi son Ankara ziyaretinde Ba\u015fbakan Recep Tayyip Erdo\u011fan&#8217;la Ba\u015fbakanl\u0131k Resmi Konutu&#8217;nda yakla\u015f\u0131k 1.5 saat s\u00fcren bir g\u00f6r\u00fc\u015fme yapm\u0131\u015ft\u0131. &#8216;Verimli&#8217; ge\u00e7ti\u011fi belirtilen g\u00f6r\u00fc\u015fmelerle ilgili ABD Ankara B\u00fcy\u00fckel\u00e7ili\u011fi, b\u00f6lgesel g\u00fcvenlik konular\u0131, ter\u00f6rle m\u00fccadeledeki i\u015fbirli\u011fi ve iki \u00fclkenin istihbarat \u00f6rg\u00fctleri aras\u0131ndaki &#8216;\u00c7ok iyi&#8217; olan ili\u015fkinin ele al\u0131nd\u0131\u011f\u0131n\u0131 bildirmi\u015fti. B\u00fcy\u00fckel\u00e7ilik S\u00f6zc\u00fcs\u00fc Thomas J. Grubisha taraf\u0131ndan yap\u0131lan a\u00e7\u0131klamada, David Petraeus&#8217;un Ba\u015fbakan Recep Tayyip Erdo\u011fan ve M\u0130T M\u00fcste\u015far\u0131 Hakan Fidan ile yapt\u0131\u011f\u0131 &#8216;Verimli&#8217; g\u00f6r\u00fc\u015fmelerin ard\u0131ndan T\u00fcrkiye ziyaretini tamamlad\u0131\u011f\u0131 kaydedilerek \u015f\u00f6yle denilmi\u015fti: 2&#8217;B\u00f6lgesel g\u00fcvenlik konular\u0131 ve ter\u00f6rle m\u00fccadeledeki i\u015fbirli\u011fi olmak \u00fczere, kar\u015f\u0131l\u0131kl\u0131 ilgi alanlar\u0131 ve iki \u00fclkenin istihbarat \u00f6rg\u00fctleri aras\u0131ndaki fevkalade ili\u015fkiyi g\u00f6r\u00fc\u015ft\u00fcler. \u00d6n\u00fcm\u00fczdeki aylarda b\u00f6lgenin en acil sorunlar\u0131na ili\u015fkin daha yak\u0131n ve daha verimli bir i\u015fbirli\u011fini \u00f6ng\u00f6r\u00fcyorlar&#8221;.<\/p>\n<p style=\"text-align: justify;\">&#8211; CIA Ba\u015fkan\u0131&#8217;n\u0131n bug\u00fcnk\u00fc ziyaretinin alt\u0131 ay \u00f6nce yapt\u0131\u011f\u0131 ziyaretin devam\u0131 niteli\u011finde oldu\u011fu belirtiliyor. (Ak\u015fam)<\/p>\n<p style=\"text-align: justify;\"><a href=\"http:\/\/www.gazeteport.com.tr\/haber\/109472\/cia-baskanindan-surpriz-ziyaret\" target=\"_blank\">Kaynak : GAZETEPORT<\/a><\/p>\n","protected":false},"excerpt":{"rendered":"<p style=\"text-align: justify;\">\n<p style=\"text-align: justify;\">ABD Merkezi \u0130stihbarat Te\u015fkilat\u0131 CIA&#8217;n\u0131n Ba\u015fkan\u0131 Orgeneral David Petraeus, 6 ay aradan sonra yeniden T\u00fcrkiye&#8217;de.<\/p>\n<p style=\"text-align: justify;\">\u0130STANBUL &#8211; Ak\u015fam gazetesinden S\u00fcleyman \u015een&#8217;in haberine g\u00f6re D\u0131\u015fi\u015fleri Bakan\u0131 Ahmet Davuto\u011flu ve ABD Genelkurmay Ba\u015fkan\u0131 Martin Dempsey&#8217;in a\u00e7\u0131klamalar\u0131n\u0131n hemen arkas\u0131ndan gelen ziyaretin zamanlamas\u0131 kritik. Zira Davuto\u011flu, BM G\u00fcvenlik Konseyi&#8217;ndeki zirvede Bat\u0131l\u0131 zengin <\/p>\n","protected":false},"author":1,"featured_media":0,"comment_status":"open","ping_status":"open","sticky":false,"template":"","format":"standard","meta":{"footnotes":""},"categories":[105],"tags":[],"class_list":["post-54834","post","type-post","status-publish","format-standard","hentry","category-gundem","odd"],"_links":{"self":[{"href":"http:\/\/www.korhanyilmaz.com\/index.php?rest_route=\/wp\/v2\/posts\/54834","targetHints":{"allow":["GET"]}}],"collection":[{"href":"http:\/\/www.korhanyilmaz.com\/index.php?rest_route=\/wp\/v2\/posts"}],"about":[{"href":"http:\/\/www.korhanyilmaz.com\/index.php?rest_route=\/wp\/v2\/types\/post"}],"author":[{"embeddable":true,"href":"http:\/\/www.korhanyilmaz.com\/index.php?rest_route=\/wp\/v2\/users\/1"}],"replies":[{"embeddable":true,"href":"http:\/\/www.korhanyilmaz.com\/index.php?rest_route=%2Fwp%2Fv2%2Fcomments&post=54834"}],"version-history":[{"count":0,"href":"http:\/\/www.korhanyilmaz.com\/index.php?rest_route=\/wp\/v2\/posts\/54834\/revisions"}],"wp:attachment":[{"href":"http:\/\/www.korhanyilmaz.com\/index.php?rest_route=%2Fwp%2Fv2%2Fmedia&parent=54834"}],"wp:term":[{"taxonomy":"category","embeddable":true,"href":"http:\/\/www.korhanyilmaz.com\/index.php?rest_route=%2Fwp%2Fv2%2Fcategories&post=54834"},{"taxonomy":"post_tag","embeddable":true,"href":"http:\/\/www.korhanyilmaz.com\/index.php?rest_route=%2Fwp%2Fv2%2Ftags&post=54834"}],"curies":[{"name":"wp","href":"https:\/\/api.w.org\/{rel}","templated":true}]}}