{"id":54820,"date":"2012-09-02T09:11:08","date_gmt":"2012-09-02T06:11:08","guid":{"rendered":"http:\/\/www.korhanyilmaz.com\/?p=54820"},"modified":"2012-09-02T13:43:58","modified_gmt":"2012-09-02T10:43:58","slug":"asil-66-ayligi-okula-gondermek-ihanettir","status":"publish","type":"post","link":"http:\/\/www.korhanyilmaz.com\/?p=54820","title":{"rendered":"&#8216;As\u0131l 66 ayl\u0131\u011f\u0131 okula g\u00f6ndermek ihanettir&#8217;"},"content":{"rendered":"<p style=\"text-align: justify;\"><a href=\"http:\/\/www.korhanyilmaz.com\/wp-content\/uploads\/2012\/09\/H588.jpg\"  class=\"lightview\"><img loading=\"lazy\" decoding=\"async\" class=\"aligncenter size-full wp-image-54821\" title=\"\" src=\"http:\/\/www.korhanyilmaz.com\/wp-content\/uploads\/2012\/09\/H588.jpg\" alt=\"\" width=\"412\" height=\"202\" \/><\/a><\/p>\n<p style=\"text-align: justify;\">Ba\u015fbakan Erdo\u011fan\u2019\u0131n 66 ayl\u0131k \u00e7ocuklara rapor alan ailelere \u2018Onlar\u0131 evlatlar\u0131na ihanetle vas\u0131fland\u0131r\u0131yorum\u2019 s\u00f6zlerine e\u011fitimci ve doktorlardan cevap geldi. Uzmanlar, 66 ayl\u0131k \u00e7ocuklar\u0131n okula g\u00f6nderilmesinin \u2018ihanet\u2019 oldu\u011funu savundu.<\/p>\n<p style=\"text-align: justify;\">Ba\u015fbakan Recep Tayyip Erdo\u011fan\u2019\u0131n, \u201c66 ayl\u0131k \u00e7ocu\u011fa rapor alanlar\u0131, evlatlar\u0131na ihanetle vas\u0131fland\u0131r\u0131yorum. Niye evlad\u0131m \u2018gerizekal\u0131\u2019 diyorlar\u201d s\u00f6zlerine e\u011fitimciler, hekimler ve siyasilerden tepki ya\u011fd\u0131. <span style=\"text-decoration: underline;\">CHP \u0130stanbul Milletvekili Nur Serter<\/span>, \u201cRapor kap\u0131s\u0131n\u0131 AKP a\u00e7t\u0131. Ba\u015fbakan\u2019\u0131n \u00f6zele\u015ftiri yapmas\u0131 laz\u0131m\u201d dedi; e\u011fitim sendikalar\u0131, 66 ayl\u0131k \u00e7ocu\u011funu okula g\u00f6nderen ailelerin \u00e7ocuklar\u0131na \u201cihanet\u201d edeceklerini savundu; T\u00fcrk Tabipleri Birli\u011fi Ba\u015fkan\u0131 Ahmet \u00d6zdemir Aktan ise, \u201cBa\u015fbakan, hekimleri t\u00f6hmet alt\u0131nda b\u0131rakt\u0131\u201d diye konu\u015ftu.\u00a0<!--more--><\/p>\n<p style=\"text-align: justify;\"><strong>\u2018E\u011fitim Ba\u015fbakan\u2019\u0131n alan\u0131 de\u011fil\u2019\u00a0<\/strong><\/p>\n<p style=\"text-align: justify;\"><span style=\"text-decoration: underline;\"><strong>T\u00fcrk E\u011fitim-Sen Genel Ba\u015fkan\u0131 \u0130smail Koncuk:<\/strong><\/span> Say\u0131n Ba\u015fbakan\u2019\u0131n, bu s\u00f6zlerle maksad\u0131n\u0131 a\u015ft\u0131\u011f\u0131n\u0131 d\u00fc\u015f\u00fcn\u00fcyorum ve bu a\u00e7\u0131klamas\u0131n\u0131, 4+4+4\u2019e y\u00f6nelik ele\u015ftirilerden bunald\u0131\u011f\u0131n\u0131 g\u00f6steren bir i\u015faret olarak de\u011ferlendiriyorum. Bu s\u00f6zlerin e\u011fitim bilimiyle uzaktan yak\u0131ndan ilgisi yok. \u00c7ocu\u011funu iyi g\u00f6zlemleyen, \u201c\u00e7ocu\u011fum, ilkokula ba\u015flayamaz, daha kendi ihtiya\u00e7lar\u0131n\u0131 kendisi kar\u015f\u0131layam\u0131yor\u201d diyen anneler, \u00e7ocuklar\u0131n\u0131 bu \u015fartlarda okula g\u00f6nderirlerse, as\u0131l ihaneti yapm\u0131\u015f olurlar. Velilerin \u00e7ocuklar\u0131n\u0131 okula g\u00f6ndermek istememesinin bilimde, t\u0131pta kar\u015f\u0131l\u0131\u011f\u0131 vard\u0131r. Say\u0131n Erdo\u011fan en k\u0131sa zamanda bu ifadesini d\u00fczeltmelidir.<\/p>\n<p style=\"text-align: justify;\"><strong><span style=\"text-decoration: underline;\">E\u011fitim-Sen Genel Ba\u015fkan\u0131 \u00dcnsal Y\u0131ld\u0131z:<\/span> <\/strong>As\u0131l \u2018ihaneti\u2019, bu olumsuzluklar\u0131 g\u00f6rmek istemeyen ve 60 ay uygulamas\u0131nda \u201cBen yapt\u0131m oldu\u201d mant\u0131\u011f\u0131yla \u0131srarc\u0131 olan Ba\u015fbakan\u2019\u0131n kendisi yap\u0131yor. Bu konu, Ba\u015fbakan\u2019\u0131n kendi alan\u0131yla ilgili de\u011fil. Uzmanlar\u0131n raporlar\u0131 ortadayken, bunlar\u0131 anlamama \u00e7abas\u0131n\u0131n devlet adam\u0131 ciddiyetiyle ba\u011fda\u015fmad\u0131\u011f\u0131n\u0131 d\u00fc\u015f\u00fcn\u00fcyorum.<\/p>\n<p style=\"text-align: justify;\"><strong><span style=\"text-decoration: underline;\">E\u011fitim \u0130\u015f Genel Ba\u015fkan\u0131 Veli Demir:<\/span> <\/strong>Ba\u015fbakan Erdo\u011fan, insanlar\u0131 k\u00fc\u00e7\u00fck g\u00f6ren, d\u0131\u015flayan bir tav\u0131rla bu s\u00f6zleri sarfetmi\u015f. S\u00f6zlerin bilimsel ve pedagojik bir yan\u0131 yok. Ancak velilerin yine de rapor almak yerine, 72 aydan k\u00fc\u00e7\u00fck \u00e7ocuklar\u0131n\u0131 okula g\u00f6ndermemelerini ve yarg\u0131ya ba\u015fvurmalar\u0131n\u0131 \u00f6neriyorum.<\/p>\n<p style=\"text-align: justify;\"><strong>\u2018Hekimleri t\u00f6hmet alt\u0131nda b\u0131rakt\u0131\u2019\u00a0<\/strong><\/p>\n<p style=\"text-align: justify;\">T\u00fcrk Tabipleri Birli\u011fi Ba\u015fkan\u0131 Prof. Dr. Ahmet \u00d6zdemir Aktan: Ba\u015fbakan\u2019\u0131n a\u011fz\u0131ndan bu s\u00f6zleri duymak \u00fcz\u00fcnt\u00fc verici. Ba\u015fbakan, bu s\u00f6zleriyle hekimleri \u201cger\u00e7ek d\u0131\u015f\u0131 rapor\u201d veriyorlarm\u0131\u015f gibi su\u00e7luyor. Halbuki hekimler, yaln\u0131zca ya\u015f\u0131na uygun geli\u015fim \u00f6zelli\u011fi g\u00f6stermeyen \u00e7ocuklara rapor veriyor. Ayr\u0131ca \u00e7ocuklara her zaman \u2018gerizekal\u0131\u2019 raporu da verilmiyor. Ba\u015fbakan yanl\u0131\u015f bilgilendiriliyor, yanl\u0131\u015f y\u00f6nlendiriliyor. Biz hekimler olarak 66 ayl\u0131k \u00e7ocuklar\u0131n ilkokula ba\u015flat\u0131lmamas\u0131ndan yanay\u0131z. T\u00fcrkiye\u2019de 66-72 ay aras\u0131nda 600 bin \u00e7ocuk var. Bu sorun raporla \u00e7\u00f6z\u00fclmez. Nas\u0131l 60-66 ay aras\u0131 \u00e7ocuklar\u0131n okula ba\u015flamas\u0131 veli iznine tabi tutulduysa, 66-72 ayl\u0131klar i\u00e7in de ayn\u0131s\u0131 yapmal\u0131d\u0131r.<\/p>\n<p style=\"text-align: justify;\"><strong>\u2018Rapor kap\u0131s\u0131n\u0131 AKP a\u00e7t\u0131\u2019\u00a0<\/strong><\/p>\n<p style=\"text-align: justify;\">CHP \u0130stanbul Milletvekili Nur Serter: Ba\u015fbakan\u2019\u0131n bu s\u00f6zleri \u00f6nce kendine bir \u00f6zele\u015ftiri olarak y\u00f6neltmesi laz\u0131m. Aileyi rapor alma zorunlulu\u011fuyla kar\u015f\u0131 kar\u015f\u0131ya b\u0131rakmak etik d\u0131\u015f\u0131 bir durum. Velilere b\u00f6yle bir raporun kap\u0131s\u0131n\u0131 a\u00e7an da bizzat AKP h\u00fck\u00fcmeti. Bu raporun sadece zek\u00e2 gerili\u011fiyle ilgili de\u011fil, \u00e7ocu\u011fun fiziki, bedensel yetersizlikleri veya duygusal y\u00f6nden e\u011fitime haz\u0131r olup olmad\u0131\u011f\u0131 gibi pek \u00e7ok \u00f6l\u00e7\u00fcm sonucu verilen bir rapor olmas\u0131 icap eder. Ancak bu ne yaz\u0131k ki otomati\u011fe ba\u011fland\u0131. \u00c7ocu\u011fun eline bir kalem tutu\u015fturup iki tane daire \u00e7izebiliyor mu, \u00e7izemiyor mu diye bak\u0131larak, ihtisas sahibi olmayan hekimler arac\u0131l\u0131\u011f\u0131yla veliler rapor almaya y\u00f6nlendiriliyor. Bunun sorumlusu Ba\u015fbakan\u2019\u0131n kendisidir. Dolay\u0131s\u0131yla bu ele\u015ftirileri ba\u015fka kanallara y\u00f6neltmenin ve velileri bundan sorumlu tutman\u0131n hi\u00e7bir mant\u0131\u011f\u0131 yok.<\/p>\n<p style=\"text-align: justify;\"><a href=\"http:\/\/www.muhalifgazete.com\/47161-Asil-66-ayligi-okula-gondermek-ihanettir.htm\" target=\"_blank\">Kaynak : Muhalif Gazete<\/a><\/p>\n","protected":false},"excerpt":{"rendered":"<p style=\"text-align: justify;\">\n<p style=\"text-align: justify;\">Ba\u015fbakan Erdo\u011fan\u2019\u0131n 66 ayl\u0131k \u00e7ocuklara rapor alan ailelere \u2018Onlar\u0131 evlatlar\u0131na ihanetle vas\u0131fland\u0131r\u0131yorum\u2019 s\u00f6zlerine e\u011fitimci ve doktorlardan cevap geldi. Uzmanlar, 66 ayl\u0131k \u00e7ocuklar\u0131n okula g\u00f6nderilmesinin \u2018ihanet\u2019 oldu\u011funu savundu.<\/p>\n<p style=\"text-align: justify;\">Ba\u015fbakan Recep Tayyip Erdo\u011fan\u2019\u0131n, \u201c66 ayl\u0131k \u00e7ocu\u011fa rapor alanlar\u0131, evlatlar\u0131na ihanetle vas\u0131fland\u0131r\u0131yorum. Niye evlad\u0131m \u2018gerizekal\u0131\u2019 diyorlar\u201d s\u00f6zlerine e\u011fitimciler, hekimler ve siyasilerden <\/p>\n","protected":false},"author":1,"featured_media":0,"comment_status":"open","ping_status":"open","sticky":false,"template":"","format":"standard","meta":{"footnotes":""},"categories":[105],"tags":[],"class_list":["post-54820","post","type-post","status-publish","format-standard","hentry","category-gundem","odd"],"_links":{"self":[{"href":"http:\/\/www.korhanyilmaz.com\/index.php?rest_route=\/wp\/v2\/posts\/54820","targetHints":{"allow":["GET"]}}],"collection":[{"href":"http:\/\/www.korhanyilmaz.com\/index.php?rest_route=\/wp\/v2\/posts"}],"about":[{"href":"http:\/\/www.korhanyilmaz.com\/index.php?rest_route=\/wp\/v2\/types\/post"}],"author":[{"embeddable":true,"href":"http:\/\/www.korhanyilmaz.com\/index.php?rest_route=\/wp\/v2\/users\/1"}],"replies":[{"embeddable":true,"href":"http:\/\/www.korhanyilmaz.com\/index.php?rest_route=%2Fwp%2Fv2%2Fcomments&post=54820"}],"version-history":[{"count":0,"href":"http:\/\/www.korhanyilmaz.com\/index.php?rest_route=\/wp\/v2\/posts\/54820\/revisions"}],"wp:attachment":[{"href":"http:\/\/www.korhanyilmaz.com\/index.php?rest_route=%2Fwp%2Fv2%2Fmedia&parent=54820"}],"wp:term":[{"taxonomy":"category","embeddable":true,"href":"http:\/\/www.korhanyilmaz.com\/index.php?rest_route=%2Fwp%2Fv2%2Fcategories&post=54820"},{"taxonomy":"post_tag","embeddable":true,"href":"http:\/\/www.korhanyilmaz.com\/index.php?rest_route=%2Fwp%2Fv2%2Ftags&post=54820"}],"curies":[{"name":"wp","href":"https:\/\/api.w.org\/{rel}","templated":true}]}}