{"id":54815,"date":"2012-09-02T09:06:17","date_gmt":"2012-09-02T06:06:17","guid":{"rendered":"http:\/\/www.korhanyilmaz.com\/?p=54815"},"modified":"2012-09-02T09:52:53","modified_gmt":"2012-09-02T06:52:53","slug":"chpli-muhaliflerden-gizli-zirve","status":"publish","type":"post","link":"http:\/\/www.korhanyilmaz.com\/?p=54815","title":{"rendered":"CHP&#8217;li muhaliflerden gizli zirve"},"content":{"rendered":"<p style=\"text-align: justify;\"><a href=\"http:\/\/www.korhanyilmaz.com\/wp-content\/uploads\/2012\/09\/H587.jpg\"  class=\"lightview\"><img loading=\"lazy\" decoding=\"async\" class=\"aligncenter size-full wp-image-54816\" title=\"\" src=\"http:\/\/www.korhanyilmaz.com\/wp-content\/uploads\/2012\/09\/H587.jpg\" alt=\"\" width=\"367\" height=\"180\" \/><\/a><\/p>\n<p style=\"text-align: justify;\">CHP&#8217;de Kemal K\u0131l\u0131\u00e7daro\u011flu&#8217;na muhalif olan baz\u0131 partililer, Deniz Baykal&#8217;\u0131n liderli\u011finde CHP eski milletvekili Esfender Korkmaz&#8217;\u0131n evinde bir araya geldi.<\/p>\n<p style=\"text-align: justify;\"><strong>\u00d6MERL\u0130 Z\u0130RVES\u0130 NASIL GEL\u0130\u015eT\u0130\u00a0<\/strong><\/p>\n<p style=\"text-align: justify;\">\u00d6merli zirvesinin tohumlar\u0131, CHP eski milletvekili Esfender Korkmaz&#8217;\u0131n torununun d\u00fc\u011f\u00fcn\u00fcnde at\u0131ld\u0131. Bu d\u00fc\u011f\u00fcnde CHP&#8217;li muhalif isimler biraraya geldi. D\u00fc\u011f\u00fcn\u00fcn ard\u0131ndan farkl\u0131 zamanlarda mekandan ayr\u0131lan muhalifler d\u00fc\u011f\u00fcn\u00fcn yap\u0131ld\u0131\u011f\u0131 salona bir kilometre uzakl\u0131ktaki bir kafede bulu\u015ftu. Burada \u00d6merli zirvesine kat\u0131lacak isimlere ka\u011f\u0131tlar da\u011f\u0131t\u0131ld\u0131. O ka\u011f\u0131tlarda \u00d6merli zirvesinin ev sahibi olan Esfender Korkmaz&#8217;\u0131n evinin adresi yaz\u0131l\u0131yd\u0131.\u00a0<!--more--><\/p>\n<p style=\"text-align: justify;\"><strong>KORKMAZ: ARKADA\u015eLIK, DOSTLUK GRUBU..\u00a0<\/strong><\/p>\n<p style=\"text-align: justify;\">Zirveden ilk \u00e7\u0131kan Manisa Milletvekili \u015eahin Meng\u00fc, CHP i\u00e7erisinde Kemal K\u0131l\u0131\u00e7daro\u011flu&#8217;na kar\u015f\u0131 \u00e7ok ciddi bir tepki oldu\u011funu s\u00f6yledi. Zirvenin ev sahipli\u011fini yapan Esfender Korkmaz, \u00d6merli zirvesinin \u00f6zel bir yemek oldu\u011funu iddia etti. Korkmaz &#8220;Zaman zaman biraraya geliyoruz. Arkada\u015fl\u0131k, dostluk gurubu olarak T\u00fcrkiye&#8217;nin sorunlar\u0131n\u0131 konu\u015fuyoruz. Bir parti sorunu veya bir iktidar bir muhalefet sorunu konu\u015fmuyoruz&#8221; dedi.<\/p>\n<p style=\"text-align: justify;\"><strong>SAYAN: SAYIN GENEL BA\u015eKAN D\u0130NLED\u0130\u00a0<\/strong><\/p>\n<p style=\"text-align: justify;\">Savc\u0131 Sayan ise \u00d6merli zirvesinin i\u00e7eri\u011fini anlatt\u0131; &#8220;Bunlar yeni olu\u015fumlar olabilir. Var olan partileri canland\u0131rabiliriz. \u00c7\u00fcnk\u00fc; CHP&#8217;nin gidi\u015finden \u015fikayet\u00e7i olan arkada\u015flar\u0131m\u0131z oldu. Bunu da say\u0131n genel ba\u015fkana ilettiler genel ba\u015fkan bunu dinledi not etti. Bu anlamda verimli bir toplant\u0131 oldu.&#8221;<\/p>\n<p style=\"text-align: justify;\">Deniz Baykal&#8217;\u0131n adayl\u0131\u011f\u0131n\u0131 i\u015faret eden Savc\u0131 Sayan, &#8220;Say\u0131n Baykal iyi bir devlet adam\u0131. Herkes onu istiyor. Masaya yumru\u011fu vurman\u0131n gerekti\u011fine inan\u0131yor&#8221; dedi.<\/p>\n<p style=\"text-align: justify;\"><strong>BAYKAL&#8217;A &#8220;YEN\u0130 OLU\u015eUM&#8221; SORUSU\u00a0<\/strong><\/p>\n<p style=\"text-align: justify;\">Zirve \u00e7\u0131k\u0131\u015f\u0131nda Beyaz Haber muhabirinin sorular\u0131n\u0131 yan\u0131tlayan Deniz Baykal, &#8220;i\u00e7eride neler konu\u015fuldu?&#8221; sorusuna &#8220;T\u00fcrkiye&#8217;nin bu ortam\u0131nda ne konu\u015fulmas\u0131 gerekiyorsa onu konu\u015ftuk&#8221; cevab\u0131n\u0131 verdi. Baykal, &#8220;K\u0131l\u0131\u00e7daro\u011flu&#8217;na kar\u015f\u0131 yeni bir olu\u015fum mu var?&#8221; Sorusuna ise &#8220;Hay\u0131r bunlar s\u00f6z konusu de\u011fil parti i\u00e7i meselerlerle me\u015fgul de\u011filiz&#8221; dedi.<\/p>\n<p style=\"text-align: justify;\"><a href=\"http:\/\/www.muhalifgazete.com\/47160-CHPli-muhaliflerden-gizli-zirve.htm\" target=\"_blank\">Kaynak : Muhalif Gazete<\/a><\/p>\n","protected":false},"excerpt":{"rendered":"<p style=\"text-align: justify;\">\n<p style=\"text-align: justify;\">CHP&#8217;de Kemal K\u0131l\u0131\u00e7daro\u011flu&#8217;na muhalif olan baz\u0131 partililer, Deniz Baykal&#8217;\u0131n liderli\u011finde CHP eski milletvekili Esfender Korkmaz&#8217;\u0131n evinde bir araya geldi.<\/p>\n<p style=\"text-align: justify;\">\u00d6MERL\u0130 Z\u0130RVES\u0130 NASIL GEL\u0130\u015eT\u0130 <\/p>\n<p style=\"text-align: justify;\">\u00d6merli zirvesinin tohumlar\u0131, CHP eski milletvekili Esfender Korkmaz&#8217;\u0131n torununun d\u00fc\u011f\u00fcn\u00fcnde at\u0131ld\u0131. Bu d\u00fc\u011f\u00fcnde CHP&#8217;li muhalif isimler biraraya geldi. D\u00fc\u011f\u00fcn\u00fcn ard\u0131ndan farkl\u0131 zamanlarda <\/p>\n","protected":false},"author":1,"featured_media":0,"comment_status":"open","ping_status":"open","sticky":false,"template":"","format":"standard","meta":{"footnotes":""},"categories":[105],"tags":[],"class_list":["post-54815","post","type-post","status-publish","format-standard","hentry","category-gundem","odd"],"_links":{"self":[{"href":"http:\/\/www.korhanyilmaz.com\/index.php?rest_route=\/wp\/v2\/posts\/54815","targetHints":{"allow":["GET"]}}],"collection":[{"href":"http:\/\/www.korhanyilmaz.com\/index.php?rest_route=\/wp\/v2\/posts"}],"about":[{"href":"http:\/\/www.korhanyilmaz.com\/index.php?rest_route=\/wp\/v2\/types\/post"}],"author":[{"embeddable":true,"href":"http:\/\/www.korhanyilmaz.com\/index.php?rest_route=\/wp\/v2\/users\/1"}],"replies":[{"embeddable":true,"href":"http:\/\/www.korhanyilmaz.com\/index.php?rest_route=%2Fwp%2Fv2%2Fcomments&post=54815"}],"version-history":[{"count":0,"href":"http:\/\/www.korhanyilmaz.com\/index.php?rest_route=\/wp\/v2\/posts\/54815\/revisions"}],"wp:attachment":[{"href":"http:\/\/www.korhanyilmaz.com\/index.php?rest_route=%2Fwp%2Fv2%2Fmedia&parent=54815"}],"wp:term":[{"taxonomy":"category","embeddable":true,"href":"http:\/\/www.korhanyilmaz.com\/index.php?rest_route=%2Fwp%2Fv2%2Fcategories&post=54815"},{"taxonomy":"post_tag","embeddable":true,"href":"http:\/\/www.korhanyilmaz.com\/index.php?rest_route=%2Fwp%2Fv2%2Ftags&post=54815"}],"curies":[{"name":"wp","href":"https:\/\/api.w.org\/{rel}","templated":true}]}}