{"id":54810,"date":"2012-09-01T11:37:13","date_gmt":"2012-09-01T08:37:13","guid":{"rendered":"http:\/\/www.korhanyilmaz.com\/?p=54810"},"modified":"2012-09-02T09:54:12","modified_gmt":"2012-09-02T06:54:12","slug":"tanigimiz-guldur","status":"publish","type":"post","link":"http:\/\/www.korhanyilmaz.com\/?p=54810","title":{"rendered":"Tan\u0131\u011f\u0131m\u0131z G\u00fcl\u2019d\u00fcr!"},"content":{"rendered":"<p style=\"text-align: center;\"><a href=\"http:\/\/www.korhanyilmaz.com\/wp-content\/uploads\/2012\/09\/H586.jpg\"  class=\"lightview\"><img loading=\"lazy\" decoding=\"async\" class=\"aligncenter  wp-image-54811\" src=\"http:\/\/www.korhanyilmaz.com\/wp-content\/uploads\/2012\/09\/H586.jpg\" alt=\"\" width=\"380\" height=\"190\" \/><\/a><\/p>\n<p style=\"text-align: justify;\"><strong>Yurt gazetesinin 1 Eyl\u00fcl 2012 tarihli Yurt&#8217;un Sesi yaz\u0131s\u0131d\u0131r.<\/strong><\/p>\n<p style=\"text-align: justify;\">\u00dc\u00e7 g\u00fcnd\u00fcr, T\u00fcrkiye Cumhurba\u015fkan\u0131 Abdullah G\u00fcl\u2019e bir suikast d\u00fczenlenerek zehirlendi\u011fini yaz\u0131yoruz. Kaynaklar\u0131m\u0131z \u00e7ok sa\u011flam. Deyim uygunsa bu bilgiyi iktidar \u00e7evrelerinin pilot kabininden ald\u0131k.<\/p>\n<p style=\"text-align: justify;\">Haberimiz T\u00fcrkiye g\u00fcndemini sarst\u0131. Ancak bu ciddi iddia \u00fczerine bir ara\u015ft\u0131rma ya da soru\u015fturma a\u00e7\u0131lmas\u0131n\u0131 bekledik, bir \u015fey olmad\u0131. Kimseden \u00e7\u0131t \u00e7\u0131km\u0131yor. Cumhurba\u015fkanl\u0131\u011f\u0131\u2019ndan yap\u0131lan a\u00e7\u0131klama son derece zay\u0131f. \u0130ki sat\u0131rl\u0131k rutin a\u00e7\u0131klamada, beklendi\u011fi gibi haber yalanlan\u0131yor ve G\u00fcl\u2019\u00fcn sa\u011fl\u0131\u011f\u0131n\u0131n iyi oldu\u011fu bildiriliyor, o kadar. Adeta do\u011frulama gibi bir a\u00e7\u0131klama.\u00a0<!--more--><\/p>\n<p style=\"text-align: justify;\">Ancak gerek tedaviyi \u00fcstlenen hekimlere, gerek Cumhurba\u015fkanl\u0131\u011f\u0131 kurumuna, gerekse H\u00fck\u00fcmet\u2019e y\u00f6neltti\u011fimiz sorular\u0131n hi\u00e7birine tatmin edici yan\u0131t verilemedi.<\/p>\n<p style=\"text-align: justify;\">Normal \u015fartlarda b\u00f6yle bir haber, devleti aya\u011fa kald\u0131r\u0131r. Medya b\u00fct\u00fcn olarak olay\u0131n \u00fczerine gider.<\/p>\n<p style=\"text-align: justify;\"><span style=\"text-decoration: underline;\">D\u00fc\u015f\u00fcnebiliyor musunuz; bir \u00fclkede Cumhurba\u015fkan\u0131\u2019na suikast yap\u0131ld\u0131\u011f\u0131n\u0131 ileri s\u00fcr\u00fcyorsunuz, kayna\u011f\u0131m\u0131z sa\u011flam, haberimizin arkas\u0131nday\u0131z diyorsunuz, ama o \u00fclkede yaprak k\u0131m\u0131ldam\u0131yor.<\/span><\/p>\n<p style=\"text-align: justify;\"><span style=\"text-decoration: underline;\">Daha da \u00f6nemlisi, bu suikast\u0131n AKP i\u00e7i iktidar m\u00fccadelelerinden kaynakland\u0131\u011f\u0131n\u0131, operasyonun bir ucunda da Cemaatin bulundu\u011funu yaz\u0131yorsunuz, Adliye\u2019den bir savc\u0131 \u00e7\u0131k\u0131p da, \u201cNe oluyor?\u201d diye sormuyor.<\/span><\/p>\n<p style=\"text-align: justify;\">Anla\u015f\u0131lan \u201c\u00f6zel yetkili savc\u0131l\u0131klar\u201d sadece muhalifler i\u00e7in ge\u00e7erli.<\/p>\n<p style=\"text-align: justify;\">B\u00fct\u00fcn diktat\u00f6rl\u00fcklerde oldu\u011fu gibi, olay \u00f6rtbas edilmeye \u00e7al\u0131\u015f\u0131l\u0131yor. Ancak ba\u015far\u0131l\u0131 olamayacaklar. \u00c7\u00fcnk\u00fc haberimiz do\u011fru ve bunu Abdullah G\u00fcl biliyor.<\/p>\n<p style=\"text-align: justify;\"><a href=\"http:\/\/www.yurtgazetesi.com.tr\/yurtun-sesi\/basyazi-tanigimiz-guldur-h18178.html\" target=\"_blank\">Kaynak : Yurt Gazetesi<\/a><\/p>\n","protected":false},"excerpt":{"rendered":"<p style=\"text-align: center;\">\n<p style=\"text-align: justify;\">Yurt gazetesinin 1 Eyl\u00fcl 2012 tarihli Yurt&#8217;un Sesi yaz\u0131s\u0131d\u0131r.<\/p>\n<p style=\"text-align: justify;\">\u00dc\u00e7 g\u00fcnd\u00fcr, T\u00fcrkiye Cumhurba\u015fkan\u0131 Abdullah G\u00fcl\u2019e bir suikast d\u00fczenlenerek zehirlendi\u011fini yaz\u0131yoruz. Kaynaklar\u0131m\u0131z \u00e7ok sa\u011flam. Deyim uygunsa bu bilgiyi iktidar \u00e7evrelerinin pilot kabininden ald\u0131k.<\/p>\n<p style=\"text-align: justify;\">Haberimiz T\u00fcrkiye g\u00fcndemini sarst\u0131. Ancak bu ciddi iddia \u00fczerine bir ara\u015ft\u0131rma ya da soru\u015fturma <\/p>\n","protected":false},"author":1,"featured_media":0,"comment_status":"open","ping_status":"open","sticky":false,"template":"","format":"standard","meta":{"footnotes":""},"categories":[105],"tags":[],"class_list":["post-54810","post","type-post","status-publish","format-standard","hentry","category-gundem","odd"],"_links":{"self":[{"href":"http:\/\/www.korhanyilmaz.com\/index.php?rest_route=\/wp\/v2\/posts\/54810","targetHints":{"allow":["GET"]}}],"collection":[{"href":"http:\/\/www.korhanyilmaz.com\/index.php?rest_route=\/wp\/v2\/posts"}],"about":[{"href":"http:\/\/www.korhanyilmaz.com\/index.php?rest_route=\/wp\/v2\/types\/post"}],"author":[{"embeddable":true,"href":"http:\/\/www.korhanyilmaz.com\/index.php?rest_route=\/wp\/v2\/users\/1"}],"replies":[{"embeddable":true,"href":"http:\/\/www.korhanyilmaz.com\/index.php?rest_route=%2Fwp%2Fv2%2Fcomments&post=54810"}],"version-history":[{"count":0,"href":"http:\/\/www.korhanyilmaz.com\/index.php?rest_route=\/wp\/v2\/posts\/54810\/revisions"}],"wp:attachment":[{"href":"http:\/\/www.korhanyilmaz.com\/index.php?rest_route=%2Fwp%2Fv2%2Fmedia&parent=54810"}],"wp:term":[{"taxonomy":"category","embeddable":true,"href":"http:\/\/www.korhanyilmaz.com\/index.php?rest_route=%2Fwp%2Fv2%2Fcategories&post=54810"},{"taxonomy":"post_tag","embeddable":true,"href":"http:\/\/www.korhanyilmaz.com\/index.php?rest_route=%2Fwp%2Fv2%2Ftags&post=54810"}],"curies":[{"name":"wp","href":"https:\/\/api.w.org\/{rel}","templated":true}]}}