{"id":54805,"date":"2012-09-01T19:01:04","date_gmt":"2012-09-01T16:01:04","guid":{"rendered":"http:\/\/www.korhanyilmaz.com\/?p=54805"},"modified":"2012-09-02T05:45:12","modified_gmt":"2012-09-02T02:45:12","slug":"chpli-duzgun-bugun-orada-hakim-olan-guc-pkkdir-maalesef","status":"publish","type":"post","link":"http:\/\/www.korhanyilmaz.com\/?p=54805","title":{"rendered":"CHP&#8217;li D\u00fczg\u00fcn : &#8220;Bug\u00fcn orada hakim olan g\u00fc\u00e7 PKK&#8217;d\u0131r maalesef&#8221;"},"content":{"rendered":"<p style=\"text-align: justify;\"><a href=\"http:\/\/www.korhanyilmaz.com\/wp-content\/uploads\/2012\/09\/H585.jpg\"  class=\"lightview\"><img loading=\"lazy\" decoding=\"async\" class=\"aligncenter size-full wp-image-54806\" title=\"\" src=\"http:\/\/www.korhanyilmaz.com\/wp-content\/uploads\/2012\/09\/H585.jpg\" alt=\"\" width=\"338\" height=\"260\" \/><\/a><\/p>\n<p style=\"text-align: justify;\">CHP Tokat Milletvekili Orhan D\u00fczg\u00fcn, AK Parti&#8217;nin uygulad\u0131\u011f\u0131 yanl\u0131\u015f politikalar y\u00fcz\u00fcnden G\u00fcneydo\u011fu&#8217;daki kontrol\u00fcn T\u00fcrk devletinden \u00e7\u0131kt\u0131\u011f\u0131n\u0131 iddia ederek, &#8220;Bug\u00fcn orada hakim olan g\u00fc\u00e7 PKK&#8217;d\u0131r maalesef&#8221; dedi.<\/p>\n<p style=\"text-align: justify;\">(DHA) &#8212; CHP Tokat Milletvekili Orhan D\u00fczg\u00fcn, partisinin il ba\u015fkanl\u0131\u011f\u0131 binas\u0131nda gazetecilerin sorular\u0131n\u0131 cevaplad\u0131.\u00a0<!--more--><\/p>\n<p style=\"text-align: justify;\"><a href=\"http:\/\/www.korhanyilmaz.com\/wp-content\/uploads\/2012\/09\/H584.jpg\"  class=\"lightview\"><img loading=\"lazy\" decoding=\"async\" class=\"alignleft  wp-image-54807\" style=\"margin-left: 10px; margin-right: 10px;\" src=\"http:\/\/www.korhanyilmaz.com\/wp-content\/uploads\/2012\/09\/H584.jpg\" alt=\"\" width=\"234\" height=\"179\" \/><\/a>Bir gazetecinin, Ba\u015fbakan Recep Tayyip Erdo\u011fan&#8217;\u0131n, CHP Tunceli Milletvekili H\u00fcseyin Ayg\u00fcn&#8217;\u00fcn ter\u00f6ristlerce ka\u00e7\u0131r\u0131lmas\u0131yla ilgili \u015f\u00fcpheleri oldu\u011fu y\u00f6n\u00fcndeki s\u00f6zlerini hat\u0131rlatmas\u0131 \u00fczerine D\u00fczg\u00fcn, \u015funlar\u0131 s\u00f6yledi:<\/p>\n<p style=\"text-align: justify;\">&#8220;\u015eimdi Say\u0131n Ba\u015fbakan&#8217;\u0131n H\u00fcseyin Ayg\u00fcn&#8217;e tepki g\u00f6sterebilmesi i\u00e7in ilk \u00f6nce Habur&#8217;da PKK&#8217;l\u0131 ter\u00f6ristleri davul zurna ile kar\u015f\u0131lad\u0131klar\u0131n\u0131, devletin hakiminin, savc\u0131s\u0131n\u0131 oraya getirip \u00e7ad\u0131r kurup mahkeme kurduklar\u0131n\u0131 izah etmesi laz\u0131m.<\/p>\n<p style=\"text-align: justify;\">Oslo&#8217;da PKK ile pazarl\u0131k yapan M\u0130T g\u00f6revlilerini kendisinin g\u00f6revlendirdi\u011fini, Hakan Fidan&#8217;\u0131n da &#8216;Ben Ba\u015fbakan&#8217;\u0131n \u00f6zel temsilcisiyim&#8217; a\u00e7\u0131klamas\u0131n\u0131 Ba\u015fbakan&#8217;\u0131n bize izah etmesi laz\u0131m. Arkas\u0131ndan \u0130mral\u0131&#8217;da Abdullah \u00d6calan ile yap\u0131lan g\u00f6r\u00fc\u015fmelerde M\u0130T&#8217;i kendisinin g\u00f6revlendirdi\u011fini, &#8216;Evet ben yapt\u0131m, var m\u0131 bir diyece\u011finiz?&#8217; a\u00e7\u0131klamas\u0131n\u0131 yapt\u0131\u011f\u0131n\u0131 hepimiz \u00e7ok iyi biliyoruz. Bunun yan\u0131nda yine BDP&#8217;li milletvekillerinin PKK&#8217;l\u0131lar ile kucakla\u015f\u0131rken Say\u0131n Ba\u015fbakan&#8217;\u0131n g\u00f6sterdi\u011fi tek tepki, &#8216;Allah muhabbetlerini artt\u0131rs\u0131n&#8217; \u015feklinde oldu.<\/p>\n<p style=\"text-align: justify;\">\u015eimdi Say\u0131n Ba\u015fbakan t\u00fcm bunlar\u0131 bize izah ederse biz H\u00fcseyin Ayg\u00fcn&#8217;\u00fcn s\u00f6yledi\u011fi 3-5 c\u00fcmleyi, bir ter\u00f6rist eylemden kurtulmu\u015f olman\u0131n heyecan\u0131 ile sarf etti\u011fi c\u00fcmleleri halk\u0131m\u0131za \u00e7ok rahat izah edebiliriz. 3-5 g\u00fcn \u00f6nce Say\u0131n B\u00fclent Ar\u0131n\u00e7, Apo&#8217;nun ev hapsine al\u0131nabilece\u011fini s\u00f6yledi. \u015eimdi e\u011fer siz birilerine bir \u015fey s\u00f6yleyecekseniz \u00f6nce bir d\u00f6n\u00fcp kendi etraf\u0131na bakacaks\u0131n\u0131z. Bug\u00fcn art\u0131k AKP ile PKK&#8217;n\u0131n ortak oldu\u011funu bilmeyen kimse kalmad\u0131 bu \u00fclkede.&#8221;<\/p>\n<p style=\"text-align: justify;\"><strong>&#8220;G\u00fcneydo\u011fu&#8217;da hakim olan g\u00fc\u00e7 PKK&#8217;d\u0131r&#8221;\u00a0<\/strong><\/p>\n<p style=\"text-align: justify;\">BDP E\u015fba\u015fkan\u0131 Selahattin Demirta\u015f&#8217;\u0131n &#8216;\u00c7ukurca-\u015eemdinli aras\u0131ndaki 400 kilometrenin PKK&#8217;n\u0131n denetiminde oldu\u011fu&#8217; iddias\u0131n\u0131 hat\u0131rlatan D\u00fczg\u00fcn, &#8220;Tam bir hafta bir yalanlama gelmedi. Ge\u00e7en g\u00fcn Bekir Bozda\u011f dedi ki &#8216;Yok \u00f6le bir \u015fey.&#8217; Bir hafta bekledikten sonra. \u015eunu art\u0131k biliyor ki insanlar, \u00fclkenin G\u00fcneydo\u011fusu&#8217;ndaki kontrol AKP&#8217;nin uygulad\u0131\u011f\u0131 yanl\u0131\u015f politikalar sonucunda T\u00fcrk devletinin kontrol\u00fcnden \u00e7\u0131km\u0131\u015ft\u0131r. Bug\u00fcn orada hakim olan g\u00fc\u00e7 PKK&#8217;d\u0131r maalesef. Yani bunu \u00e7ok b\u00fcy\u00fck bir \u00fcz\u00fcnt\u00fc ile s\u00f6yl\u00fcyorum ama dedi\u011fim gibi bu var olan bir ger\u00e7ek. Bunu herkes g\u00f6r\u00fcyor, herkes biliyor&#8221; diye konu\u015ftu.<\/p>\n<p style=\"text-align: justify;\"><strong>&#8220;Hatay halk\u0131 rahats\u0131z&#8221;\u00a0<\/strong><\/p>\n<p style=\"text-align: justify;\">H\u00fck\u00fcmetin Suriye politikas\u0131n\u0131 da ele\u015ftiren D\u00fczg\u00fcn, \u015f\u00f6yle konu\u015ftu:<\/p>\n<p style=\"text-align: justify;\">&#8220;Suriye&#8217;ye demokrasi g\u00f6t\u00fcrece\u011fiz diye \u00fclkenin 800 kilometre s\u0131n\u0131r\u0131n\u0131 PKK&#8217;ya a\u00e7t\u0131lar. Bug\u00fcn Suriye ile sava\u015fan insanlar\u0131n bir\u00e7o\u011fu \u00c7e\u00e7en, \u0130ranl\u0131, Libyal\u0131, Tunuslu, El Kaide&#8217;nin militanlar\u0131 sava\u015f\u0131yor. Hatay halk\u0131 bu durumdan son derece rahats\u0131z. \u00c7\u00fcnk\u00fc ne id\u00fc\u011f\u00fc belirsiz insanlar g\u00fcnd\u00fcz\u00fcn g\u00f6z\u00fcnde ellerinde silahlarla Hatay&#8217;da dola\u015fabiliyorlar. Bug\u00fcn hi\u00e7 ortada yokken art\u0131k Hatay&#8217;\u0131n T\u00fcrkiye&#8217;ye ait olup olmad\u0131\u011f\u0131 tart\u0131\u015f\u0131l\u0131yor.<\/p>\n<p style=\"text-align: justify;\">Hatay, Atat\u00fcrk&#8217;\u00fcn \u00f6l\u00fcm d\u00f6\u015fe\u011finde iken binbir t\u00fcrl\u00fc u\u011fra\u015f\u0131 ile Misak-\u0131 Milli s\u0131n\u0131rlar\u0131 i\u00e7erisine katt\u0131\u011f\u0131 bir \u015fehir. \u015eimdi biz G\u00fcneydo\u011fu ile u\u011fra\u015f\u0131rken ortaya bir Hatay sorunu \u00e7\u0131kt\u0131. \u00c7\u00fcnk\u00fc orada bug\u00fcn \u00d6zg\u00fcr Suriye Ordusu ad\u0131 alt\u0131nda e\u011fitilen ve beslenilen insanlar Hatay&#8217;\u0131n kendilerine ait oldu\u011funu s\u00f6yl\u00fcyorlar. D\u0131\u015f politikada bu kadar \u00e7uvallayan bir h\u00fck\u00fcmetin \u00e7\u0131k\u0131p da H\u00fcseyin Ayg\u00fcn&#8217;e laf s\u00f6yleyecek hali yoktur. H\u00fck\u00fcmet at\u0131k ne yapt\u0131\u011f\u0131n\u0131 bilmiyor.&#8221;<\/p>\n<p style=\"text-align: justify;\"><a href=\"http:\/\/www.cnnturk.com\/2012\/turkiye\/09\/01\/chpli.duzgunden.hukumeti.kizdiracak.sozler\/675114.0\/index.html\" target=\"_blank\">Kaynak : CNN T\u00dcRK<\/a><\/p>\n","protected":false},"excerpt":{"rendered":"<p style=\"text-align: justify;\">\n<p style=\"text-align: justify;\">CHP Tokat Milletvekili Orhan D\u00fczg\u00fcn, AK Parti&#8217;nin uygulad\u0131\u011f\u0131 yanl\u0131\u015f politikalar y\u00fcz\u00fcnden G\u00fcneydo\u011fu&#8217;daki kontrol\u00fcn T\u00fcrk devletinden \u00e7\u0131kt\u0131\u011f\u0131n\u0131 iddia ederek, &#8220;Bug\u00fcn orada hakim olan g\u00fc\u00e7 PKK&#8217;d\u0131r maalesef&#8221; dedi.<\/p>\n<p style=\"text-align: justify;\">(DHA) &#8212; CHP Tokat Milletvekili Orhan D\u00fczg\u00fcn, partisinin il ba\u015fkanl\u0131\u011f\u0131 binas\u0131nda gazetecilerin sorular\u0131n\u0131 cevaplad\u0131. <\/p>\n","protected":false},"author":1,"featured_media":0,"comment_status":"open","ping_status":"open","sticky":false,"template":"","format":"standard","meta":{"footnotes":""},"categories":[105],"tags":[],"class_list":["post-54805","post","type-post","status-publish","format-standard","hentry","category-gundem","odd"],"_links":{"self":[{"href":"http:\/\/www.korhanyilmaz.com\/index.php?rest_route=\/wp\/v2\/posts\/54805","targetHints":{"allow":["GET"]}}],"collection":[{"href":"http:\/\/www.korhanyilmaz.com\/index.php?rest_route=\/wp\/v2\/posts"}],"about":[{"href":"http:\/\/www.korhanyilmaz.com\/index.php?rest_route=\/wp\/v2\/types\/post"}],"author":[{"embeddable":true,"href":"http:\/\/www.korhanyilmaz.com\/index.php?rest_route=\/wp\/v2\/users\/1"}],"replies":[{"embeddable":true,"href":"http:\/\/www.korhanyilmaz.com\/index.php?rest_route=%2Fwp%2Fv2%2Fcomments&post=54805"}],"version-history":[{"count":0,"href":"http:\/\/www.korhanyilmaz.com\/index.php?rest_route=\/wp\/v2\/posts\/54805\/revisions"}],"wp:attachment":[{"href":"http:\/\/www.korhanyilmaz.com\/index.php?rest_route=%2Fwp%2Fv2%2Fmedia&parent=54805"}],"wp:term":[{"taxonomy":"category","embeddable":true,"href":"http:\/\/www.korhanyilmaz.com\/index.php?rest_route=%2Fwp%2Fv2%2Fcategories&post=54805"},{"taxonomy":"post_tag","embeddable":true,"href":"http:\/\/www.korhanyilmaz.com\/index.php?rest_route=%2Fwp%2Fv2%2Ftags&post=54805"}],"curies":[{"name":"wp","href":"https:\/\/api.w.org\/{rel}","templated":true}]}}