{"id":54800,"date":"2012-09-01T20:23:01","date_gmt":"2012-09-01T17:23:01","guid":{"rendered":"http:\/\/www.korhanyilmaz.com\/?p=54800"},"modified":"2012-09-02T18:38:58","modified_gmt":"2012-09-02T15:38:58","slug":"cumhurbaskani-gul-taburcu-oldu","status":"publish","type":"post","link":"http:\/\/www.korhanyilmaz.com\/?p=54800","title":{"rendered":"Cumhurba\u015fkan\u0131 G\u00fcl taburcu oldu!"},"content":{"rendered":"<p style=\"text-align: justify;\"><a href=\"http:\/\/www.korhanyilmaz.com\/wp-content\/uploads\/2012\/09\/H583.jpg\"  class=\"lightview\"><img loading=\"lazy\" decoding=\"async\" class=\"aligncenter size-full wp-image-54801\" title=\"\" src=\"http:\/\/www.korhanyilmaz.com\/wp-content\/uploads\/2012\/09\/H583.jpg\" alt=\"\" width=\"322\" height=\"247\" \/><\/a><\/p>\n<p style=\"text-align: justify;\">Hacettepe \u00dcniversitesi Rekt\u00f6r\u00fc Prof. Dr. Murat Tuncer, i\u00e7 kulak kaynakl\u0131 rahats\u0131zl\u0131\u011f\u0131 nedeniyle 23 A\u011fustos&#8217;tan bu yana Hacettepe \u00dcniversitesi Hastanesi&#8217;nde tedavi edilen Cumhurba\u015fkan\u0131 Abdullah G\u00fcl&#8217;\u00fcn sa\u011fl\u0131kl\u0131 olarak taburcu edildi\u011fini bildirdi.<\/p>\n<p style=\"text-align: justify;\">T\u00fcrk Konseyi Zirvesi&#8217;ne kat\u0131lmak \u00fczere 22 A\u011fustos&#8217;ta gitti\u011fi K\u0131rg\u0131zistan&#8217;n\u0131n ba\u015fkenti Bi\u015fkek&#8217;ten kula\u011f\u0131ndaki rahats\u0131zl\u0131\u011f\u0131n n\u00fcksetmesi \u00fczerine ba\u015f ba\u015fa ve heyetler aras\u0131 g\u00f6r\u00fc\u015fmelerinin ard\u0131ndan Ankara&#8217;ya d\u00f6nen Cumhurba\u015fkan\u0131 Abdullah G\u00fcl, 23 A\u011fustos Per\u015fembe g\u00fcn\u00fcnden bu yana Hacettepe \u00dcniversitesi T\u0131pFak\u00fcltesi kulak, burun, bo\u011faz hastal\u0131klar\u0131 b\u00f6l\u00fcm\u00fc uzmanlar\u0131n\u0131n g\u00f6zetiminde tutuluyordu.\u00a0<!--more--><\/p>\n<p style=\"text-align: justify;\">Doktorlar\u0131n ameliyata gerek g\u00f6rmemesinden dolay\u0131, Cumhurba\u015fkan\u0131 G\u00fcl&#8217;\u00fcn, 23 A\u011fustos Per\u015fembe g\u00fcn\u00fc ba\u015flanan tedavisi Prof. Dr. Ergin Turan taraf\u0131ndan s\u00fcrd\u00fcr\u00fcld\u00fc.<\/p>\n<p style=\"text-align: justify;\">\u0130la\u00e7 tedavisi sonucu sa\u011fl\u0131\u011f\u0131 her ge\u00e7en g\u00fcn iyiye giden Cumhurba\u015fkan\u0131 Abdullah G\u00fcl&#8217;e, tedavisi bo\u015funca e\u015fi Hayr\u00fcnnisa G\u00fcl refakat etti.<\/p>\n<p style=\"text-align: justify;\">Hacettepe \u00dcniversitesi Rekt\u00f6r\u00fc Prof. Dr. Murat Tuncer, Cumhurba\u015fkan\u0131 Abdullah G\u00fcl&#8217;\u00fcn sa\u011fl\u0131k durumuna ili\u015fkin olarak yapt\u0131\u011f\u0131 a\u00e7\u0131klamada, G\u00fcl&#8217;\u00fcn sa\u011f<\/p>\n<p style=\"text-align: justify;\">kula\u011f\u0131nda daha belirgin olmak \u00fczere her iki kula\u011f\u0131nda i\u00e7 kulak kaynakl\u0131 rahats\u0131zl\u0131k oldu\u011funu, problemin i\u00e7 kulaktaki s\u0131v\u0131 bas\u0131nc\u0131n\u0131n y\u00fckselmesine ba\u011fland\u0131\u011f\u0131n\u0131 ve 24 A\u011fustos Cuma g\u00fcn\u00fc yap\u0131lan odyolojik incelemede her iki kulakta d\u00fczelmenin ba\u015flad\u0131\u011f\u0131n\u0131 a\u00e7\u0131klad\u0131.<\/p>\n<p style=\"text-align: justify;\">Hacettepe \u00dcniversitesi T\u0131p Fak\u00fcltesi&#8217;nde tedavi ve tetkikleri y\u00fcr\u00fcten doktorlar\u0131n, kulak rahats\u0131zl\u0131\u011f\u0131n\u0131n n\u00fcksetmemesi i\u00e7in iki ay u\u00e7ak seyahati yapmamas\u0131 tavsiyesinde bulunmas\u0131 \u00fczerine Cumhurba\u015fkan\u0131 G\u00fcl, eyl\u00fcl ve ekim ay\u0131ndaki yurtd\u0131\u015f\u0131 programlar\u0131n\u0131 iptal etti.<\/p>\n<p style=\"text-align: justify;\">Hacettepe \u00dcniversitesi Rekt\u00f6r\u00fc Prof. Dr. Murat Tuncer, 28 A\u011fustos Sal\u0131 g\u00fcn\u00fc d\u00fczenledi\u011fi bas\u0131n toplant\u0131s\u0131nda, kula\u011f\u0131ndaki rahats\u0131zl\u0131k nedeniyle tedavisi s\u00fcren ve farkl\u0131 hastanelerden akademisyenler taraf\u0131ndan sa\u011fl\u0131k durumu de\u011ferlendirilen Cumhurba\u015fkan\u0131 Abdullah G\u00fcl&#8217;e, g\u00fcnl\u00fck aktivitelerine s\u0131n\u0131rl\u0131 olarak devam etmesi ve 30 A\u011fustos Zafer Bayram\u0131 t\u00f6ren ve kutlamalar\u0131na kat\u0131lmamas\u0131n\u0131n tavsiye edildi\u011fini bildirdi.<\/p>\n<p style=\"text-align: justify;\"><a href=\"http:\/\/www.cnnturk.com\/2012\/turkiye\/09\/01\/cumhurbaskani.gul.taburcu.oldu\/675100.0\/index.html\" target=\"_blank\">Kaynak : CNN T\u00dcRK<\/a><\/p>\n","protected":false},"excerpt":{"rendered":"<p style=\"text-align: justify;\">\n<p style=\"text-align: justify;\">Hacettepe \u00dcniversitesi Rekt\u00f6r\u00fc Prof. Dr. Murat Tuncer, i\u00e7 kulak kaynakl\u0131 rahats\u0131zl\u0131\u011f\u0131 nedeniyle 23 A\u011fustos&#8217;tan bu yana Hacettepe \u00dcniversitesi Hastanesi&#8217;nde tedavi edilen Cumhurba\u015fkan\u0131 Abdullah G\u00fcl&#8217;\u00fcn sa\u011fl\u0131kl\u0131 olarak taburcu edildi\u011fini bildirdi.<\/p>\n<p style=\"text-align: justify;\">T\u00fcrk Konseyi Zirvesi&#8217;ne kat\u0131lmak \u00fczere 22 A\u011fustos&#8217;ta gitti\u011fi K\u0131rg\u0131zistan&#8217;n\u0131n ba\u015fkenti Bi\u015fkek&#8217;ten kula\u011f\u0131ndaki rahats\u0131zl\u0131\u011f\u0131n n\u00fcksetmesi \u00fczerine ba\u015f ba\u015fa ve heyetler <\/p>\n","protected":false},"author":1,"featured_media":0,"comment_status":"open","ping_status":"open","sticky":false,"template":"","format":"standard","meta":{"footnotes":""},"categories":[105],"tags":[],"class_list":["post-54800","post","type-post","status-publish","format-standard","hentry","category-gundem","odd"],"_links":{"self":[{"href":"http:\/\/www.korhanyilmaz.com\/index.php?rest_route=\/wp\/v2\/posts\/54800","targetHints":{"allow":["GET"]}}],"collection":[{"href":"http:\/\/www.korhanyilmaz.com\/index.php?rest_route=\/wp\/v2\/posts"}],"about":[{"href":"http:\/\/www.korhanyilmaz.com\/index.php?rest_route=\/wp\/v2\/types\/post"}],"author":[{"embeddable":true,"href":"http:\/\/www.korhanyilmaz.com\/index.php?rest_route=\/wp\/v2\/users\/1"}],"replies":[{"embeddable":true,"href":"http:\/\/www.korhanyilmaz.com\/index.php?rest_route=%2Fwp%2Fv2%2Fcomments&post=54800"}],"version-history":[{"count":0,"href":"http:\/\/www.korhanyilmaz.com\/index.php?rest_route=\/wp\/v2\/posts\/54800\/revisions"}],"wp:attachment":[{"href":"http:\/\/www.korhanyilmaz.com\/index.php?rest_route=%2Fwp%2Fv2%2Fmedia&parent=54800"}],"wp:term":[{"taxonomy":"category","embeddable":true,"href":"http:\/\/www.korhanyilmaz.com\/index.php?rest_route=%2Fwp%2Fv2%2Fcategories&post=54800"},{"taxonomy":"post_tag","embeddable":true,"href":"http:\/\/www.korhanyilmaz.com\/index.php?rest_route=%2Fwp%2Fv2%2Ftags&post=54800"}],"curies":[{"name":"wp","href":"https:\/\/api.w.org\/{rel}","templated":true}]}}