{"id":54794,"date":"2012-09-01T19:15:41","date_gmt":"2012-09-01T16:15:41","guid":{"rendered":"http:\/\/www.korhanyilmaz.com\/?p=54794"},"modified":"2012-09-02T05:26:58","modified_gmt":"2012-09-02T02:26:58","slug":"bahceliye-karsi-adayligini-resmen-acikladi","status":"publish","type":"post","link":"http:\/\/www.korhanyilmaz.com\/?p=54794","title":{"rendered":"Bah\u00e7eli&#8217;ye kar\u015f\u0131 adayl\u0131\u011f\u0131n\u0131 resmen a\u00e7\u0131klad\u0131"},"content":{"rendered":"<p style=\"text-align: justify;\"><a href=\"http:\/\/www.korhanyilmaz.com\/wp-content\/uploads\/2012\/09\/H581.jpg\"  class=\"lightview\"><img loading=\"lazy\" decoding=\"async\" class=\"aligncenter size-full wp-image-54795\" title=\"\" src=\"http:\/\/www.korhanyilmaz.com\/wp-content\/uploads\/2012\/09\/H581.jpg\" alt=\"\" width=\"292\" height=\"224\" \/><\/a><\/p>\n<p style=\"text-align: justify;\">MHP Trabzon Milletvekili Koray Ayd\u0131n, partisinin kas\u0131m ay\u0131nda yap\u0131lacak B\u00fcy\u00fck Kurultay\u0131\u2019nda Genel Ba\u015fkan Devlet Bah\u00e7eli\u2019nin kar\u015f\u0131s\u0131na \u00e7\u0131kaca\u011f\u0131n\u0131 resmen a\u00e7\u0131klad\u0131.<\/p>\n<p style=\"text-align: justify;\">Ayd\u0131n, Anadolu G\u00f6steri Merkezi\u2019nde d\u00fczenledi\u011fi toplant\u0131da, milliyet\u00e7i ve \u00fclk\u00fcc\u00fc hareketin, MHP y\u00f6netimin de\u011fi\u015fmesi i\u00e7in adeta bir \u201ci\u015faret fi\u015fe\u011fi\u201d bekledi\u011fini s\u00f6yledi.\u00a0<!--more--><\/p>\n<p style=\"text-align: justify;\">\u201cBu i\u015faret fi\u015fe\u011finin fitilini, resmen ate\u015fliyorum\u201d diyen Ayd\u0131n, \u201c4 Kas\u0131m 2002 sabah\u0131ndan ba\u015flayan AKP iktidar\u0131n\u0131 bitirmek \u00fczere 4 Kas\u0131m 2012 g\u00fcn\u00fc yap\u0131lacak 10. Ola\u011fan B\u00fcy\u00fck Kurultay\u2019da, MHP Genel Ba\u015fkanl\u0131\u011f\u0131\u2019na aday oldu\u011fumu resmen ilan ediyorum\u201d ifadelerini kulland\u0131.<\/p>\n<p style=\"text-align: justify;\">Partisi ve T\u00fcrkiye i\u00e7in 4 Kas\u0131m tarihinin \u00f6nemli bir d\u00f6n\u00fcm noktas\u0131 olaca\u011f\u0131n\u0131 savunan Ayd\u0131n, \u201cMHP y\u00f6netiminde art\u0131k de\u011fi\u015fim zaman\u0131 gelmi\u015ftir\u201d diye konu\u015ftu.<\/p>\n<p style=\"text-align: justify;\">Ayd\u0131n, s\u00f6zlerini \u015f\u00f6yle s\u00fcrd\u00fcrd\u00fc:<\/p>\n<p style=\"text-align: justify;\">\u201c\u00c7\u00fcnk\u00fc bu y\u00f6netim anlay\u0131\u015f\u0131, \u00fclk\u00fcda\u015flar\u0131m\u0131z aras\u0131nda \u00fcmitsizli\u011fe ve y\u0131lg\u0131nl\u0131\u011fa yol a\u00e7maktad\u0131r. Se\u00e7imlerde ya\u015fad\u0131\u011f\u0131m\u0131z ba\u015far\u0131s\u0131zl\u0131klar, daha ne zamana kadar \u015ferefli yenilgiler olarak takdim edilecektir? \u00dclk\u00fcc\u00fcn\u00fcn \u00f6mr\u00fc \u2018iktidar\u2019 m\u00fcjdesi bekleyerek mi ge\u00e7ecektir? Sadece iktidar partisinin icraatlar\u0131 do\u011frultusunda tepki beyan eden, onu da gecikmeli \u015fekilde yerine getiren partimiz, belirlenmi\u015f g\u00fcndeme ge\u00e7 intibak eden ve takip eden bir g\u00f6r\u00fcn\u00fcme sahiptir. Haftada bir g\u00fcn yap\u0131lan grup a\u00e7\u0131klamalar\u0131n\u0131n d\u0131\u015f\u0131nda, di\u015fe dokunur bir faaliyet sergilemeyen Genel Merkezimiz, alanda varl\u0131\u011f\u0131 belli olmayan ve hatta bundan \u00f6zenle ka\u00e7\u0131nan bir kimli\u011fe b\u00fcr\u00fcnd\u00fcr\u00fclm\u00fc\u015ft\u00fcr.<\/p>\n<p style=\"text-align: justify;\">Biz MHP\u2019de siyasal tembelli\u011fe son vermeye, gece-g\u00fcnd\u00fcz demeden \u00e7al\u0131\u015fmaya, \u00fcretmeye ve ba\u015farmaya geliyoruz. Genel Ba\u015fkan se\u00e7ilmem durumunda ilk icraat\u0131m, t\u00fcz\u00fck \u00e7al\u0131\u015ftay\u0131 ve hemen ard\u0131ndan, t\u00fcz\u00fck kurultay\u0131 yapmak olacakt\u0131r. Kad\u0131n Kollar\u0131 ve Gen\u00e7lik Kollar\u0131 kurulacak, bu organlar\u0131n y\u00f6netimleri kongrelerle belirlenecek. Genel ba\u015fkanl\u0131k ve milletvekilli\u011fi s\u00fcresi de s\u0131n\u0131rland\u0131r\u0131lacak.\u201d<\/p>\n<p style=\"text-align: justify;\"><a href=\"http:\/\/www.cnnturk.com\/2012\/turkiye\/09\/01\/bahceliye.karsi.adayligini.resmen.acikladi\/675115.0\/index.html\" target=\"_blank\">Kaynak : CNN T\u00dcRK<\/a><\/p>\n","protected":false},"excerpt":{"rendered":"<p style=\"text-align: justify;\">\n<p style=\"text-align: justify;\">MHP Trabzon Milletvekili Koray Ayd\u0131n, partisinin kas\u0131m ay\u0131nda yap\u0131lacak B\u00fcy\u00fck Kurultay\u0131\u2019nda Genel Ba\u015fkan Devlet Bah\u00e7eli\u2019nin kar\u015f\u0131s\u0131na \u00e7\u0131kaca\u011f\u0131n\u0131 resmen a\u00e7\u0131klad\u0131.<\/p>\n<p style=\"text-align: justify;\">Ayd\u0131n, Anadolu G\u00f6steri Merkezi\u2019nde d\u00fczenledi\u011fi toplant\u0131da, milliyet\u00e7i ve \u00fclk\u00fcc\u00fc hareketin, MHP y\u00f6netimin de\u011fi\u015fmesi i\u00e7in adeta bir \u201ci\u015faret fi\u015fe\u011fi\u201d bekledi\u011fini s\u00f6yledi. <\/p>\n","protected":false},"author":1,"featured_media":0,"comment_status":"open","ping_status":"open","sticky":false,"template":"","format":"standard","meta":{"footnotes":""},"categories":[105],"tags":[],"class_list":["post-54794","post","type-post","status-publish","format-standard","hentry","category-gundem","odd"],"_links":{"self":[{"href":"http:\/\/www.korhanyilmaz.com\/index.php?rest_route=\/wp\/v2\/posts\/54794","targetHints":{"allow":["GET"]}}],"collection":[{"href":"http:\/\/www.korhanyilmaz.com\/index.php?rest_route=\/wp\/v2\/posts"}],"about":[{"href":"http:\/\/www.korhanyilmaz.com\/index.php?rest_route=\/wp\/v2\/types\/post"}],"author":[{"embeddable":true,"href":"http:\/\/www.korhanyilmaz.com\/index.php?rest_route=\/wp\/v2\/users\/1"}],"replies":[{"embeddable":true,"href":"http:\/\/www.korhanyilmaz.com\/index.php?rest_route=%2Fwp%2Fv2%2Fcomments&post=54794"}],"version-history":[{"count":0,"href":"http:\/\/www.korhanyilmaz.com\/index.php?rest_route=\/wp\/v2\/posts\/54794\/revisions"}],"wp:attachment":[{"href":"http:\/\/www.korhanyilmaz.com\/index.php?rest_route=%2Fwp%2Fv2%2Fmedia&parent=54794"}],"wp:term":[{"taxonomy":"category","embeddable":true,"href":"http:\/\/www.korhanyilmaz.com\/index.php?rest_route=%2Fwp%2Fv2%2Fcategories&post=54794"},{"taxonomy":"post_tag","embeddable":true,"href":"http:\/\/www.korhanyilmaz.com\/index.php?rest_route=%2Fwp%2Fv2%2Ftags&post=54794"}],"curies":[{"name":"wp","href":"https:\/\/api.w.org\/{rel}","templated":true}]}}