{"id":54790,"date":"2012-09-01T15:08:47","date_gmt":"2012-09-01T12:08:47","guid":{"rendered":"http:\/\/www.korhanyilmaz.com\/?p=54790"},"modified":"2012-09-02T18:42:16","modified_gmt":"2012-09-02T15:42:16","slug":"o-ezan-sesini-izah-edin","status":"publish","type":"post","link":"http:\/\/www.korhanyilmaz.com\/?p=54790","title":{"rendered":"O ezan sesini izah edin!"},"content":{"rendered":"<p style=\"text-align: justify;\"><a href=\"http:\/\/www.korhanyilmaz.com\/wp-content\/uploads\/2012\/09\/H580.jpg\"  class=\"lightview\"><img loading=\"lazy\" decoding=\"async\" class=\"aligncenter size-full wp-image-54791\" title=\"\" src=\"http:\/\/www.korhanyilmaz.com\/wp-content\/uploads\/2012\/09\/H580.jpg\" alt=\"\" width=\"311\" height=\"207\" \/><\/a><\/p>\n<p style=\"text-align: justify;\">Balyoz san\u0131klar\u0131ndan \u00d6rnek, ses kay\u0131tlar\u0131n\u0131n ger\u00e7ek olmad\u0131\u011f\u0131n\u0131 belirterek &#8216;E\u011fer orijinalse size haberim var: Kayd\u0131n yap\u0131ld\u0131\u011f\u0131 yer ses ge\u00e7irmezdir. \u015eimdi bu kay\u0131tlardaki ezan sesi nas\u0131l izah edilecek?&#8217; diye sordu.<\/p>\n<p style=\"text-align: justify;\">Balyoz davas\u0131nda, esas hakk\u0131nda savunma yapan Deniz Kuvvetleri eski Komutan\u0131 \u00d6zden \u00d6rnek, Genelkurmay ba\u015fkanlar\u0131 Ya\u015far B\u00fcy\u00fckan\u0131t ve \u0130lker Ba\u015fbu\u011f&#8217;un tan\u0131k olarak dinlendi\u011fini belirterek, &#8216;Her 2 orgeneralin ifadeleri Ayta\u00e7 Yalman&#8217;\u0131n al\u0131namayan ifadesi kadar \u00f6nemlidir. Bir darbe te\u015febb\u00fcs\u00fc olsayd\u0131, 2003&#8217;te KK Komutan\u0131 (A. Yalman) ve Genelkurmay Ba\u015fkan\u0131&#8217;n\u0131n (H. \u00d6zk\u00f6k) kesinlikle haberi olurdu. Her ikisi de haberleri olmad\u0131\u011f\u0131n\u0131 defalarca tekrarlam\u0131\u015flard\u0131r&#8217; dedi.\u00a0<!--more--><\/p>\n<p style=\"text-align: justify;\"><strong>YALMAN K\u0130MDEN ALDI?<\/strong><\/p>\n<p style=\"text-align: justify;\">\u00d6rnek, davan\u0131n tutuklu san\u0131klar\u0131ndan Ergin Saygun&#8217;un mahkemedeki sorgusunda, &#8216;Seminer ses kasetlerinin Ba\u015fbakan taraf\u0131ndan Ayta\u00e7 Yalman&#8217;a verildi\u011fini bizzat\u00a0Yalman&#8217;dan \u00f6\u011frendi\u011fini s\u00f6yledi\u011fini&#8217; belirterek, bu konuda bir tek soru bile sorulmad\u0131\u011f\u0131n\u0131 belirtti. &#8216;Mahkemede ses kasetleri dinlenilirken, Say\u0131n Ba\u015fkan her sesin sahibini sordu ama kaset kayd\u0131ndaki &#8216;ezan&#8217; sesi hakk\u0131nda &#8216;kim okuyor?&#8217; diye sormad\u0131. E\u011fer bu sesler orijinal kay\u0131tsa size bir haberim var: Kayd\u0131n yap\u0131ld\u0131\u011f\u0131 yer ses ge\u00e7irmezdir. \u015eimdi bu kay\u0131tlardaki ezan sesi nas\u0131l izah edilecek? Acaba Ba\u015fbakan&#8217;\u0131n verdi\u011fi kasetlerden mikrofon kullanarak kay\u0131t yap\u0131l\u0131rken mi ge\u00e7ti? Yoksa kasetlerin \u00fczerinde oynan\u0131rken mi oldu? Seminer 3 g\u00fcn s\u00fcrd\u00fc\u011f\u00fcne g\u00f6re neden ba\u015fka ezan ya da trafik sesi yok? Yalman&#8217;a verilen kasetler nerede? Kasetler bulunup buraya getirilmeli ve mahkemenin elindekilerle mukayese edilmelidir. Bavullu adam olmad\u0131\u011f\u0131na g\u00f6re Baransu&#8217;ya bu kasetleri kim vermi\u015ftir? Polis mi? Kasetleri Yalman kimden alm\u0131\u015ft\u0131r?&#8217;<\/p>\n<p style=\"text-align: justify;\"><strong>MAHKEME \u00c7A\u011eIRMIYOR<\/strong><\/p>\n<p style=\"text-align: justify;\">\u00d6rnek, Genelkurmay Ba\u015fkan\u0131&#8217;n\u0131n emriyle ve onun ba\u015fkanl\u0131\u011f\u0131nda 15 Temmuz 2003&#8217;te Harp Akademileri Komutanl\u0131\u011f\u0131&#8217;nda &#8216;Gen\u00e7 Subaylar Rahats\u0131z (Cumhuriyet Gazetesi&#8217;nden \u00e7\u0131kan haber)&#8217; olay\u0131 ve 4 Temmuz 2003 \u00e7uval krizinden sonraki durumu g\u00f6r\u00fc\u015fmek i\u00e7in toplant\u0131 yapt\u0131klar\u0131n\u0131 hat\u0131rlatt\u0131. Toplant\u0131ya kendisi, \u00c7etin Do\u011fan, Halil \u0130brahim F\u0131rt\u0131na, Genelkurmay Ba\u015fkan\u0131, Ayta\u00e7 Yalman ve \u015eener Eruygur&#8217;un kat\u0131ld\u0131\u011f\u0131n\u0131 ifade eden \u00d6rnek, bu konuyla ilgili 5 Aral\u0131k 2009&#8217;da ifade verdi\u011fini belirtti ve Ergenekon san\u0131klar\u0131 Muzaffer Tekin ve Fikret Emek&#8217;te bulunan belgelerin bu toplant\u0131yla ili\u015fkilendirildi\u011fini, bu konular\u0131 ayd\u0131nlatacak tek ki\u015finin Yalman oldu\u011funu kaydetti.<\/p>\n<p style=\"text-align: justify;\">\u00d6rnek, mahkemenin Mehmet Baransu, T\u00dcB\u0130TAK bilirki\u015fileri Ahmet Erdo\u011fan ile Hakan Erdo\u011fan ve Ayta\u00e7 Yalman&#8217;\u0131 \u00e7a\u011f\u0131rmad\u0131\u011f\u0131n\u0131 belirterek, &#8216;\u0130ddianame ve esas hakk\u0131nda m\u00fctalaada Kas\u0131m 2002-A\u011fustos 2003 d\u00f6neminde bir darbeye te\u015febb\u00fcs hareketinin Ayta\u00e7 Yalman taraf\u0131ndan engellendi\u011fi yaz\u0131l\u0131d\u0131r. Yalman&#8217;\u0131n ifadesi de al\u0131nmam\u0131\u015ft\u0131r. Onun taraf\u0131ndan ger\u00e7eklenmedi\u011fi s\u00fcrece havada kalan bir iddiad\u0131r&#8217; dedi.<\/p>\n<p style=\"text-align: justify;\"><span style=\"text-decoration: underline;\"><strong>Komplocular\u0131n s\u00fcr\u00fcnd\u00fc\u011f\u00fcn\u00fc g\u00f6rmek istiyorum<\/strong><\/span><\/p>\n<p style=\"text-align: justify;\">SAVUNMASINDA yarg\u0131y\u0131 da ele\u015ftiren \u00d6rnek, &#8216;Ne yaz\u0131kt\u0131r ki ya\u015fad\u0131klar\u0131m\u0131zdan sonra bence yarg\u0131 intihar etmi\u015ftir. Balyoz komplosunun yegane hedefi TSK&#8217;d\u0131r. Bu hedefin iki amac\u0131 vard\u0131r. Ge\u00e7mi\u015f 80 y\u0131l\u0131n intikam\u0131n\u0131 almak ve \u00fclkeyi totaliter bir rejime do\u011fru g\u00f6t\u00fcr\u00fclmesinin yegane engeli olan TSK&#8217;y\u0131 a\u015fa\u011f\u0131layarak tasfiye etmektir. Bizler bu komployu haz\u0131rlayanlar\u0131 ve onlara yard\u0131mc\u0131 olanlar\u0131 tahmin edebiliyoruz. Bundan sonraki hayat\u0131m\u0131zda bu ki\u015filerin en peri\u015fan hale gelip s\u00fcr\u00fcnd\u00fcklerini g\u00f6rmek en b\u00fcy\u00fck arzumuz olacakt\u0131r. Bunun i\u00e7in de elimizden gelen hi\u00e7bir \u015feyi esirgemeyece\u011fiz&#8221; dedi. AA<\/p>\n<p style=\"text-align: justify;\"><a href=\"http:\/\/www.aksam.com.tr\/yargi-intihar-etmistir--136048h.html\" target=\"_blank\">Kaynak : www.aksam.com.tr<\/a><\/p>\n","protected":false},"excerpt":{"rendered":"<p style=\"text-align: justify;\">\n<p style=\"text-align: justify;\">Balyoz san\u0131klar\u0131ndan \u00d6rnek, ses kay\u0131tlar\u0131n\u0131n ger\u00e7ek olmad\u0131\u011f\u0131n\u0131 belirterek &#8216;E\u011fer orijinalse size haberim var: Kayd\u0131n yap\u0131ld\u0131\u011f\u0131 yer ses ge\u00e7irmezdir. \u015eimdi bu kay\u0131tlardaki ezan sesi nas\u0131l izah edilecek?&#8217; diye sordu.<\/p>\n<p style=\"text-align: justify;\">Balyoz davas\u0131nda, esas hakk\u0131nda savunma yapan Deniz Kuvvetleri eski Komutan\u0131 \u00d6zden \u00d6rnek, Genelkurmay ba\u015fkanlar\u0131 Ya\u015far B\u00fcy\u00fckan\u0131t ve \u0130lker Ba\u015fbu\u011f&#8217;un tan\u0131k <\/p>\n","protected":false},"author":1,"featured_media":0,"comment_status":"open","ping_status":"open","sticky":false,"template":"","format":"standard","meta":{"footnotes":""},"categories":[105],"tags":[],"class_list":["post-54790","post","type-post","status-publish","format-standard","hentry","category-gundem","odd"],"_links":{"self":[{"href":"http:\/\/www.korhanyilmaz.com\/index.php?rest_route=\/wp\/v2\/posts\/54790","targetHints":{"allow":["GET"]}}],"collection":[{"href":"http:\/\/www.korhanyilmaz.com\/index.php?rest_route=\/wp\/v2\/posts"}],"about":[{"href":"http:\/\/www.korhanyilmaz.com\/index.php?rest_route=\/wp\/v2\/types\/post"}],"author":[{"embeddable":true,"href":"http:\/\/www.korhanyilmaz.com\/index.php?rest_route=\/wp\/v2\/users\/1"}],"replies":[{"embeddable":true,"href":"http:\/\/www.korhanyilmaz.com\/index.php?rest_route=%2Fwp%2Fv2%2Fcomments&post=54790"}],"version-history":[{"count":0,"href":"http:\/\/www.korhanyilmaz.com\/index.php?rest_route=\/wp\/v2\/posts\/54790\/revisions"}],"wp:attachment":[{"href":"http:\/\/www.korhanyilmaz.com\/index.php?rest_route=%2Fwp%2Fv2%2Fmedia&parent=54790"}],"wp:term":[{"taxonomy":"category","embeddable":true,"href":"http:\/\/www.korhanyilmaz.com\/index.php?rest_route=%2Fwp%2Fv2%2Fcategories&post=54790"},{"taxonomy":"post_tag","embeddable":true,"href":"http:\/\/www.korhanyilmaz.com\/index.php?rest_route=%2Fwp%2Fv2%2Ftags&post=54790"}],"curies":[{"name":"wp","href":"https:\/\/api.w.org\/{rel}","templated":true}]}}