{"id":54785,"date":"2012-08-31T22:28:42","date_gmt":"2012-08-31T19:28:42","guid":{"rendered":"http:\/\/www.korhanyilmaz.com\/?p=54785"},"modified":"2012-09-02T00:01:46","modified_gmt":"2012-09-01T21:01:46","slug":"benim-cocugum-gerizekalidir-diyorlar","status":"publish","type":"post","link":"http:\/\/www.korhanyilmaz.com\/?p=54785","title":{"rendered":"&#8216;Benim \u00e7ocu\u011fum gerizekal\u0131d\u0131r diyorlar!&#8217;"},"content":{"rendered":"<p style=\"text-align: justify;\"><a href=\"http:\/\/www.korhanyilmaz.com\/wp-content\/uploads\/2012\/09\/H579.jpg\"  class=\"lightview\"><img loading=\"lazy\" decoding=\"async\" class=\"aligncenter size-full wp-image-54786\" title=\"\" src=\"http:\/\/www.korhanyilmaz.com\/wp-content\/uploads\/2012\/09\/H579.jpg\" alt=\"\" width=\"359\" height=\"215\" \/><\/a><\/p>\n<p style=\"text-align: justify;\">Ba\u015fbakan Erdo\u011fan d\u00fcn gece Kanalt\u00fcrk TV\u2019de kat\u0131ld\u0131\u011f\u0131 \u2018Ba\u015fbakan\u2019la \u00d6zel\u2019 program\u0131nda baz\u0131 gazetelerin genel yay\u0131n y\u00f6netmenlerinin g\u00fcndeme ili\u015fkin sorular\u0131n\u0131 yan\u0131tlad\u0131.<\/p>\n<p style=\"text-align: justify;\">Erdo\u011fan, 66-72 ayl\u0131k \u00e7ocuklar\u0131n\u0131 birinci s\u0131n\u0131fa g\u00f6ndermemek i\u00e7in rapor alan anne-babalar\u0131 sert \u015fekilde ele\u015ftirdi: Ben evlatlar\u0131na ihanetle vas\u0131fl\u0131yorum. 2 ay m\u0131 senin evlad\u0131n\u0131 iyi noktaya getirecek. Ben de babay\u0131m. Biz de \u00e7ocuklar\u0131m\u0131z\u0131 ya\u015f\u0131 gelmeden okula ba\u015flatt\u0131k.\u00a0<!--more--><\/p>\n<p style=\"text-align: justify;\"><strong>&#8211; AYG\u00dcN\u2019DE \u015e\u00dcPHEM VAR:\u00a0<\/strong><\/p>\n<p style=\"text-align: justify;\">(CHP\u2019li H\u00fcseyin Ayg\u00fcn\u2019\u00fcn ka\u00e7\u0131r\u0131lmas\u0131yla ilgili soru \u00fczerine) CHP\u2019li H\u00fcseyin Ayg\u00fcn\u2019\u00fc ka\u00e7\u0131rd\u0131lar, acaba burada bir ka\u00e7\u0131rma eylemi var m\u0131? Ve ben samimi s\u00f6yl\u00fcyorum dedim ki \u2018Bu i\u015f k\u0131sa zamanda bitecek bir i\u015ftir\u2019 dedim, i\u015fte 6 saat yol y\u00fcr\u00fcm\u00fc\u015f, da\u011fa \u00e7\u0131kartm\u0131\u015flar felan bunlar do\u011frulanmas\u0131 gereken eylemler. Ka\u00e7\u0131r\u0131lma olay\u0131na halk inanm\u0131yor. Ayg\u00fcn\u2019\u00fcn ka\u00e7\u0131r\u0131lmas\u0131nda \u015f\u00fcphelerim var.<\/p>\n<p style=\"text-align: justify;\"><strong>MEDYAYA ELE\u015eT\u0130R\u0130:\u00a0<\/strong><\/p>\n<p style=\"text-align: justify;\">T\u00fcrkiye\u2019deki t\u00fcm medyaya mesajd\u0131r. Bak\u0131n\u0131z bug\u00fcn Afganistan\u2019da t\u00fcm koalisyon g\u00fc\u00e7lerinin askerleri var. Oradaki kay\u0131plar\u0131 bir ayda ki bug\u00fcn ald\u0131m rakam\u0131. Koalisyon g\u00fc\u00e7lerinin 158 kayb\u0131 var, ayl\u0131k kay\u0131p. Fakat bunu siz ne bir Frans\u0131z gazetesinde ne \u0130ngiliz ne Amerikan gazetesinde okuyamazs\u0131n\u0131z, g\u00f6remezsiniz. Fakat biz de olay oldu\u011fu anda b\u00fct\u00fcn g\u00f6rsel medya, yaz\u0131l\u0131 medya bunlar\u0131n hepsini verir. S\u00fcrekli olarak ter\u00f6r\u00fcn en \u00f6nemli hedefi; propagandas\u0131n\u0131 yapt\u0131rabilmektir. Bu propaganday\u0131 adam bedava yapt\u0131r\u0131yor. Bu propagandayla kendine bir g\u00fc\u00e7 dev\u015firiyor. Bu \u00fclke de ter\u00f6rle m\u00fccadele eden \u00fclkenin y\u00f6netimine de bu noktada zafiyet tesis ediyor. B\u00f6yle bir gayretin i\u00e7erisinde bunu bir defa halletmemiz laz\u0131m. Medya kimin yan\u0131nda yer alacak. Att\u0131klar\u0131 ba\u015fl\u0131klara bak\u0131yoruz, k\u00f6\u015fe yazarlar\u0131na bak\u0131yoruz ben diyorum ki sizin haber kayna\u011f\u0131n\u0131z Allah a\u015fk\u0131na Roj TV, Mezopotamya m\u0131d\u0131r, sosyal medya m\u0131d\u0131r? Bunlar \u00fczerinden sansasyonel bu t\u00fcr haberleri \u00fcretmek do\u011fru mu? Bunlara kar\u015f\u0131 bir tavr\u0131 yaz\u0131l\u0131 ve g\u00f6rsel medyan\u0131n hep birlikte almas\u0131 laz\u0131m. Bunlar\u0131 ademe mahkum etmek durumunday\u0131z e\u011fer bunlar\u0131 ademe mahkum edersek biz o zaman \u00e7ok daha h\u0131zla mesafe al\u0131r\u0131z.<\/p>\n<p style=\"text-align: justify;\"><strong>DOKUNULMAZLIKLAR:\u00a0<\/strong><\/p>\n<p style=\"text-align: justify;\">Biz AK Parti h\u00fck\u00fcmeti olarak Anayasa de\u011fi\u015fikli\u011finde 26 maddelik pakette parti kapat\u0131lmas\u0131n\u0131 ortadan kald\u0131ral\u0131m diye bir madde getirdik fakat biz yaln\u0131z kald\u0131k. \u015eimdi \u2018Partiler kapat\u0131lmamas\u0131 laz\u0131m\u2019 diyor muhalefet partileri, bug\u00fcn bunu konu\u015fmuyor olmayacakt\u0131k e\u011fer destek verselerdi. Ben \u015funu savunuyorum su\u00e7u kim i\u015fliyorsa bedeli o \u00f6desin, dokunulmazl\u0131k olay\u0131na gelince ter\u00f6r, adi su\u00e7lar bunlar \u00fczerinde konu\u015fabiliriz ama insanlar\u0131n fikrinden, d\u00fc\u015f\u00fcncesinden dolay\u0131 kalk\u0131p burada dokunulmazl\u0131k s\u00fcrecini ba\u015flatal\u0131m dersek ben bunu do\u011fru bulmuyorum. \u015euanda parlamentoda 735 kadar dosya var, \u00e7ok de\u011fi\u015fik su\u00e7lar. Bunlar\u0131n i\u00e7inde ter\u00f6r su\u00e7lar\u0131 var, ter\u00f6re yard\u0131m yatakl\u0131k yapanlar var, se\u00e7im kampanyalar\u0131nda ak\u015fam saatini a\u015fm\u0131\u015f bundan dolay\u0131 haklar\u0131nda dava a\u00e7\u0131lanlar da var. Bunlar\u0131n hepsinin de\u011ferlendirilmesi yap\u0131l\u0131r, ortaya \u00e7\u0131kan neyse bunun bedeli \u00f6denir. Bu s\u00fcre\u00e7te parlamento bu i\u015fleri farkl\u0131 \u015fekilde ele alacakt\u0131r.<\/p>\n<p style=\"text-align: justify;\"><strong>&#8211; TER\u00d6R\u0130STLE KUCAKLA\u015eMA:\u00a0<\/strong><\/p>\n<p style=\"text-align: justify;\">Bunlar \u015fimdi siyaset\u00e7i olmaktan \u00e7\u0131kt\u0131lar zaten. Yani gidip ter\u00f6ristle kucakla\u015fana ben nas\u0131l \u2019siyaset\u00e7i\u2019 diyeyim? Ben \u015fimdi ona siyaset\u00e7i g\u00f6z\u00fcyle bakamam ki.<\/p>\n<p style=\"text-align: justify;\"><strong>&#8211; NEY\u0130N M\u00dcZAKERES\u0130:\u00a0<\/strong><\/p>\n<p style=\"text-align: justify;\">(\u2018M\u00fczakere s\u00fcreci kapand\u0131 m\u0131\u2019 sorusu \u00fczerine) Bu t\u00fcr adamlarla tabii ki. Bunlarla neyin m\u00fczakeresini yapacaks\u0131n. Kar\u015f\u0131nda m\u00fczakere edece\u011fin bir defa bir parti olacak, demokrasiye inanm\u0131\u015f, parlamenter sisteme inanm\u0131\u015f bir parti olacak, onunla m\u00fczakere edeceksin. Bunlar\u0131n b\u00f6yle bir derdi yok.<\/p>\n<p style=\"text-align: justify;\"><strong>&#8211; \u00c7\u0130\u00c7EK\u2019\u0130N MUTABAKATI:\u00a0<\/strong><\/p>\n<p style=\"text-align: justify;\">Burada ben Meclis Ba\u015fkan\u0131m\u0131z\u0131n iyi niyetinden \u015f\u00fcphe etmiyorum fakat Meclis Ba\u015fkan\u0131m bug\u00fcne kadar yapt\u0131\u011f\u0131 uygulamalardan birini yapm\u0131\u015f olsa daha isabet olurdu. Partilerin grup ba\u015fkanvekilleri, grup ba\u015fkanlar\u0131 ile biraraya gelerek bunlar\u0131 de\u011ferlendirse daha isabetli olurdu.<\/p>\n<p style=\"text-align: justify;\"><strong>&#8211; ESAD SA\u00c7MALIYOR:\u00a0<\/strong><\/p>\n<p style=\"text-align: justify;\">\u015eu anda bana g\u00f6re Be\u015far Esad siyasi \u00f6mr\u00fcn\u00fc tamamlam\u0131\u015ft\u0131r. \u015eu anda Esad Suriye\u2019de bir siyaset\u00e7i gibi \u00e7al\u0131\u015fmamaktad\u0131r adeta bir i\u00e7sava\u015f i\u00e7erisindeki akt\u00f6r olarak veya bir fig\u00fcran olarak \u00e7al\u0131\u015fmaktad\u0131r. Kald\u0131 ki T\u00fcrkiye\u2019yi Suriye\u2019de d\u00f6k\u00fclen kandan sorumlu tutan Esad, a\u011fz\u0131ndan \u00e7\u0131kan\u0131 kula\u011f\u0131 duymayan bir hale gelmi\u015ftir. T\u00fcrkiye Suriye halk\u0131n\u0131n yan\u0131ndad\u0131r ama zalim Esad rejiminin yan\u0131nda de\u011fildir. CHP Genel Ba\u015fkan\u0131\u2019n\u0131n \u2018Onunla yazl\u0131kta beraberdiler\u2019 ifadesine burada dokunmadan ge\u00e7emeyece\u011fim. Ben Be\u015far Esad\u2019\u0131 o zaman davet ettim, misafirimiz oldular ailecek ben hi\u00e7 bir zaman yazl\u0131kta olmad\u0131m, olmad\u0131k. Orada olarak de\u011fil, oraya giderek ziyaret ettim K\u0131l\u0131\u00e7daro\u011flu\u2019nun bu iftiralar\u0131na art\u0131k son vermesi laz\u0131m.<\/p>\n<p style=\"text-align: justify;\"><strong>&#8211; KAMPLAR \u015eOV YER\u0130 M\u0130?\u00a0<\/strong><\/p>\n<p style=\"text-align: justify;\">Ayn\u0131 \u015feyleri kamplarla ilgili yapt\u0131, \u2018bu kamplara girece\u011fim\u2019 diyor nas\u0131l girece\u011fin \u00f6nemli bunun emrini biz veririz, oralar yol ge\u00e7en han\u0131 de\u011fil. \u0130nsan Haklar\u0131 Komisyonu oraya gitti, raporlar var gitmi\u015fler ve incelemelerini yapm\u0131\u015flar ama bunlar izin al\u0131p gitti fakat biz bu kamp yerlerini bir \u015fov merkezi haline d\u00f6n\u00fc\u015ft\u00fcrmeyiz. K\u0131l\u0131\u00e7daro\u011flu bu konu hakk\u0131nda bir istek i\u00e7indeyse talep eder bizde talebi de\u011ferlendiririz. Zab\u0131ta m\u0131s\u0131n sen ya? \u0130stedi\u011fin her yere girip \u00e7\u0131kacaks\u0131n, b\u00f6yle bir \u015fey yok.<\/p>\n<p style=\"text-align: justify;\"><strong>&#8211; \u00d6\u011eRETMEN EKS\u0130\u011e\u0130 VAR:\u00a0<\/strong><\/p>\n<p style=\"text-align: justify;\">(\u00d6\u011fretmenlerin e\u015f durumundan tayinleri konusunda) Par\u00e7alanm\u0131\u015f aile ba\u015fl\u0131\u011f\u0131 att\u0131\u011f\u0131m\u0131z zaman bu duygu s\u00f6m\u00fcr\u00fcs\u00fcne giriyor. Tamam \u00f6\u011fretmenlik yap\u0131yorsun senin evinin yan\u0131na okul koyacak de\u011filiz, biri ilde olabilir, biri il\u00e7ede olabilir. Bize gelip \u2018Biz ayn\u0131 ilde ama farkl\u0131 il\u00e7elerde g\u00f6rev yapmak istiyoruz\u2019 diye samimi olarak g\u00f6rev isteyen \u00f6\u011fretmenlerimiz var. Bak\u0131yorsunuz belli hizmetlerde, belli noktalarda diyelim ki e\u015fi erkek bir yerde, han\u0131m\u0131 bir yerde bunlar y\u0131\u011f\u0131lma getirirken G\u00fcneydo\u011fu\u2019da da bo\u015fluklar meydana getiriyor. Milli E\u011fitim Bakan\u0131ma talimat verdim ve \u2018bu konuda yo\u011fun bir \u00e7al\u0131\u015fma yapacaks\u0131n\u0131z\u2019 dedim.<\/p>\n<p style=\"text-align: justify;\"><strong>&#8211; 2\u2019NC\u0130 KADEME HAR\u00c7LARI:\u00a0<\/strong><\/p>\n<p style=\"text-align: justify;\">Burada katk\u0131 pay\u0131 olarak ge\u00e7miyor bu, kanun a\u00e7\u0131k ve net olarak ortada. Bu \u00fccretli e\u011fitim, \u00f6\u011fretim i\u00e7ine girdi\u011fi i\u00e7in kapsam\u0131yor biz neyi kald\u0131rd\u0131k? Har\u00e7lar\u0131, bu harca girmiyor \u00fccretli e\u011fitim, \u00f6\u011fretime giriyor burada \u00fccretsiz e\u011fitime gidilsin olay\u0131na gidildi\u011finde bunun arkas\u0131ndan ba\u015fka \u015feyler gelmeye ba\u015flar.<\/p>\n<p style=\"text-align: justify;\"><strong>&#8211; VEL\u0130LERE RAPOR ELE\u015eT\u0130R\u0130S\u0130\u00a0<\/strong><\/p>\n<p style=\"text-align: justify;\">\u015eimdi \u00f6ncelikle bu i\u015fe (4+4+4 e\u011fitim sistemi) kar\u015f\u0131 y\u00fcr\u00fct\u00fclen bir kampanya var, gidip rapor alanlar\u0131 \u00f6ncelikle ben evlatlar\u0131na ihanetle vas\u0131fl\u0131yorum. 2 ay m\u0131 senin evlad\u0131n\u0131 iyi noktaya getirecek. Ben de babay\u0131m. Biz de \u00e7ocuklar\u0131m\u0131z\u0131 ya\u015f\u0131 gelmeden okula ba\u015flatt\u0131k. Benim bir \u00e7ocu\u011fum okul \u00f6ncesi e\u011fitim ald\u0131\u011f\u0131 i\u00e7in 1. s\u0131n\u0131f de\u011fil 2. s\u0131n\u0131ftan ba\u015flad\u0131. Biz bu 66 ay\u0131 s\u00f6ylerken rastgele atmad\u0131k ki d\u00fcnyadaki uygulamalar \u00f6n\u00fcm\u00fczde. Bizim kendi ailemizde ya\u015fad\u0131klar\u0131m\u0131z \u00f6n\u00fcm\u00fczde. Biz istiyoruz ki yavrular\u0131m\u0131z bir an \u00f6nce okula ba\u015flas\u0131nlar.<\/p>\n<p style=\"text-align: justify;\"><strong>&#8211; YEN\u0130 ANAYASA \u00c7IKAR:\u00a0<\/strong><\/p>\n<p style=\"text-align: justify;\">\u0130lla 4 parti burada dayan\u0131\u015fma i\u00e7inde olacak diye bir \u015fey yok. Masada ka\u00e7 parti kal\u0131rsa onunla bitiririz. Yani bu iki parti de olabilir ama \u2019iki parti\u2019 derken tabii anayasal de\u011fi\u015fikli\u011fi yapabilecek iki partiyi kastediyorum ki bu CHP olabilir, MHP olabilir. Otural\u0131m konu\u015fal\u0131m, azami m\u00fc\u015ftereklerimizi tesis edebilirsek i\u015f biter. Asgari m\u00fc\u015fterek de\u011fil. \u00c7\u00fcnk\u00fc azami m\u00fc\u015fterek sa\u011flan\u0131rsa g\u00fczel bir anayasa, yeni bir anayasa \u00e7\u0131kar.<\/p>\n<p style=\"text-align: justify;\"><strong>\u2018400 km yalan\u0131!\u2019\u00a0<\/strong><\/p>\n<p style=\"text-align: justify;\"><strong>&#8211; DEZENFORMASYON:<\/strong><strong>\u00a0<\/strong><\/p>\n<p style=\"text-align: justify;\">Nedir bu, \u2019400 kilometre PKK\u2019n\u0131n kontrol\u00fc alt\u0131ndad\u0131r.\u2019 Bir defa bu tespit bu ifade \u00e7ok \u00e7ok b\u00fcy\u00fck bir yalan. Yalan\u0131n \u00f6tesinde sen kimden yanas\u0131n? Ter\u00f6ristten veya ter\u00f6rden yana m\u0131s\u0131n? Yoksa bu \u00fclkede ter\u00f6r\u00fc yok etmek isteyenlerden yana m\u0131s\u0131n? Bu iddiay\u0131 dile getiren ki\u015fi, T\u00fcrkiye Cumhuriyeti\u2019nin B\u00fcy\u00fck Millet Meclisi\u2019nde bulunan bir siyasi partinin e\u015f ba\u015fkan\u0131 olarak bu ifadeyi neye g\u00f6re kulland\u0131\u011f\u0131n\u0131, delilinin ve tespitinin ne oldu\u011funu a\u00e7\u0131klamal\u0131. 400 kilometre dedi\u011fin zaman bu 400 bin metredir. Bu 400 bin metreyi nas\u0131l oluyor da bu \u015fekilde kontrol alt\u0131na al\u0131yorlar. Bunu siz nas\u0131l tespit ettiniz. Neye g\u00f6re tespit ettiniz. \u00c7\u00fcnk\u00fc b\u00f6lgeyi onlara g\u00f6re az da olsa bilen birisiyim. Defalarca gittim. Al\u0131\u015f\u0131lm\u0131\u015f ba\u015fbakan de\u011filim. B\u00f6lgeyi helikopterlerle karadan \u00e7ok gezdim. Bu sadece AK Parti\u2019yi kapsayan de\u011fil, bundan \u00f6nceki siyasi m\u00fccadelemde de o b\u00f6lgede yapt\u0131\u011f\u0131m \u00e7al\u0131\u015fmalardan bildi\u011fim tespit olarak bunu s\u00f6yl\u00fcyorum. Tabii bunu s\u00f6ylerken ayn\u0131 \u015feyi \u00c7ukurca, \u015eemdinli, Y\u00fcksekova i\u00e7in ve merkez i\u00e7in s\u00f6ylediler. Hakkari i\u00e7in s\u00f6yl\u00fcyorum. B\u00fct\u00fcn bunlarla beraber dediler ki \u015eemdinli tamamen ter\u00f6r \u00f6rg\u00fct\u00fcn\u00fcn elinde. Ciddi bir yalan. Burada korkun\u00e7 bir dezenformasyon var. Bu dezenformasyona yard\u0131mc\u0131 olan bir medya var.<\/p>\n<p style=\"text-align: justify;\"><strong>&#8211; 160 PKK\u2019LI \u00d6LD\u00dc\u00a0<\/strong><\/p>\n<p style=\"text-align: justify;\">Ter\u00f6rle m\u00fccadeleyi kararl\u0131 bir \u015fekilde s\u00fcrd\u00fcrd\u00fck, s\u00fcrd\u00fcr\u00fcyoruz. Nitekim \u015eemdinli\u2019deki kay\u0131plar\u0131 \u00e7ok a\u00e7\u0131k, net ortada. Yani 160\u2019\u0131 bulan orada kay\u0131plar\u0131 var. Orada diyelim ki 5-10-15 bizim \u015fehidimiz onlar i\u00e7in tabii \u00e7ok \u00e7ok \u00f6nemliydi. Bunun kar\u015f\u0131s\u0131nda medyam\u0131z\u0131n tak\u0131nd\u0131\u011f\u0131 tav\u0131r bizler i\u00e7in \u00fcz\u00fcnt\u00fc vericiydi.<\/p>\n<p style=\"text-align: justify;\"><strong>&#8211; BDP\u2019YE ELE\u015eT\u0130R\u0130\u00a0<\/strong><\/p>\n<p style=\"text-align: justify;\">\u0130pleri tamamen ter\u00f6r\u00fcn ve ter\u00f6r \u00f6rg\u00fct\u00fcn\u00fcn elinde&#8230; Bak\u0131n \u015fimdi Gaziantep\u2019teki olayda ne yapt\u0131lar? A\u00e7\u0131klama yapt\u0131lar. G\u00fcya i\u015fi k\u0131nad\u0131lar. G\u00fcya PKK sahiplenmedi. Peki buna halk\u0131m inan\u0131yor mu? \u0130nanmad\u0131. Bug\u00fcn kamuoyu ara\u015ft\u0131rmalar\u0131m\u0131zda g\u00f6r\u00fcyoruz ki, halk\u0131m\u0131z\u0131n y\u00fczde 85\u2019i buna inanm\u0131yor. Bunlar elimizde var. Biz s\u00fcrekli bir \u015fey s\u00f6yl\u00fcyoruz. Sen e\u011fer siyaset yapacaksan, demokrasiden taviz vermeden bu siyaseti yapacaks\u0131n. Ama senin derdin siyaset de\u011fil de bu \u00fclkede ter\u00f6r \u00f6rg\u00fct\u00fcn\u00fc arkana almak suretiyle onun verdi\u011fi destek ile parlamentoda yer tutmaksa bunu bir yere kadar yapars\u0131n. Ondan sonra da geldi\u011fin gibi gidersin. Kald\u0131 ki buna g\u00f6re \u00e7ok daha sa\u011fl\u0131kl\u0131 se\u00e7imlerin yap\u0131lmas\u0131 i\u00e7in de \u015f\u00fcphesiz ki ad\u0131mlar da at\u0131lacakt\u0131r.<\/p>\n<p style=\"text-align: justify;\"><strong>GELD\u0130\u011e\u0130N G\u0130B\u0130 G\u0130DERS\u0130N:<\/strong> Biz s\u00fcrekli bir \u015fey s\u00f6yl\u00fcyoruz. Sen siyaset yapacaksan demokrasiden taviz vermeden bunu yapacaks\u0131n. Ama derdin siyaset de\u011fil de ter\u00f6r \u00f6rg\u00fct\u00fcnden ald\u0131\u011f\u0131n destekle parlamentoda yer almaksa bir yere kadar yapars\u0131n. Ondan sonra geldi\u011fin gibi gidersin. Sa\u011fl\u0131kl\u0131 se\u00e7im yap\u0131lmas\u0131na y\u00f6nelik ad\u0131mlar da at\u0131lacakt\u0131r.<\/p>\n<p style=\"text-align: justify;\"><strong>DOKUNULMAZLI\u011eI G\u00d6R\u00dc\u015eECE\u011e\u0130Z:<\/strong> Biz AK Parti olarak parti kapat\u0131lmas\u0131na kar\u015f\u0131y\u0131z. Kendi i\u00e7imizdeki ihanetlerle bu maddeyi \u00e7\u0131karamad\u0131k anayasa de\u011fi\u015fikli\u011finde. O zaman meclisi terk edenler \u015fimdi kapat\u0131lmamas\u0131 laz\u0131m diyorlar. Ma\u011fduruz diyor, BDP o zaman niye terkettin o zaman. Ben su\u00e7u i\u015fleyen bedelini \u00f6desin diyorum. Dokunulmazl\u0131\u011fa gelince ter\u00f6r adi su\u00e7lar bunlar\u0131n \u00fczerinde konu\u015fabiliriz.<\/p>\n<p style=\"text-align: justify;\"><strong>S\u0130YASET\u00c7\u0130 DE\u011e\u0130LLER:<\/strong> Bunlar (BDP) siyaset\u00e7i olmaktan \u00e7\u0131kt\u0131lar. Gidip ter\u00f6ristle kucakla\u015fana ben nas\u0131l siyaset\u00e7i diyeyim. Fezlekelerle ba\u015flayan s\u00fcre\u00e7 g\u00f6r\u00fcnt\u00fclerini izlediklerimiz 14. maddeden dava olanlar var. Ter\u00f6re bula\u015fanlar var. 9 milletvekilinin g\u00f6sterdi\u011fi o tablo yenilir yutulur tablo de\u011fildir. Biz b\u00f6yle milletvekili tan\u0131m\u0131yoruz. Bu t\u00fcr adamlarla neyin m\u00fczakeresini yapacaks\u0131n.<\/p>\n<p style=\"text-align: justify;\"><a href=\"http:\/\/haber.gazetevatan.com\/benim-cocugum-gerizekalidir-diyorlar\/478132\/9\/Siyaset#.UEJ1QcHN-Zc\" target=\"_blank\">Kaynak : VATAN Gazetesi<\/a><\/p>\n","protected":false},"excerpt":{"rendered":"<p style=\"text-align: justify;\">\n<p style=\"text-align: justify;\">Ba\u015fbakan Erdo\u011fan d\u00fcn gece Kanalt\u00fcrk TV\u2019de kat\u0131ld\u0131\u011f\u0131 \u2018Ba\u015fbakan\u2019la \u00d6zel\u2019 program\u0131nda baz\u0131 gazetelerin genel yay\u0131n y\u00f6netmenlerinin g\u00fcndeme ili\u015fkin sorular\u0131n\u0131 yan\u0131tlad\u0131.<\/p>\n<p style=\"text-align: justify;\">Erdo\u011fan, 66-72 ayl\u0131k \u00e7ocuklar\u0131n\u0131 birinci s\u0131n\u0131fa g\u00f6ndermemek i\u00e7in rapor alan anne-babalar\u0131 sert \u015fekilde ele\u015ftirdi: Ben evlatlar\u0131na ihanetle vas\u0131fl\u0131yorum. 2 ay m\u0131 senin evlad\u0131n\u0131 iyi noktaya getirecek. Ben de babay\u0131m. <\/p>\n","protected":false},"author":1,"featured_media":0,"comment_status":"open","ping_status":"open","sticky":false,"template":"","format":"standard","meta":{"footnotes":""},"categories":[105],"tags":[],"class_list":["post-54785","post","type-post","status-publish","format-standard","hentry","category-gundem","odd"],"_links":{"self":[{"href":"http:\/\/www.korhanyilmaz.com\/index.php?rest_route=\/wp\/v2\/posts\/54785","targetHints":{"allow":["GET"]}}],"collection":[{"href":"http:\/\/www.korhanyilmaz.com\/index.php?rest_route=\/wp\/v2\/posts"}],"about":[{"href":"http:\/\/www.korhanyilmaz.com\/index.php?rest_route=\/wp\/v2\/types\/post"}],"author":[{"embeddable":true,"href":"http:\/\/www.korhanyilmaz.com\/index.php?rest_route=\/wp\/v2\/users\/1"}],"replies":[{"embeddable":true,"href":"http:\/\/www.korhanyilmaz.com\/index.php?rest_route=%2Fwp%2Fv2%2Fcomments&post=54785"}],"version-history":[{"count":0,"href":"http:\/\/www.korhanyilmaz.com\/index.php?rest_route=\/wp\/v2\/posts\/54785\/revisions"}],"wp:attachment":[{"href":"http:\/\/www.korhanyilmaz.com\/index.php?rest_route=%2Fwp%2Fv2%2Fmedia&parent=54785"}],"wp:term":[{"taxonomy":"category","embeddable":true,"href":"http:\/\/www.korhanyilmaz.com\/index.php?rest_route=%2Fwp%2Fv2%2Fcategories&post=54785"},{"taxonomy":"post_tag","embeddable":true,"href":"http:\/\/www.korhanyilmaz.com\/index.php?rest_route=%2Fwp%2Fv2%2Ftags&post=54785"}],"curies":[{"name":"wp","href":"https:\/\/api.w.org\/{rel}","templated":true}]}}