{"id":54781,"date":"2012-09-01T10:04:08","date_gmt":"2012-09-01T07:04:08","guid":{"rendered":"http:\/\/www.korhanyilmaz.com\/?p=54781"},"modified":"2012-09-01T23:54:34","modified_gmt":"2012-09-01T20:54:34","slug":"basbakan-dokunun-talimatini-verdi","status":"publish","type":"post","link":"http:\/\/www.korhanyilmaz.com\/?p=54781","title":{"rendered":"Ba\u015fbakan \u2018Dokunun\u2019 talimat\u0131n\u0131 verdi"},"content":{"rendered":"<p style=\"text-align: justify;\"><a href=\"http:\/\/www.korhanyilmaz.com\/wp-content\/uploads\/2012\/09\/H578.jpg\"  class=\"lightview\"><img loading=\"lazy\" decoding=\"async\" class=\"aligncenter size-full wp-image-54782\" title=\"\" src=\"http:\/\/www.korhanyilmaz.com\/wp-content\/uploads\/2012\/09\/H578.jpg\" alt=\"\" width=\"402\" height=\"201\" \/><\/a><\/p>\n<p style=\"text-align: justify;\">Hakk\u00e2ri\u2019nin Ba\u011flar k\u00f6y\u00fcnde BDP\u2019li milletvekillerinin PKK\u2019l\u0131larla ku\u00e7akla\u015fmas\u0131ndan sonra ba\u015flayan milletvekillerinin dokunulmazl\u0131klar\u0131n\u0131n s\u0131n\u0131rland\u0131r\u0131lmas\u0131 tart\u0131\u015fmas\u0131nden sonra h\u00fck\u00fcmetin Ba\u015fbakan Erdo\u011fan\u2019\u0131n talimat\u0131yla bir \u00e7al\u0131\u015fma ba\u015flatt\u0131\u011f\u0131 ortaya \u00e7\u0131kt\u0131.<\/p>\n<p style=\"text-align: justify;\">Erdo\u011fan, \u201cdokunulmazl\u0131klar\u0131n s\u0131n\u0131rland\u0131r\u0131lmas\u0131 konusunda \u00e7al\u0131\u015fma yap\u0131lmas\u0131 i\u00e7in talimat verdi\u011fini\u201d \u00f6nceki g\u00fcn Atat\u00fcrk K\u00fclt\u00fcr Merkezi\u2019nde yap\u0131lan 30 A\u011fustos Zafer Bayram\u0131 t\u00f6renlerinde CHP\u2019li Adnan Keskin\u2019e s\u00f6yledi.<!--more--><\/p>\n<p style=\"text-align: justify;\">Edinilen bilgilere g\u00f6re Erdo\u011fan\u2019\u0131n talimat\u0131yla h\u00fck\u00fcmet anayasa de\u011fi\u015fikli\u011fi konusunda \u00e7al\u0131\u015fmalara ba\u015flarken, CHP ve MHP de dokunulmazl\u0131klar\u0131n s\u0131n\u0131rland\u0131r\u0131lmas\u0131 konusunda benzer g\u00f6r\u00fc\u015f\u00fc savunuyor. CHP\u2019li Keskin, d\u00fcn \u0130zmir\u2019de yapt\u0131\u011f\u0131 bas\u0131n a\u00e7\u0131klamas\u0131nda konu hakk\u0131nda a\u00e7\u0131klama yapt\u0131. MHP ise bir s\u00fcre \u00f6nce haz\u0131rlay\u0131p AK Parti ve CHP gruplar\u0131na iletti\u011fi anayasal de\u011fi\u015fikli\u011finde ter\u00f6r su\u00e7lar\u0131nda dokunulmazl\u0131klara s\u0131n\u0131rland\u0131rma getirilmesini istiyor. MHP, ter\u00f6r su\u00e7u d\u0131\u015f\u0131ndaki su\u00e7larda da s\u0131n\u0131rland\u0131rmaya gidilebilece\u011fini d\u00fc\u015f\u00fcn\u00fcyor. (Milliyet)<\/p>\n<p style=\"text-align: justify;\"><a href=\"http:\/\/haber.gazetevatan.com\/basbakan-dokunun-talimatini-verdi\/478173\/9\/Siyaset#.UEJ1WcHN-Zd\" target=\"_blank\">Kaynak : VATAN Gazetesi<\/a><\/p>\n","protected":false},"excerpt":{"rendered":"<p style=\"text-align: justify;\">\n<p style=\"text-align: justify;\">Hakk\u00e2ri\u2019nin Ba\u011flar k\u00f6y\u00fcnde BDP\u2019li milletvekillerinin PKK\u2019l\u0131larla ku\u00e7akla\u015fmas\u0131ndan sonra ba\u015flayan milletvekillerinin dokunulmazl\u0131klar\u0131n\u0131n s\u0131n\u0131rland\u0131r\u0131lmas\u0131 tart\u0131\u015fmas\u0131nden sonra h\u00fck\u00fcmetin Ba\u015fbakan Erdo\u011fan\u2019\u0131n talimat\u0131yla bir \u00e7al\u0131\u015fma ba\u015flatt\u0131\u011f\u0131 ortaya \u00e7\u0131kt\u0131.<\/p>\n<p style=\"text-align: justify;\">Erdo\u011fan, \u201cdokunulmazl\u0131klar\u0131n s\u0131n\u0131rland\u0131r\u0131lmas\u0131 konusunda \u00e7al\u0131\u015fma yap\u0131lmas\u0131 i\u00e7in talimat verdi\u011fini\u201d \u00f6nceki g\u00fcn Atat\u00fcrk K\u00fclt\u00fcr Merkezi\u2019nde yap\u0131lan 30 A\u011fustos Zafer Bayram\u0131 t\u00f6renlerinde CHP\u2019li Adnan Keskin\u2019e s\u00f6yledi.<\/p>\n","protected":false},"author":1,"featured_media":0,"comment_status":"open","ping_status":"open","sticky":false,"template":"","format":"standard","meta":{"footnotes":""},"categories":[105],"tags":[],"class_list":["post-54781","post","type-post","status-publish","format-standard","hentry","category-gundem","odd"],"_links":{"self":[{"href":"http:\/\/www.korhanyilmaz.com\/index.php?rest_route=\/wp\/v2\/posts\/54781","targetHints":{"allow":["GET"]}}],"collection":[{"href":"http:\/\/www.korhanyilmaz.com\/index.php?rest_route=\/wp\/v2\/posts"}],"about":[{"href":"http:\/\/www.korhanyilmaz.com\/index.php?rest_route=\/wp\/v2\/types\/post"}],"author":[{"embeddable":true,"href":"http:\/\/www.korhanyilmaz.com\/index.php?rest_route=\/wp\/v2\/users\/1"}],"replies":[{"embeddable":true,"href":"http:\/\/www.korhanyilmaz.com\/index.php?rest_route=%2Fwp%2Fv2%2Fcomments&post=54781"}],"version-history":[{"count":0,"href":"http:\/\/www.korhanyilmaz.com\/index.php?rest_route=\/wp\/v2\/posts\/54781\/revisions"}],"wp:attachment":[{"href":"http:\/\/www.korhanyilmaz.com\/index.php?rest_route=%2Fwp%2Fv2%2Fmedia&parent=54781"}],"wp:term":[{"taxonomy":"category","embeddable":true,"href":"http:\/\/www.korhanyilmaz.com\/index.php?rest_route=%2Fwp%2Fv2%2Fcategories&post=54781"},{"taxonomy":"post_tag","embeddable":true,"href":"http:\/\/www.korhanyilmaz.com\/index.php?rest_route=%2Fwp%2Fv2%2Ftags&post=54781"}],"curies":[{"name":"wp","href":"https:\/\/api.w.org\/{rel}","templated":true}]}}