{"id":54777,"date":"2012-09-01T18:18:55","date_gmt":"2012-09-01T15:18:55","guid":{"rendered":"http:\/\/www.korhanyilmaz.com\/?p=54777"},"modified":"2012-09-01T23:32:11","modified_gmt":"2012-09-01T20:32:11","slug":"soyludan-ak-parti-aciklamasi","status":"publish","type":"post","link":"http:\/\/www.korhanyilmaz.com\/?p=54777","title":{"rendered":"Soylu&#8217;dan AK Parti a\u00e7\u0131klamas\u0131"},"content":{"rendered":"<p style=\"text-align: justify;\"><a href=\"http:\/\/www.korhanyilmaz.com\/wp-content\/uploads\/2012\/09\/H577.jpg\"  class=\"lightview\"><img loading=\"lazy\" decoding=\"async\" class=\"aligncenter size-full wp-image-54778\" title=\"\" src=\"http:\/\/www.korhanyilmaz.com\/wp-content\/uploads\/2012\/09\/H577.jpg\" alt=\"\" width=\"342\" height=\"205\" \/><\/a><\/p>\n<p style=\"text-align: justify;\">DP Eski Genel Ba\u015fkan\u0131 S\u00fcleyman Soylu &#8221;Say\u0131n Ba\u015fbakan\u0131m\u0131z ile yapt\u0131\u011f\u0131m\u0131z g\u00f6r\u00fc\u015fmede kendilerinin bize duydu\u011fu itimada te\u015fekk\u00fcr ederek Ak Parti\u2019nin ve milletin emrinde oldu\u011fumuzu ifade etti\u011fimi kamuoyuna sayg\u0131yla duyuruyorum&#8221; dedi.<\/p>\n<p style=\"text-align: justify;\">Ba\u015fbakan Recep Tayyip Erdo\u011fan saat 12.30 s\u0131ralar\u0131nda K\u0131s\u0131kl\u0131&#8217;daki evinden \u00e7\u0131kt\u0131. Erdo\u011fan, Hali\u00e7 Kongre Merkezine ge\u00e7ti. Ba\u015fbakan Erdo\u011fan&#8217;\u0131n burada Demokrat Parti (DP) eski genel ba\u015fkan\u0131 S\u00fcleyman Soylu ile g\u00f6r\u00fc\u015ft\u00fc. G\u00f6r\u00fc\u015fmeyle ilgili Soylu yaz\u0131l\u0131 a\u00e7\u0131klama yapt\u0131.\u00a0<!--more--><\/p>\n<p style=\"text-align: justify;\">Soylu&#8217;nun a\u00e7\u0131klamas\u0131 \u015fu \u015fekilde: &#8220;Say\u0131n Ba\u015fbakan Recep Tayyip Erdo\u011fan, bug\u00fcnk\u00fc g\u00f6r\u00fc\u015fmede bizi Adalet ve Kalk\u0131nma Partisi\u2019ne davet etmi\u015ftir. Yap\u0131lan bu davete ve \u015fahs\u0131ma g\u00f6sterilen bu tevecc\u00fche \u00e7ok te\u015fekk\u00fcr ediyorum.<\/p>\n<p style=\"text-align: justify;\">Tecr\u00fcbesi ve tarihsel siyasal kimli\u011fi tart\u0131\u015fmas\u0131z olan ba\u015fbakan\u0131n bu daveti, elbette ki bizim i\u00e7in bir onur vesilesidir.<\/p>\n<p style=\"text-align: justify;\">Bug\u00fcne kadar yakla\u015f\u0131k iki ayd\u0131r kamuoyunun takip etti\u011fi bu meselede ilk g\u00fcn yapt\u0131\u011f\u0131m a\u00e7\u0131klaman\u0131n d\u0131\u015f\u0131nda bir de\u011ferlendirme yapmad\u0131m. O g\u00fcn de memleketin \u00e7ok \u00f6nemli meselelerinin oldu\u011funu ve bizim \u015fahs\u0131m\u0131z\u0131n siyasi gelece\u011finin konu\u015fulmas\u0131n\u0131n memlekete haks\u0131zl\u0131k olaca\u011f\u0131n\u0131, \u015fah\u0131slar\u0131n de\u011fil \u00fclke politikalar\u0131n\u0131n ve \u00fclke gelece\u011fininin \u00f6nemli olaca\u011f\u0131n\u0131 s\u00f6ylemi\u015ftik. Bug\u00fcn de ayn\u0131 d\u00fc\u015f\u00fcnceleri ta\u015f\u0131yorum.<\/p>\n<p style=\"text-align: justify;\">Say\u0131n Ba\u015fbakan, T\u00fcrkiye\u2019nin \u00f6n\u00fcne b\u00fcy\u00fck bir ufuk siyaseti koymaktad\u0131r. Bu, T\u00fcrkiye\u2019nin tam demokratikle\u015fmesidir, zenginle\u015fmesidir ve g\u00fc\u00e7l\u00fc bir \u00fclke haline gelmesidir. T\u00fcrkiye bu f\u0131rsat\u0131 y\u00f6netmelidir.<\/p>\n<p style=\"text-align: justify;\">T\u00fcrkiye, 21.y\u00fczy\u0131l\u0131n ilk on y\u0131l\u0131nda b\u00fcy\u00fck bir s\u0131\u00e7rama ger\u00e7ekle\u015ftirmi\u015ftir. T\u00fcrkiye\u2019nin ikinci s\u0131\u00e7rama hedefi 2023 y\u0131l\u0131d\u0131r. Bunun i\u00e7in, birli\u011fin, beraberli\u011fin olu\u015fturdu\u011fu ayn\u0131 d\u00fc\u015f\u00fcnce ekseninde demokrasiyi derinle\u015ftirmek ve \u00fclkeyi geli\u015ftirmek hedefinde olan insanlar\u0131n ba\u015fka yerlere savrulmalar\u0131n\u0131n anlam\u0131 yoktur.<\/p>\n<p style=\"text-align: justify;\">1960 Darbesi olmasayd\u0131 T\u00fcrkiye Demokrat Parti ile ikinci s\u0131\u00e7ramas\u0131n\u0131 ger\u00e7ekle\u015ftirebilecekti. 1971 Muht\u0131ras\u0131 olmasayd\u0131 ve Demokratik Parti\u2019nin ayr\u0131lmas\u0131na m\u00fcsaade edilmeseydi T\u00fcrkiye yine ikinci s\u0131\u00e7ramas\u0131n\u0131 ger\u00e7ekle\u015ftirebilecekti. 1989 Sonras\u0131 rahmetli \u00d6zal, f\u0131rsat\u0131n\u0131 bulabilseydi T\u00fcrkiye yine ikinci s\u0131\u00e7ramas\u0131n\u0131 ger\u00e7ekle\u015ftirebilecekti. Ancak, darbeler, vesayet, k\u0131s\u0131r siyasi \u00e7eki\u015fmeler T\u00fcrkiye\u2019nin hak etti\u011fi b\u00fcy\u00fck s\u0131\u00e7ramay\u0131 engellemi\u015ftir.<\/p>\n<p style=\"text-align: justify;\">Bug\u00fcn, T\u00fcrkiye\u2019nin \u00f6n\u00fcnde ikinci b\u00fcy\u00fck s\u0131\u00e7rama f\u0131rsat\u0131 s\u00f6zkonusudur. Ayr\u0131ca T\u00fcrkiye, milletiyle, kurallar\u0131yla ve b\u00fct\u00fcn kurumlar\u0131yla 21.y\u00fczy\u0131l\u0131n perspektifini olu\u015fturabilme imk\u00e2n\u0131na sahiptir. Bug\u00fcn bu altyap\u0131 haz\u0131rlanmaktad\u0131r.<\/p>\n<p style=\"text-align: justify;\">1970 \u2013 1980 y\u0131llar\u0131 aras\u0131nda ve 1990 &#8211; 2000 y\u0131llar\u0131 aras\u0131nda oldu\u011fu gibi T\u00fcrkiye\u2019nin bu f\u0131rsat\u0131 yakalamas\u0131 i\u00e7in m\u00fccadele edenlere f\u0131rsat verilmedi\u011fi heba ettirilen d\u00f6nemler g\u00f6z\u00fcm\u00fcz\u00fcn \u00f6n\u00fcndedir.<\/p>\n<p style=\"text-align: justify;\">Bug\u00fcn yap\u0131lmas\u0131 gereken, ilk on y\u0131l\u0131n zihniyetini geli\u015ftirerek s\u00fcrd\u00fcr\u00fclebilir k\u0131lmak, \u00f6ncelikle 2023 hedeflerine ula\u015ft\u0131rmak ve bunu 21. y\u00fczy\u0131la yaymakt\u0131r. Sadece bug\u00fcn\u00fc idare etmek veya d\u00fcn\u00fcn kavgas\u0131n\u0131 yapmak ve iktidar hesab\u0131 i\u00e7erisinde olmak, \u015fahsi siyasi gelecek ve ikbal pe\u015finde ko\u015fmak eski siyaset al\u0131\u015fkanl\u0131\u011f\u0131d\u0131r. Oysa T\u00fcrkiye, bug\u00fcn ekonomide, d\u0131\u015f politikada, siyasette hem ge\u00e7mi\u015fi tamir etmektedir hem de gelecek T\u00fcrkiyesi\u2019nin g\u00fc\u00e7l\u00fc altyap\u0131s\u0131n\u0131 olu\u015fturmaktad\u0131r. Siyasetin i\u00e7inde de d\u0131\u015f\u0131nda da olsak yapmam\u0131z gereken \u00fclke meselelerine millet eksenli ve gelecek eksenli bakmakt\u0131r. Yani, hesap ve b\u00fcy\u00fck hedef, gelece\u011fi y\u00f6neten bir T\u00fcrkiye olu\u015fturmak olmal\u0131d\u0131r.<\/p>\n<p style=\"text-align: justify;\">Bu de\u011ferlendirmeler \u0131\u015f\u0131\u011f\u0131nda say\u0131n Ba\u015fbakan\u0131m\u0131za huzurunuzda yak\u0131n tarihte g\u00f6rmedi\u011fim, \u00f6rne\u011fine de \u00e7ok rastlamad\u0131\u011f\u0131m samimi, i\u00e7ten ve bizim i\u00e7in \u00e7ok de\u011ferli olan daveti i\u00e7in te\u015fekk\u00fcr ediyorum. Ortaya konulan siyaset vizyonu, bizim i\u00e7in de milletimize hizmet etme imk\u00e2n\u0131 sunmaktad\u0131r.<\/p>\n<p style=\"text-align: justify;\">Elbette ki yakla\u015f\u0131k iki ayd\u0131r kamuoyunun g\u00fcndeminde olan bu meseleyi konu\u015ftu\u011fumuz ve yukar\u0131daki d\u00fc\u015f\u00fcnceleri tam anlam\u0131yla payla\u015fan birlikte siyaset yapt\u0131\u011f\u0131m\u0131z arkada\u015flar\u0131m\u0131za; talimat\u0131na uymakta he rzaman do\u011fruluk g\u00f6rd\u00fc\u011f\u00fcm\u00fcz ve bu konuda da bize a\u00e7\u0131k\u00e7a y\u00f6n veren b\u00fcy\u00fck milletimize te\u015fekk\u00fcr ediyorum. Say\u0131n Ba\u015fbakan\u0131m\u0131z ile yapt\u0131\u011f\u0131m\u0131z g\u00f6r\u00fc\u015fmede kendilerinin bize duydu\u011fu itimada te\u015fekk\u00fcr ederek Ak Parti\u2019nin ve milletin emrinde oldu\u011fumuzu ifade etti\u011fimi kamuoyuna sayg\u0131yla duyuruyorum.<\/p>\n<p style=\"text-align: justify;\">Allah, milletimizin yolunu a\u00e7\u0131k etsin&#8221;<\/p>\n<p style=\"text-align: justify;\"><a href=\"http:\/\/haber.gazetevatan.com\/soyludan-ak-parti-aciklamasi\/478268\/9\/Siyaset#.UEJwIsHN-Zc\" target=\"_blank\">Kaynak : VATAN Gazetesi<\/a><\/p>\n","protected":false},"excerpt":{"rendered":"<p style=\"text-align: justify;\">\n<p style=\"text-align: justify;\">DP Eski Genel Ba\u015fkan\u0131 S\u00fcleyman Soylu &#8221;Say\u0131n Ba\u015fbakan\u0131m\u0131z ile yapt\u0131\u011f\u0131m\u0131z g\u00f6r\u00fc\u015fmede kendilerinin bize duydu\u011fu itimada te\u015fekk\u00fcr ederek Ak Parti\u2019nin ve milletin emrinde oldu\u011fumuzu ifade etti\u011fimi kamuoyuna sayg\u0131yla duyuruyorum&#8221; dedi.<\/p>\n<p style=\"text-align: justify;\">Ba\u015fbakan Recep Tayyip Erdo\u011fan saat 12.30 s\u0131ralar\u0131nda K\u0131s\u0131kl\u0131&#8217;daki evinden \u00e7\u0131kt\u0131. Erdo\u011fan, Hali\u00e7 Kongre Merkezine ge\u00e7ti. Ba\u015fbakan Erdo\u011fan&#8217;\u0131n burada Demokrat <\/p>\n","protected":false},"author":1,"featured_media":0,"comment_status":"open","ping_status":"open","sticky":false,"template":"","format":"standard","meta":{"footnotes":""},"categories":[105],"tags":[],"class_list":["post-54777","post","type-post","status-publish","format-standard","hentry","category-gundem","odd"],"_links":{"self":[{"href":"http:\/\/www.korhanyilmaz.com\/index.php?rest_route=\/wp\/v2\/posts\/54777","targetHints":{"allow":["GET"]}}],"collection":[{"href":"http:\/\/www.korhanyilmaz.com\/index.php?rest_route=\/wp\/v2\/posts"}],"about":[{"href":"http:\/\/www.korhanyilmaz.com\/index.php?rest_route=\/wp\/v2\/types\/post"}],"author":[{"embeddable":true,"href":"http:\/\/www.korhanyilmaz.com\/index.php?rest_route=\/wp\/v2\/users\/1"}],"replies":[{"embeddable":true,"href":"http:\/\/www.korhanyilmaz.com\/index.php?rest_route=%2Fwp%2Fv2%2Fcomments&post=54777"}],"version-history":[{"count":0,"href":"http:\/\/www.korhanyilmaz.com\/index.php?rest_route=\/wp\/v2\/posts\/54777\/revisions"}],"wp:attachment":[{"href":"http:\/\/www.korhanyilmaz.com\/index.php?rest_route=%2Fwp%2Fv2%2Fmedia&parent=54777"}],"wp:term":[{"taxonomy":"category","embeddable":true,"href":"http:\/\/www.korhanyilmaz.com\/index.php?rest_route=%2Fwp%2Fv2%2Fcategories&post=54777"},{"taxonomy":"post_tag","embeddable":true,"href":"http:\/\/www.korhanyilmaz.com\/index.php?rest_route=%2Fwp%2Fv2%2Ftags&post=54777"}],"curies":[{"name":"wp","href":"https:\/\/api.w.org\/{rel}","templated":true}]}}