{"id":5477,"date":"2009-03-14T17:52:55","date_gmt":"2009-03-14T15:52:55","guid":{"rendered":"http:\/\/www.korhanyilmaz.com\/?p=5477"},"modified":"2009-03-14T17:52:55","modified_gmt":"2009-03-14T15:52:55","slug":"merakla-beklenen-iki-sehirde-son-durum","status":"publish","type":"post","link":"http:\/\/www.korhanyilmaz.com\/?p=5477","title":{"rendered":"Merakla beklenen iki \u015fehirde son durum"},"content":{"rendered":"<p style=\"text-align: center;\"><img loading=\"lazy\" decoding=\"async\" class=\"aligncenter size-full wp-image-5478\" title=\"Merakla beklenen iki \u015fehirde son durum \" src=\"http:\/\/www.korhanyilmaz.com\/wp-content\/uploads\/2009\/03\/150320090416305536147.jpg\" alt=\"Merakla beklenen iki \u015fehirde son durum \" width=\"376\" height=\"240\" \/><\/p>\n<p style=\"text-align: justify;\"><strong>Yar\u0131\u015f Ankara&#8217;da ba\u015fa ba\u015f Diyarbak\u0131r&#8217;da ise a\u00e7\u0131k ara<\/strong><\/p>\n<p style=\"text-align: justify;\">Yerel se\u00e7imler yakla\u015f\u0131rken, Ankara&#8217;da AKP ile CHP aras\u0131ndaki yar\u0131\u015f ba\u015fa ba\u015f giderken, Diyarbak\u0131r&#8217;da DTP ile AKP aras\u0131ndaki fark 36 puana \u00e7\u0131kt\u0131.<\/p>\n<p style=\"text-align: justify;\">EFG \u0130stanbul Menkul De\u011ferler taraf\u0131ndan Adil G\u00fcr liderli\u011findeki A&amp;G Ara\u015ft\u0131rma \u015eirketi&#8217;ne yapt\u0131r\u0131lan ankette,7-8 Mart aras\u0131nda Ankara&#8217;da 2 bin 437, Diyarbak\u0131r&#8217;da 2 bin 428 se\u00e7mene &#8220;29 Mart yerel se\u00e7imlerinde hangi partiye oy vereceksiniz&#8221; diye soruldu. Anketin sonu\u00e7lar\u0131 \u015f\u00f6yle:<\/p>\n<p style=\"text-align: justify;\"><strong>ANKARA:<\/strong> T\u00fcrkiye&#8217;nin toplam n\u00fcfusunun y\u00fczde 6.4&#8217;\u00fcn\u00fc bar\u0131nd\u0131ran ba\u015fkentte, AKP aday\u0131 Melih G\u00f6k\u00e7ek ile CHP aday\u0131 Murat Karayal\u00e7\u0131n aras\u0131ndaki yar\u0131\u015f ba\u015f aba\u015f hale geldi. Ankete g\u00f6re G\u00f6k\u00e7ek&#8217;in oy oran\u0131 y\u00fczde 32.8&#8217;i, Karayal\u00e7\u0131n&#8217;\u0131n y\u00fczde 27.6, MHP aday\u0131 Mansur Yava\u015f&#8217;\u0131nki de y\u00fczde 25.1 olarak hesapland\u0131. Se\u00e7menlerin y\u00fczde 11.4&#8217;\u00fc de karars\u0131z olduklar\u0131n\u0131 s\u00f6yledi. Karars\u0131z oylar, adaylara da\u011f\u0131t\u0131ld\u0131\u011f\u0131nda ise oy oranlar\u0131 \u015f\u00f6yle:<\/p>\n<p style=\"text-align: justify;\">AKP y\u00fczde 37, CHP y\u00fczde 31.2 ve MHP y\u00fczde 28.3. AKP Ba\u015fkent&#8217;te \u00f6nde gitmesine ra\u011fmen, 2004&#8217;teki yerel se\u00e7imlere ve 2007&#8217;deki genel se\u00e7imlere g\u00f6re oylarda d\u00fc\u015f\u00fc\u015f ya\u015f\u0131yor.<!--more--><\/p>\n<p style=\"text-align: justify;\">2004&#8217;teki yerel se\u00e7imlerde, AKP oylar\u0131n y\u00fczde 55.1&#8217;ini, CHP y\u00fczde 12.6&#8217;s\u0131n\u0131 ve MHP ise y\u00fczde 4.6&#8217;s\u0131n\u0131 alm\u0131\u015ft\u0131. 2007 genel se\u00e7imlerinde ise oy oranlar\u0131 \u015f\u00f6yleydi: AKP y\u00fczde 47.5, CHP y\u00fczde 28 ve MHP y\u00fczde 15.2<\/p>\n<p style=\"text-align: justify;\"><strong>D\u0130YARBAKIR:<\/strong> T\u00fcrkiye n\u00fcfusunun y\u00fczde 2&#8217;sini bar\u0131nd\u0131ran Diyarbak\u0131r&#8217;da ise AKP ile DTP aras\u0131ndaki fark gittik\u00e7e a\u00e7\u0131l\u0131yor. A&amp;G anketine g\u00f6re DTP aday\u0131 Osman Baydemir oylar\u0131n y\u00fczde 57.5&#8217;ini al\u0131rken, AKP&#8217;nin aday\u0131 Kutbettin Arzu&#8217;nun oy oran\u0131 ise y\u00fczde 21&#8217;de kal\u0131yor. Karars\u0131zlar\u0131n oran\u0131 ise y\u00fczde 20. Karars\u0131zlar da\u011f\u0131t\u0131ld\u0131\u011f\u0131nda ise DTP&#8217;nin oran\u0131 y\u00fczde 72.1, AKP&#8217;nin oran\u0131 ise y\u00fczde 26.3&#8217;e \u00e7\u0131k\u0131yor.<\/p>\n<p style=\"text-align: justify;\">Di\u011fer partiler ise y\u00fczde 1.6&#8217;da kal\u0131yor. 2004&#8217;teki yerel se\u00e7imlerde AKP oylar\u0131n y\u00fczde 35&#8217;ini, DEHAP-SHP koalisyonu ise y\u00fczde 58.3&#8217;\u00fcn\u00fc alm\u0131\u015ft\u0131. 2007 genel se\u00e7imlerinde ise oylar \u015f\u00f6yleydi: AKP y\u00fczde 40.9, DTP y\u00fczde 47.<\/p>\n<p style=\"text-align: justify;\"><span style=\"color: #888888;\">Kaynak : Vatan Gazetesi<\/span><\/p>\n","protected":false},"excerpt":{"rendered":"<p style=\"text-align: center;\">\n<p style=\"text-align: justify;\">Yar\u0131\u015f Ankara&#8217;da ba\u015fa ba\u015f Diyarbak\u0131r&#8217;da ise a\u00e7\u0131k ara<\/p>\n<p style=\"text-align: justify;\">Yerel se\u00e7imler yakla\u015f\u0131rken, Ankara&#8217;da AKP ile CHP aras\u0131ndaki yar\u0131\u015f ba\u015fa ba\u015f giderken, Diyarbak\u0131r&#8217;da DTP ile AKP aras\u0131ndaki fark 36 puana \u00e7\u0131kt\u0131.<\/p>\n<p style=\"text-align: justify;\">EFG \u0130stanbul Menkul De\u011ferler taraf\u0131ndan Adil G\u00fcr liderli\u011findeki A&amp;G Ara\u015ft\u0131rma \u015eirketi&#8217;ne yapt\u0131r\u0131lan ankette,7-8 Mart aras\u0131nda Ankara&#8217;da 2 <\/p>\n","protected":false},"author":1,"featured_media":0,"comment_status":"open","ping_status":"closed","sticky":false,"template":"","format":"standard","meta":{"footnotes":""},"categories":[105],"tags":[],"class_list":["post-5477","post","type-post","status-publish","format-standard","hentry","category-gundem","odd"],"_links":{"self":[{"href":"http:\/\/www.korhanyilmaz.com\/index.php?rest_route=\/wp\/v2\/posts\/5477","targetHints":{"allow":["GET"]}}],"collection":[{"href":"http:\/\/www.korhanyilmaz.com\/index.php?rest_route=\/wp\/v2\/posts"}],"about":[{"href":"http:\/\/www.korhanyilmaz.com\/index.php?rest_route=\/wp\/v2\/types\/post"}],"author":[{"embeddable":true,"href":"http:\/\/www.korhanyilmaz.com\/index.php?rest_route=\/wp\/v2\/users\/1"}],"replies":[{"embeddable":true,"href":"http:\/\/www.korhanyilmaz.com\/index.php?rest_route=%2Fwp%2Fv2%2Fcomments&post=5477"}],"version-history":[{"count":0,"href":"http:\/\/www.korhanyilmaz.com\/index.php?rest_route=\/wp\/v2\/posts\/5477\/revisions"}],"wp:attachment":[{"href":"http:\/\/www.korhanyilmaz.com\/index.php?rest_route=%2Fwp%2Fv2%2Fmedia&parent=5477"}],"wp:term":[{"taxonomy":"category","embeddable":true,"href":"http:\/\/www.korhanyilmaz.com\/index.php?rest_route=%2Fwp%2Fv2%2Fcategories&post=5477"},{"taxonomy":"post_tag","embeddable":true,"href":"http:\/\/www.korhanyilmaz.com\/index.php?rest_route=%2Fwp%2Fv2%2Ftags&post=5477"}],"curies":[{"name":"wp","href":"https:\/\/api.w.org\/{rel}","templated":true}]}}