{"id":54769,"date":"2012-08-31T16:17:04","date_gmt":"2012-08-31T13:17:04","guid":{"rendered":"http:\/\/www.korhanyilmaz.com\/?p=54769"},"modified":"2012-09-01T09:49:45","modified_gmt":"2012-09-01T06:49:45","slug":"hasimiden-cok-konusulacak-sozler","status":"publish","type":"post","link":"http:\/\/www.korhanyilmaz.com\/?p=54769","title":{"rendered":"Ha\u015fimi&#8217;den \u00e7ok konu\u015fulacak s\u00f6zler!"},"content":{"rendered":"<p style=\"text-align: center;\"><a href=\"http:\/\/www.korhanyilmaz.com\/wp-content\/uploads\/2012\/09\/H575.jpg\"  class=\"lightview\"><img loading=\"lazy\" decoding=\"async\" class=\"aligncenter  wp-image-54770\" src=\"http:\/\/www.korhanyilmaz.com\/wp-content\/uploads\/2012\/09\/H575.jpg\" alt=\"\" width=\"434\" height=\"217\" \/><\/a><\/p>\n<p style=\"text-align: justify;\">Irak&#8217;\u0131n s\u00fcrg\u00fcndeki siyasisi Ha\u015fimi, T\u00fcrkiye&#8217;deki PKK sald\u0131r\u0131lar\u0131nda art\u0131\u015f olaca\u011f\u0131n\u0131 s\u00f6yledi.<\/p>\n<p style=\"text-align: justify;\">Irak\u2019\u0131n s\u00fcrg\u00fcndeki Cumhurba\u015fkan\u0131 Yard\u0131mc\u0131s\u0131 Tar\u0131k Ha\u015fimi, T\u00fcrkiye\u2019nin Suriye halk\u0131na verdi\u011fi deste\u011fin bedelini PKK sald\u0131r\u0131lar\u0131yla \u00f6dedi\u011fini ve \u00f6n\u00fcm\u00fczdeki d\u00f6nemde T\u00fcrkiye\u2019deki PKK sald\u0131r\u0131lar\u0131nda art\u0131\u015f olaca\u011f\u0131n\u0131 tahmin etti\u011fini s\u00f6yledi.<\/p>\n<p style=\"text-align: justify;\">Hurriyet Daily News muhabiri \u0130pek Yezdani\u2019ye konu\u015fan Ha\u015fimi, Irak\u2019\u0131n \u015eii Ba\u015fbakan\u0131 Nuri El Maliki taraf\u0131ndan \u201c\u015eii yetkilileri hedefleyen \u00f6l\u00fcm timleri kurmak\u201d su\u00e7lamas\u0131yla itham edilmi\u015f, hakk\u0131nda a\u00e7\u0131lan davan\u0131n ard\u0131ndan \u00f6nce Kuzey Irak K\u00fcrt Y\u00f6netimi\u2019ne, daha sonra da T\u00fcrkiye\u2019ye s\u0131\u011f\u0131nm\u0131\u015ft\u0131.\u00a0<!--more--><\/p>\n<p style=\"text-align: justify;\">T\u00fcrk H\u00fck\u00fcmeti\u2019nin korumas\u0131 alt\u0131nda \u0130stanbul Ba\u015fak\u015fehir\u2019de ya\u015fayan Ha\u015fimi, T\u00fcrkiye\u2019de son d\u00f6nemde artan PKK ter\u00f6r\u00fcn\u00fcn T\u00fcrkiye\u2019nin Suriye halk\u0131na verdi\u011fi deste\u011fin bedeli oldu\u011funu s\u00f6yledi.<\/p>\n<p style=\"text-align: justify;\">Irak\u2019\u0131n en \u00fcst d\u00fczeyde S\u00fcnni yetkilisi olan Ha\u015fimi, \u201cBen PKK sald\u0131r\u0131lar\u0131n\u0131n \u00f6n\u00fcm\u00fczdeki d\u00f6nemde daha da artaca\u011f\u0131n\u0131 tahmin ediyorum \u00e7\u00fcnk\u00fc Suriye, b\u00f6lgedeki di\u011fer baz\u0131 g\u00fc\u00e7lerle birlikte T\u00fcrkiye\u2019ye \u015fantaj yapmak i\u00e7in \u015fu anda PKK kart\u0131n\u0131 kullan\u0131yor\u201d dedi.<\/p>\n<p style=\"text-align: justify;\">Ha\u015fimi, T\u00fcrkiye\u2019nin PKK\u2019n\u0131n tasfiyesi i\u00e7in Kuzey Irak\u2019taki K\u00fcrt Y\u00f6netimi\u2019yle g\u00f6r\u00fc\u015fmesini de \u201czaman kayb\u0131\u201d olarak g\u00f6rd\u00fc\u011f\u00fcn\u00fc s\u00f6yledi. Ha\u015fimi, \u201cPKK ter\u00f6r\u00fcn\u00fc durdurmak istiyorsan\u0131z, T\u00fcrkiye\u2019nin dostu bir ki\u015fi olarak benim na\u00e7izane tavsiyem konunun muhataplar\u0131yla do\u011frudan g\u00f6r\u00fc\u015fmenizdir. T\u00fcrkiye tarihi ve \u00e7ok farkl\u0131 bir ad\u0131m atabilir. Ba\u015fka \u015feylerle bo\u015funa vakit kaybetmeyin\u201d diye konu\u015ftu.<\/p>\n<p style=\"text-align: justify;\"><strong>\u201cIRAK&#8217;TAN SUR\u0130YE REJ\u0130M\u0130NE DESTEK YA\u011eIYOR\u201d\u00a0<\/strong><\/p>\n<p style=\"text-align: justify;\">Ha\u015fimi ayr\u0131ca Irak Ba\u015fbakan\u0131 Nuri El Maliki\u2019nin Suriye rejimine verdi\u011fi destek nedeniyle Irak\u2019\u0131n neredeyse bir \u201cSuriye rejimine destek koridoru\u201d haline geldi\u011fini s\u00f6yledi.<\/p>\n<p style=\"text-align: justify;\">Ha\u015fimi, \u201cMaliki Suriye rejiminin askerlerine katliamlar\u0131nda destek vermesi i\u00e7in Suriye\u2019ye eli silahl\u0131 militanlar bile g\u00f6nderdi. Hatta bu Irakl\u0131klardan bir k\u0131sm\u0131n\u0131 muhalefetteki \u00d6zg\u00fcr Suriye Ordusu yakalad\u0131 ve onlara ama\u00e7lar\u0131n\u0131 itiraf ettirdi. Silahl\u0131 g\u00fc\u00e7ler, cephanelik ve para gibi her \u015fey Irak\u2019tan kolayca Suriye\u2019ye g\u00f6nderilebiliyor\u201d diye konu\u015ftu.<\/p>\n<p style=\"text-align: justify;\"><strong>T\u00dcRK\u0130YE&#8217;YE KA\u00c7MI\u015eTI\u00a0<\/strong><\/p>\n<p style=\"text-align: justify;\">Irak\u2019\u0131n ba\u015fkenti Ba\u011fdat\u2019ta g\u0131yab\u0131nda yarg\u0131lanmaya devam eden Cumhurba\u015fkan Yard\u0131mc\u0131s\u0131 Ha\u015fimi, yakla\u015f\u0131k d\u00f6rt ayd\u0131r T\u00fcrkiye\u2019de bulunuyor. S\u00fcnni olan Ha\u015fimi, bir \u00f6l\u00fcm tugay\u0131 olu\u015fturarak \u015eii toplumunun \u00f6nde gelen isimlerine suikastlar d\u00fczenlemekle su\u00e7lan\u0131yor.<\/p>\n<p style=\"text-align: justify;\">Ankara, Ba\u011fdat y\u00f6netiminin hakk\u0131nda Interpol\u2019den K\u0131rm\u0131z\u0131 B\u00fclten \u00e7\u0131kard\u0131\u011f\u0131 Ha\u015fimi\u2019nin Irak\u2019a iadesinin s\u00f6z konusu olmad\u0131\u011f\u0131n\u0131 a\u00e7\u0131klad\u0131.<\/p>\n<p style=\"text-align: justify;\">Ha\u015fimi ise hakk\u0131ndaki iddialar\u0131n siyasi bir komplo oldu\u011funu \u00f6ne s\u00fcr\u00fcyor.<\/p>\n<p style=\"text-align: justify;\"><a href=\"http:\/\/haber.gazetevatan.com\/hasimiden-cok-konusulacak-sozler\/478061\/1\/G%C3%BCndem#.UEGuvcHN-Zc\" target=\"_blank\">Kaynak : VATAN Gazetesi<\/a><\/p>\n","protected":false},"excerpt":{"rendered":"<p style=\"text-align: center;\">\n<p style=\"text-align: justify;\">Irak&#8217;\u0131n s\u00fcrg\u00fcndeki siyasisi Ha\u015fimi, T\u00fcrkiye&#8217;deki PKK sald\u0131r\u0131lar\u0131nda art\u0131\u015f olaca\u011f\u0131n\u0131 s\u00f6yledi.<\/p>\n<p style=\"text-align: justify;\">Irak\u2019\u0131n s\u00fcrg\u00fcndeki Cumhurba\u015fkan\u0131 Yard\u0131mc\u0131s\u0131 Tar\u0131k Ha\u015fimi, T\u00fcrkiye\u2019nin Suriye halk\u0131na verdi\u011fi deste\u011fin bedelini PKK sald\u0131r\u0131lar\u0131yla \u00f6dedi\u011fini ve \u00f6n\u00fcm\u00fczdeki d\u00f6nemde T\u00fcrkiye\u2019deki PKK sald\u0131r\u0131lar\u0131nda art\u0131\u015f olaca\u011f\u0131n\u0131 tahmin etti\u011fini s\u00f6yledi.<\/p>\n<p style=\"text-align: justify;\">Hurriyet Daily News muhabiri \u0130pek Yezdani\u2019ye konu\u015fan Ha\u015fimi, Irak\u2019\u0131n \u015eii <\/p>\n","protected":false},"author":1,"featured_media":0,"comment_status":"open","ping_status":"open","sticky":false,"template":"","format":"standard","meta":{"footnotes":""},"categories":[105],"tags":[],"class_list":["post-54769","post","type-post","status-publish","format-standard","hentry","category-gundem","odd"],"_links":{"self":[{"href":"http:\/\/www.korhanyilmaz.com\/index.php?rest_route=\/wp\/v2\/posts\/54769","targetHints":{"allow":["GET"]}}],"collection":[{"href":"http:\/\/www.korhanyilmaz.com\/index.php?rest_route=\/wp\/v2\/posts"}],"about":[{"href":"http:\/\/www.korhanyilmaz.com\/index.php?rest_route=\/wp\/v2\/types\/post"}],"author":[{"embeddable":true,"href":"http:\/\/www.korhanyilmaz.com\/index.php?rest_route=\/wp\/v2\/users\/1"}],"replies":[{"embeddable":true,"href":"http:\/\/www.korhanyilmaz.com\/index.php?rest_route=%2Fwp%2Fv2%2Fcomments&post=54769"}],"version-history":[{"count":0,"href":"http:\/\/www.korhanyilmaz.com\/index.php?rest_route=\/wp\/v2\/posts\/54769\/revisions"}],"wp:attachment":[{"href":"http:\/\/www.korhanyilmaz.com\/index.php?rest_route=%2Fwp%2Fv2%2Fmedia&parent=54769"}],"wp:term":[{"taxonomy":"category","embeddable":true,"href":"http:\/\/www.korhanyilmaz.com\/index.php?rest_route=%2Fwp%2Fv2%2Fcategories&post=54769"},{"taxonomy":"post_tag","embeddable":true,"href":"http:\/\/www.korhanyilmaz.com\/index.php?rest_route=%2Fwp%2Fv2%2Ftags&post=54769"}],"curies":[{"name":"wp","href":"https:\/\/api.w.org\/{rel}","templated":true}]}}