{"id":54765,"date":"2012-08-31T22:46:04","date_gmt":"2012-08-31T19:46:04","guid":{"rendered":"http:\/\/www.korhanyilmaz.com\/?p=54765"},"modified":"2012-09-01T09:35:22","modified_gmt":"2012-09-01T06:35:22","slug":"erdogan-aygunun-kacirildigina-inanmiyorum","status":"publish","type":"post","link":"http:\/\/www.korhanyilmaz.com\/?p=54765","title":{"rendered":"Erdo\u011fan: Ayg\u00fcn&#8217;\u00fcn ka\u00e7\u0131r\u0131ld\u0131\u011f\u0131na inanm\u0131yorum"},"content":{"rendered":"<p style=\"text-align: center;\"><a href=\"http:\/\/www.korhanyilmaz.com\/wp-content\/uploads\/2012\/09\/H574.jpg\"  class=\"lightview\"><img loading=\"lazy\" decoding=\"async\" class=\"aligncenter  wp-image-54766\" src=\"http:\/\/www.korhanyilmaz.com\/wp-content\/uploads\/2012\/09\/H574.jpg\" alt=\"\" width=\"371\" height=\"213\" \/><\/a><\/p>\n<p style=\"text-align: justify;\">Ba\u015fbakan Erdo\u011fan, CHP Tunceli Milletvekili H\u00fcseyin Ayg\u00fcn\u2019\u00fcn PKK taraf\u0131ndan ka\u00e7\u0131r\u0131lmas\u0131n\u0131n inand\u0131r\u0131c\u0131 olmad\u0131\u011f\u0131n\u0131 s\u00f6yledi.<\/p>\n<p style=\"text-align: justify;\">Kanalt\u00fcrk televizyonunda gazetecilerin g\u00fcndeme ili\u015fkin sorular\u0131n\u0131 yan\u0131tlayan Erdo\u011fan, konuyla ilgili kamuoyu ara\u015ft\u0131rmas\u0131 yapt\u0131klar\u0131n\u0131 ve halk\u0131n b\u00fcy\u00fck b\u00f6l\u00fcm\u00fcn\u00fcn de Ayg\u00fcn\u2019\u00fcn ka\u00e7\u0131r\u0131lm\u0131\u015f olmas\u0131n\u0131 inand\u0131r\u0131c\u0131 bulmad\u0131\u011f\u0131n\u0131 s\u00f6yledi.\u00a0<!--more--><\/p>\n<p style=\"text-align: justify;\">Erdo\u011fan\u2019a, ara\u015ft\u0131rma sonu\u00e7lar\u0131n\u0131 a\u00e7\u0131klamas\u0131n\u0131n ard\u0131ndan, \u2018sizin d\u00fc\u015f\u00fcnceniz ne?\u2019 diye soruldu ve yan\u0131t, &#8220;\u015e\u00fcphelerim var, inanm\u0131yorum&#8221; oldu.<\/p>\n<p style=\"text-align: justify;\">Medyaya da y\u00fcklenen Erdo\u011fan, konuyla ilgili \u015funlar\u0131 s\u00f6yledi:<\/p>\n<p style=\"text-align: justify;\">&#8220;Benim il ba\u015fkan\u0131m ka\u00e7\u0131r\u0131l\u0131yor, medya bunu konu etmiyor. Bir milletrevkili ka\u00e7\u0131r\u0131l\u0131nca g\u00fcnlerce yaz\u0131ld\u0131. Benim il ba\u015fkan\u0131m da siyaseyet yap\u0131yor. Ona sahip \u00e7\u0131kmayacaks\u0131n ama CHP\u2019li milletvekili arkada\u015f\u0131m\u0131z ka\u00e7\u0131r\u0131ld\u0131\u011f\u0131nda \u2018T\u00fcrkiye ter\u00f6r \u00f6rg\u00fct\u00fcn\u00fcn hakimiyetine girmi\u015f\u2019 gibi yay\u0131nlar yapacaks\u0131n.<\/p>\n<p style=\"text-align: justify;\">&#8216;Vekil hakk\u0131nda \u2018PKK\u2019ya kar\u015f\u0131 a\u00e7\u0131klamalar\u0131 var\u2019 ifadeleri kullanacaks\u0131n. Bu bir operasyondur. Milletvekili, \u2018beni ter\u00f6ristler ka\u00e7\u0131rd\u0131\u2019 demeyecek&#8230;<\/p>\n<p style=\"text-align: justify;\"><strong>&#8220;HALK \u0130NANMIYOR&#8221;<\/strong><\/p>\n<p style=\"text-align: justify;\">Biz kamuoyu ara\u015ft\u0131rmas\u0131 yapt\u0131k ve bu olaya kimse inanm\u0131yor. Halk ka\u00e7\u0131r\u0131lma olay\u0131na inanm\u0131yor. \u2018B\u00f6lgede \u00e7ok ciddi g\u00fcvenlik a\u00e7\u0131\u011f\u0131 var\u2019 diyenler y\u00fczde 21, &#8216;kar\u015f\u0131l\u0131kl\u0131 planlanm\u0131\u015f bir eylem&#8217; diyenler y\u00fczde 54.<\/p>\n<p style=\"text-align: justify;\">(Soru: Siz ne d\u00fc\u015f\u00fcn\u00fcyorsunuz?) \u015e\u00fcphelerim var, inanm\u0131yorum. Kendi il ba\u015fkanlar\u0131m, ba\u015fkan yard\u0131mc\u0131lar\u0131m ka\u00e7\u0131r\u0131ld\u0131 ve i\u00e7lerinden d\u00f6nmeyenler var. Kaymakam\u0131m hala d\u00f6nmeyecek, \u00f6\u011fretmenler de d\u00f6yle&#8230;<\/p>\n<p style=\"text-align: justify;\">Bu i\u015flerin \u00fczerinde \u00e7ok hassas durmam\u0131z laz\u0131m. Kendilerini g\u00fcndemde tutmaya y\u00f6nelik ad\u0131mlard\u0131r bunlar. G\u00f6rsel ve yazl\u0131 medya da buna destek veriyor. Medya bu \u015fekilde davran\u0131rsa i\u015f zorla\u015f\u0131r. Bunlar g\u00f6rmezden gelinecek. Amerikan, Frans\u0131z, \u0130nigliz medyas\u0131 nas\u0131l davran\u0131yor bak\u0131ls\u0131n; g\u00fcndemde tutmazlar.&#8221;<\/p>\n<p style=\"text-align: justify;\"><strong>SELAHATT\u0130N DEM\u0130RTA\u015e&#8217;A YANIT\u00a0<\/strong><\/p>\n<p style=\"text-align: justify;\">\u201cSon olarak e\u015f bakanlar\u0131n\u0131ndan birinin \u2018400 km PKK&#8217;n\u0131n kontrol\u00fc alt\u0131ndad\u0131r\u2019 a\u00e7\u0131klamas\u0131 bu \u00fclkede herkesin ci\u011ferini da\u011flad\u0131. Bu ifade yalan. Sen kimden yanas\u0131n. Ter\u00f6rden yana m\u0131s\u0131n, ter\u00f6r\u00fc yok etmek isteyenlerden yana m\u0131s\u0131n? Anadolu\u2019da bir laf var \u2018domuzdan yana m\u0131s\u0131n bizden yana m\u0131s\u0131n?\u00a0TBMM&#8217;de bulunan bir siyasi partinin e\u015f ba\u015fkan\u0131 olarak bu ifadeyi neye g\u00f6re kullan\u0131yorsun. 400 bin metreyi nas\u0131l oluyor da kontrol alt\u0131na al\u0131yorlar, nas\u0131l ve neye g\u00f6re tespit ettiniz?\u00a0Bunlar siyaset\u00e7i olmaktan \u00e7\u0131kt\u0131lar. Ter\u00f6ristle kucakla\u015fana nas\u0131l siyaset\u00e7i diyelim. O g\u00fcn 9 milletvekilinin g\u00f6sterdi\u011fi tablo yenilir yutulur bir tablo de\u011fil. Biz b\u00f6yle bir vekil tan\u0131m\u0131yoruz.\u00a0M\u00fczakere s\u00fcreci kapand\u0131. Bunlarla neyin m\u00fczakeresini yapacaks\u0131n.\u201d<\/p>\n<p style=\"text-align: justify;\"><strong>\u00c7\u0130\u00c7EK\u2019\u0130N METN\u0130NE ELE\u015eT\u0130R\u0130<\/strong><\/p>\n<p style=\"text-align: justify;\"><strong>(Meclis Ba\u015fkan\u0131\u2019n\u0131n mutabakat metni ve Ba\u015fbakan Yard\u0131mc\u0131s\u0131 B\u00fclent Ar\u0131n\u00e7\u2019\u0131n \u00e7\u0131k\u0131\u015f\u0131)\u00a0<\/strong><\/p>\n<p style=\"text-align: justify;\">&#8220;Say\u0131n \u00c7i\u00e7ek\u2019in iyi niyetinden \u015f\u00fcphem yok. Fakat bug\u00fcne kadar yapt\u0131\u011f\u0131 uygulamay\u0131 tekrarlasayd\u0131 isabet olurdu. Yani grup ba\u015fkanvekilleriyle biraraya gelip i\u015fi de\u011ferlendirseydi isabet olurdu. \u00d6yle \u015feyler var ki kat\u0131lmak m\u00fcmk\u00fcn de\u011fil.<\/p>\n<p style=\"text-align: justify;\">4. madde de, 5. madde de&#8230; Kendisi h\u00fck\u00fcmet s\u00f6zc\u00fcs\u00fcyken \u00e7ok a\u00e7\u0131k ifadeleri vard\u0131r. Biz her zaman g\u00fcvenlik g\u00fc\u00e7lerimize &#8216;bir ihtiyac\u0131n\u0131z var m\u0131?&#8217; diye sorar\u0131z. Kendilerinin ifadesi de \u2018ne istediysek h\u00fck\u00fcmet vermi\u015ftir\u2019 \u015feklindedir. Bizden bir \u015fey talep edecekler ve biz vermeyece\u011fiz. Asla, kimse bunu ifade edemez.<\/p>\n<p style=\"text-align: justify;\">9. madde, \u015fehitlerle alakal\u0131&#8230; Baz\u0131lar\u0131 zannediyor ki \u015fehit yak\u0131nlar\u0131 terk ediliyor, ihmal ediliyor. (Erdo\u011fan burada yard\u0131m miktarlar\u0131n\u0131 a\u00e7\u0131klad\u0131 ve rakam\u0131n 450 bin TL\u2019lere \u00e7\u0131kt\u0131\u011f\u0131n\u0131 s\u00f6yledi)&#8221;<\/p>\n<p style=\"text-align: justify;\"><strong>&#8220;ESAD S\u0130YAS\u0130 B\u0130R MEFTADIR&#8221;<\/strong><\/p>\n<p style=\"text-align: justify;\"><strong>(Esad\u2019a ne kadar \u00f6m\u00fcr bi\u00e7iyorsunuz?)<\/strong><\/p>\n<p style=\"text-align: justify;\">&#8220;Esad siyasi \u00f6mr\u00fcn\u00fc tamamlam\u0131\u015ft\u0131r ve \u015fu anda siyaset\u00e7i gibi davranmamaktad\u0131r.<\/p>\n<p style=\"text-align: justify;\">D\u00f6k\u00fclen kan\u0131n sorumlusu olarak T\u00fcrkiye\u2019yi sorumlu tutan Esad, a\u011fz\u0131ndan \u00e7\u0131kan\u0131 kula\u011f\u0131 duymayan bir hale gelmi\u015ftir. T\u00fcrkiye Suriye halk\u0131n\u0131n yan\u0131ndad\u0131r, zalim Esad rejiminin yan\u0131nda de\u011fildir&#8230; Esad\u0131\u2019n i\u015fi zorla\u015f\u0131yor ve ben kendisine siyasi mefta diyorum.<\/p>\n<p style=\"text-align: justify;\">Yapt\u0131\u011f\u0131m\u0131z kamuoyu ara\u015ft\u0131rmas\u0131nda, \u2018bir tehdit gelmesi durumunda Suriye\u2019ye bir m\u00fcdahalede bulunulmal\u0131 m\u0131?\u2019 sorusuna y\u00fczde 58 \u2018evet\u2019 yan\u0131t\u0131 al\u0131nd\u0131. Suriye politikas\u0131na y\u00f6nelik de ortalama y\u00fczde 49\u2019larda onay veriliyor&#8230;<\/p>\n<p style=\"text-align: justify;\">Tampon b\u00f6lge ile u\u00e7u\u015fa yasakl\u0131 b\u00f6lge birlikte de\u011ferlendirilmeli. U\u00e7u\u015fa yasak b\u00f6lge ilan edilmeden tampon b\u00f6lge ilan edemezsiniz. Aksi durum bir risktir ve kar\u015f\u0131m\u0131za Srabrenitsa gibi bir manzara \u00e7\u0131kar\u0131r. Onbinlerce insan\u0131n bedelini tarihe \u00f6deyemezsiniz. Say\u0131n Davuto\u011flu\u2019nun ABD seyahatinin alt\u0131nda yatan da budur. B\u00f6yle bir karar\u0131n \u00e7\u0131kmas\u0131 laz\u0131m ki ad\u0131m atas\u0131n\u0131z.&#8221;<\/p>\n<p style=\"text-align: justify;\"><strong>&#8220;HALA ESAD&#8217;I SAVUNUYOR&#8221;<\/strong><\/p>\n<p style=\"text-align: justify;\">&#8220;&#8216;T\u00fcrkiye muhaliflere silah g\u00f6nderiyor&#8217; deniyor. Bunu ana muhalafet partisi lideri nas\u0131l s\u00f6yler. Yap\u0131lan insani yard\u0131mlar\u0131 nas\u0131l bu tarafa \u00e7eker.<\/p>\n<p style=\"text-align: justify;\">Suriye\u2019den gelenlerin Hatay\u2019da ahlaki olmayan baz\u0131 ad\u0131mlar att\u0131klar\u0131n\u0131, oralarda gayri me\u015fru i\u015felerin yap\u0131ld\u0131\u011f\u0131 s\u00f6ylediler. Valim 24 saat orada ve \u2018b\u00f6yle bir \u015fey s\u00f6z konusu de\u011fil\u2019 diyor. Bunu \u00fczerine hala konu\u015fuyor.<\/p>\n<p style=\"text-align: justify;\">Bu \u00fclkenin bir izzet-i nefsi var. Mevcut h\u00fck\u00fcmeti savunaca\u011f\u0131 yerde Esad\u2019\u0131 savunuyor; o rejimden yana. Ben de \u2018sen Baas\u2019\u00e7\u0131s\u0131n\u2019 deyince k\u0131z\u0131yor. Niye k\u0131z\u0131yorsun ki, onunla ayn\u0131 \u015fekilde hareket ediyorlar.&#8221;<\/p>\n<p style=\"text-align: justify;\"><strong>&#8220;UYGUN G\u00d6RD\u00dc\u011e\u00dcM\u00dcZ KAMPA G\u00d6NDER\u0130R\u0130Z&#8221;<\/strong><\/p>\n<p style=\"text-align: justify;\"><strong>(CHP\u2019li vekillerin Suriyelilerin kald\u0131\u011f\u0131 kampa girememesi)<\/strong><\/p>\n<p style=\"text-align: justify;\">&#8220;&#8216;Kampalar girece\u011fim\u2019 diyor. Nas\u0131l girece\u011finin emrini biz veririz, oras\u0131 yol ge\u00e7en han\u0131 de\u011fil. \u0130nsan haklar\u0131 komisyonu girdi ve inceleme raporu var;talepleri oldu yine girecekler. Kamp yerlerini \u015fov merkezi haline d\u00f6n\u00fc\u015ft\u00fcremeyiz. K\u0131l\u0131\u00e7daro\u011flu istiyorsa talep eder, biz \u2018\u015fu kamp uygundur\u2019 deriz, g\u00f6ndeririz. \u2018Biz \u015furaya girmek istiyoruz, buraya girmek istiyoruz\u2019 olmaz, zab\u0131ta m\u0131s\u0131n sen istedi\u011fin yere gireceksin. Oradaki insanlar\u0131n can g\u00fcvenli\u011fi s\u00f6z konusu&#8230;<\/p>\n<p style=\"text-align: justify;\"><strong>&#8220;EVLATLARINA \u0130HANET ED\u0130YORLAR&#8221;<\/strong><\/p>\n<p style=\"text-align: justify;\"><strong>(4+4+4\u2019teki 66 ay meselesi)<\/strong><\/p>\n<p style=\"text-align: justify;\">&#8220;Rapor alanlar\u0131 evlatlar\u0131na ihanetle vas\u0131fland\u0131r\u0131yorum. \u2018Benim evlad\u0131m geri zekal\u0131\u2019&#8230; \u0130ki ayda m\u0131 iyi hale gelecek. Biz de \u00e7ocuklar\u0131m\u0131z\u0131 ya\u015flar\u0131 gelmeden okula ba\u015flatt\u0131k. Okul \u00f6ncesi e\u011fitim nedeniyle bir \u00e7ocu\u011fum birinci s\u0131n\u0131f\u0131 okumadan ikiden ba\u015flad\u0131. 66 ay\u0131 s\u00f6ylerken rastgele atmad\u0131k ki biz bunu, incelemer yapt\u0131rd\u0131k.&#8221;<\/p>\n<p style=\"text-align: justify;\"><a href=\"http:\/\/www.ntvmsnbc.com\/id\/25378402\" target=\"_blank\">Kaynak : NTVMSNBC<\/a><\/p>\n","protected":false},"excerpt":{"rendered":"<p style=\"text-align: center;\">\n<p style=\"text-align: justify;\">Ba\u015fbakan Erdo\u011fan, CHP Tunceli Milletvekili H\u00fcseyin Ayg\u00fcn\u2019\u00fcn PKK taraf\u0131ndan ka\u00e7\u0131r\u0131lmas\u0131n\u0131n inand\u0131r\u0131c\u0131 olmad\u0131\u011f\u0131n\u0131 s\u00f6yledi.<\/p>\n<p style=\"text-align: justify;\">Kanalt\u00fcrk televizyonunda gazetecilerin g\u00fcndeme ili\u015fkin sorular\u0131n\u0131 yan\u0131tlayan Erdo\u011fan, konuyla ilgili kamuoyu ara\u015ft\u0131rmas\u0131 yapt\u0131klar\u0131n\u0131 ve halk\u0131n b\u00fcy\u00fck b\u00f6l\u00fcm\u00fcn\u00fcn de Ayg\u00fcn\u2019\u00fcn ka\u00e7\u0131r\u0131lm\u0131\u015f olmas\u0131n\u0131 inand\u0131r\u0131c\u0131 bulmad\u0131\u011f\u0131n\u0131 s\u00f6yledi. <\/p>\n","protected":false},"author":1,"featured_media":0,"comment_status":"open","ping_status":"open","sticky":false,"template":"","format":"standard","meta":{"footnotes":""},"categories":[105],"tags":[],"class_list":["post-54765","post","type-post","status-publish","format-standard","hentry","category-gundem","odd"],"_links":{"self":[{"href":"http:\/\/www.korhanyilmaz.com\/index.php?rest_route=\/wp\/v2\/posts\/54765","targetHints":{"allow":["GET"]}}],"collection":[{"href":"http:\/\/www.korhanyilmaz.com\/index.php?rest_route=\/wp\/v2\/posts"}],"about":[{"href":"http:\/\/www.korhanyilmaz.com\/index.php?rest_route=\/wp\/v2\/types\/post"}],"author":[{"embeddable":true,"href":"http:\/\/www.korhanyilmaz.com\/index.php?rest_route=\/wp\/v2\/users\/1"}],"replies":[{"embeddable":true,"href":"http:\/\/www.korhanyilmaz.com\/index.php?rest_route=%2Fwp%2Fv2%2Fcomments&post=54765"}],"version-history":[{"count":0,"href":"http:\/\/www.korhanyilmaz.com\/index.php?rest_route=\/wp\/v2\/posts\/54765\/revisions"}],"wp:attachment":[{"href":"http:\/\/www.korhanyilmaz.com\/index.php?rest_route=%2Fwp%2Fv2%2Fmedia&parent=54765"}],"wp:term":[{"taxonomy":"category","embeddable":true,"href":"http:\/\/www.korhanyilmaz.com\/index.php?rest_route=%2Fwp%2Fv2%2Fcategories&post=54765"},{"taxonomy":"post_tag","embeddable":true,"href":"http:\/\/www.korhanyilmaz.com\/index.php?rest_route=%2Fwp%2Fv2%2Ftags&post=54765"}],"curies":[{"name":"wp","href":"https:\/\/api.w.org\/{rel}","templated":true}]}}