{"id":54758,"date":"2012-08-31T14:32:15","date_gmt":"2012-08-31T11:32:15","guid":{"rendered":"http:\/\/www.korhanyilmaz.com\/?p=54758"},"modified":"2012-09-01T08:51:58","modified_gmt":"2012-09-01T05:51:58","slug":"keskin-demirtas-cok-iddiali","status":"publish","type":"post","link":"http:\/\/www.korhanyilmaz.com\/?p=54758","title":{"rendered":"Keskin: Demirta\u015f \u00e7ok iddial\u0131"},"content":{"rendered":"<p style=\"text-align: center;\"><a href=\"http:\/\/www.korhanyilmaz.com\/wp-content\/uploads\/2012\/09\/H572.jpg\"  class=\"lightview\"><img loading=\"lazy\" decoding=\"async\" class=\"aligncenter  wp-image-54759\" src=\"http:\/\/www.korhanyilmaz.com\/wp-content\/uploads\/2012\/09\/H572.jpg\" alt=\"\" width=\"422\" height=\"192\" \/><\/a><\/p>\n<p style=\"text-align: justify;\">CHP Genel Ba\u015fkan Yard\u0131mc\u0131s\u0131 Adnan Keskin, &#8221;BDP milletvekillerinin, PKK militanlar\u0131yla yolda kar\u015f\u0131la\u015fma g\u00f6r\u00fcnt\u00fclerinin Say\u0131n Ba\u015fbakan\u0131 rahats\u0131z etti\u011fi kanaatindeyim&#8221; dedi.<\/p>\n<p style=\"text-align: justify;\">\u0130ZM\u0130R &#8211; CHP Genel Ba\u015fkan Yard\u0131mc\u0131s\u0131 Adnan Keskin, BDP milletvekilleri ile ter\u00f6r \u00f6rg\u00fct\u00fc PKK&#8217;n\u0131n militanlar\u0131n\u0131n bir arada yer ald\u0131\u011f\u0131 g\u00f6r\u00fcnt\u00fclerin, Ba\u015fbakan Recep Tayyip Erdo\u011fan&#8217;\u0131 rahats\u0131z etti\u011fi kanaatinde oldu\u011funu s\u00f6yledi.\u00a0<!--more--><\/p>\n<p style=\"text-align: justify;\">TBMM Ba\u015fkanvekili G\u00fcldal Mumcu ile CHP Genel Ba\u015fkan Yard\u0131mc\u0131lar\u0131 Adnan Keskin ve Haluk Ko\u00e7, CHP \u0130zmir \u0130l Ba\u015fkan\u0131 Ali Engin&#8217;i ziyaret etti.<\/p>\n<p style=\"text-align: justify;\">Keskin, ziyarette gazetecilerin, 30 A\u011fustos Zafer Bayram\u0131 t\u00f6reninde Ba\u015fbakan Recep Tayyip Erdo\u011fan ile yapt\u0131\u011f\u0131 sohbeti hat\u0131rlatmas\u0131 \u00fczerine, Ba\u015fbakan Erdo\u011fan&#8217;a &#8221;BDP Genel Ba\u015fkan\u0131 Selahattin Demirta\u015f&#8217;\u0131n \u015eemdinli- \u00c7ukurca aras\u0131ndaki 400 kilometrekarelik b\u00f6lgenin PKK&#8217;n\u0131n denetiminde oldu\u011fu&#8221; y\u00f6n\u00fcndeki a\u00e7\u0131klamas\u0131n\u0131n do\u011fru olup olmad\u0131\u011f\u0131n\u0131 sordu\u011funu belirtti.<\/p>\n<p style=\"text-align: justify;\">Demirta\u015f&#8217;\u0131n bu konuda iddial\u0131 c\u00fcmleler sarf etti\u011fini dile getiren Keskin, \u015f\u00f6yle devam etti:<\/p>\n<p style=\"text-align: justify;\">&#8221;Say\u0131n Ba\u015fbakan&#8217;a Demirta\u015f&#8217;\u0131n \u00e7ok iddial\u0131 oldu\u011funu, iddian\u0131n toplumda \u00e7ok olumsuz bir alg\u0131n\u0131n olu\u015fmas\u0131na katk\u0131 yapt\u0131\u011f\u0131n\u0131, Ba\u015fbakan olarak bu konuda \u00e7ok ciddi, geni\u015f bir a\u00e7\u0131klama yapmas\u0131 gerekti\u011fini vurgulad\u0131m. Bana bilgi verdi. Bunun do\u011fru olmad\u0131\u011f\u0131n\u0131, haberin \u00e7\u0131kmas\u0131n\u0131n propagandaya, PKK de\u011firmenine su ta\u015f\u0131maya y\u00f6nelik oldu\u011funu vurgulad\u0131. Bug\u00fcn, yar\u0131n bir televizyon program\u0131na \u00e7\u0131kaca\u011f\u0131n\u0131, bu konuda toplumu tatmin edici a\u00e7\u0131klamalar yapaca\u011f\u0131n\u0131 ve \u00f6n\u00fcm\u00fczdeki g\u00fcnlerde Do\u011fu ve G\u00fcneydo\u011fu&#8217;da \u00e7ok geni\u015f alan\u0131 kapsayan geziler yaparak, bu konuda \u00e7\u0131kar\u0131lan haberlerinin do\u011fru olmad\u0131\u011f\u0131n\u0131n yans\u0131t\u0131laca\u011f\u0131n\u0131 vurgulad\u0131.&#8221;<\/p>\n<p style=\"text-align: justify;\"><strong>&#8221;DOKUNULMAZLIKLARLA \u0130LG\u0130L\u0130 D\u00dcZENLEME \u00c7ALI\u015eMALARI VAR&#8221;\u00a0<\/strong><\/p>\n<p style=\"text-align: justify;\">Adnan Keskin, Ba\u015fbakan Recep Tayyip Erdo\u011fan&#8217;\u0131n, milletvekillerinin dokunulmazl\u0131\u011f\u0131yla ilgili bir s\u0131n\u0131rlaman\u0131n yap\u0131lmas\u0131 gerekti\u011fine T\u00fcrkiye&#8217;nin ihtiyac\u0131 oldu\u011funu belirtti\u011fini s\u00f6yledi.<\/p>\n<p style=\"text-align: justify;\">Keskin, &#8221;BDP milletvekillerinin, PKK militanlar\u0131yla yolda kar\u015f\u0131la\u015fma g\u00f6r\u00fcnt\u00fclerinin Say\u0131n Ba\u015fbakan\u0131 rahats\u0131z etti\u011fi kanaatindeyim. O konuda bir haz\u0131rl\u0131k yapt\u0131klar\u0131n\u0131 yak\u0131nda parlamentoya b\u00f6yle bir d\u00fczenlemenin getirilece\u011fini s\u00f6yledi. Bana bu konudaki d\u00fc\u015f\u00fcncelerimi sormad\u0131. B\u00f6yle bir \u00e7al\u0131\u015fmalar\u0131 var&#8221; diye konu\u015ftu.<\/p>\n<p style=\"text-align: justify;\">Suriyeli m\u00fcltecilerin kald\u0131\u011f\u0131 kampla ilgili CHP Genel Ba\u015fkan\u0131 Kemal K\u0131l\u0131\u00e7daro\u011flu &#8221;Y\u00fcce Divanl\u0131k su\u00e7 i\u015fleniyor&#8221; de\u011ferlendirmesi yapt\u0131\u011f\u0131n\u0131 hat\u0131rlatan gazetecinin, bu konuda giri\u015fimde bulunup bulunmayacaklar\u0131n\u0131 sormas\u0131 \u00fczerine Keskin, \u015f\u00f6yle dedi:<\/p>\n<p style=\"text-align: justify;\">&#8221;Y\u00fcce yarg\u0131 bizim gitmemizle olacak bir \u015fey de\u011fil. Orada biliyorsunuz T\u00fcrkiye&#8217;nin topraklar\u0131 maalesef keyfi bir yakla\u015f\u0131mla adeta bir ba\u015fka \u00fclkenin insanlar\u0131na tahsis edilmi\u015ftir. Parlamentoda bu konuda bir karar al\u0131nmam\u0131\u015ft\u0131r. Herhangi bir yasal d\u00fczenleme yap\u0131lmam\u0131\u015ft\u0131r. Say\u0131n Genel Ba\u015fkan\u0131m\u0131z bu usuls\u00fcz yakla\u015f\u0131ma d\u00fcnyan\u0131n ve T\u00fcrkiye&#8217;nin dikkatini \u00e7ekmek i\u00e7in b\u00f6yle bir de\u011ferlendirme yapm\u0131\u015ft\u0131r. \u00d6n\u00fcm\u00fczdeki g\u00fcnlerde her halde partinin ataca\u011f\u0131 baz\u0131 ad\u0131mlar\u0131, yetkili kurullarda g\u00f6r\u00fc\u015ferek \u015fekillendiririz.&#8221;<\/p>\n<p style=\"text-align: justify;\"><strong>ZAFER BAYRAMI RESEPS\u0130YONU\u00a0<\/strong><\/p>\n<p style=\"text-align: justify;\">Keskin, 30 A\u011fustos Zafer Bayram\u0131 Resepsiyonu&#8217;nun Cumhurba\u015fkan\u0131 Abdullah G\u00fcl&#8217;\u00fcn rahats\u0131zl\u0131\u011f\u0131 gerek\u00e7e g\u00f6sterilerek iptal edildi\u011fini, T\u00fcrkiye \u00e7ok ilgin\u00e7 siyasi uygulamalarla kar\u015f\u0131 kar\u015f\u0131ya oldu\u011funu savundu.<\/p>\n<p style=\"text-align: justify;\">Ge\u00e7en y\u0131l da deprem ve \u015fiddet gerek\u00e7e g\u00f6sterilerek 30 A\u011fustos Zafer Bayram\u0131 ve Cumhuriyet Bayram\u0131 kutlama etkinliklerinin &#8221;rafa kald\u0131r\u0131ld\u0131\u011f\u0131n\u0131&#8221; dile getiren Keskin, &#8221;Bu y\u0131l da ne b\u00fcy\u00fck tesad\u00fcft\u00fcr ki Say\u0131n Cumhurba\u015fkan\u0131m\u0131z\u0131n kulaklar\u0131nda ortaya \u00e7\u0131kan bir rahats\u0131zl\u0131k 30 A\u011fustos Zafer Bayram\u0131 etkinliklerinin kutlanmas\u0131n\u0131n engellenmesine gerek\u00e7e olarak g\u00f6sterildi. Temenni ediyoruz Say\u0131n Cumhurba\u015fkan\u0131&#8217;n\u0131n rahats\u0131zl\u0131\u011f\u0131 devam etmez. Gelecek y\u0131l da kar\u0131n a\u011fr\u0131s\u0131 olarak devam etmez&#8221; dedi.<\/p>\n<p style=\"text-align: justify;\">CHP \u00f6rg\u00fctlerine g\u00f6nderdikleri genelgeyle resmi t\u00f6renlerin d\u0131\u015f\u0131nda Zafer Bayram\u0131&#8217;n\u0131n kutlan\u0131lmas\u0131n\u0131 istediklerini belirten Keskin, \u015funlar\u0131 s\u00f6yledi:<\/p>\n<p style=\"text-align: justify;\">&#8221;\u00d6rg\u00fctlerimize genelge g\u00f6nderdik. \u0130ktidar\u0131n devreye soktu\u011fu y\u00f6netmeli\u011fi dikkate almadan resmi t\u00f6renlerin d\u0131\u015f\u0131nda 30 A\u011fustos Zafer Bayram\u0131 kutlamalar\u0131na \u00f6rg\u00fct olarak kat\u0131lmalar\u0131n\u0131 ve m\u00fcstakil olarak kendilerinin etkinlik sergilemelerini \u00f6ng\u00f6rd\u00fck. CHP&#8217;nin bir y\u00f6neticisi olarak arkada\u015flar\u0131m\u0131z\u0131n sergiledi\u011fi bu diren\u00e7ten dolay\u0131 mutluluk duyuyorum. Bu diren\u00e7 benim heyecan\u0131m\u0131 art\u0131rm\u0131\u015ft\u0131r.&#8221;<\/p>\n<p style=\"text-align: justify;\">Keskin, 1 Eyl\u00fcl D\u00fcnya Bar\u0131\u015f G\u00fcn\u00fc&#8217;nde, kad\u0131nlar\u0131n\u0131 \u00f6ne \u00e7\u0131kararak kutlamalar yapacaklar\u0131n\u0131 s\u00f6zlerine ekledi. (AA)<\/p>\n<p style=\"text-align: justify;\"><a href=\"http:\/\/www.gazeteport.com.tr\/haber\/109320\/keskin-demirtas-cok-iddiali\" target=\"_blank\">Kaynak : GAZETEPORT<\/a><\/p>\n<p style=\"text-align: justify;\">\n","protected":false},"excerpt":{"rendered":"<p style=\"text-align: center;\">\n<p style=\"text-align: justify;\">CHP Genel Ba\u015fkan Yard\u0131mc\u0131s\u0131 Adnan Keskin, &#8221;BDP milletvekillerinin, PKK militanlar\u0131yla yolda kar\u015f\u0131la\u015fma g\u00f6r\u00fcnt\u00fclerinin Say\u0131n Ba\u015fbakan\u0131 rahats\u0131z etti\u011fi kanaatindeyim&#8221; dedi.<\/p>\n<p style=\"text-align: justify;\">\u0130ZM\u0130R &#8211; CHP Genel Ba\u015fkan Yard\u0131mc\u0131s\u0131 Adnan Keskin, BDP milletvekilleri ile ter\u00f6r \u00f6rg\u00fct\u00fc PKK&#8217;n\u0131n militanlar\u0131n\u0131n bir arada yer ald\u0131\u011f\u0131 g\u00f6r\u00fcnt\u00fclerin, Ba\u015fbakan Recep Tayyip Erdo\u011fan&#8217;\u0131 rahats\u0131z etti\u011fi kanaatinde oldu\u011funu s\u00f6yledi. <\/p>\n","protected":false},"author":1,"featured_media":0,"comment_status":"open","ping_status":"open","sticky":false,"template":"","format":"standard","meta":{"footnotes":""},"categories":[105],"tags":[],"class_list":["post-54758","post","type-post","status-publish","format-standard","hentry","category-gundem","odd"],"_links":{"self":[{"href":"http:\/\/www.korhanyilmaz.com\/index.php?rest_route=\/wp\/v2\/posts\/54758","targetHints":{"allow":["GET"]}}],"collection":[{"href":"http:\/\/www.korhanyilmaz.com\/index.php?rest_route=\/wp\/v2\/posts"}],"about":[{"href":"http:\/\/www.korhanyilmaz.com\/index.php?rest_route=\/wp\/v2\/types\/post"}],"author":[{"embeddable":true,"href":"http:\/\/www.korhanyilmaz.com\/index.php?rest_route=\/wp\/v2\/users\/1"}],"replies":[{"embeddable":true,"href":"http:\/\/www.korhanyilmaz.com\/index.php?rest_route=%2Fwp%2Fv2%2Fcomments&post=54758"}],"version-history":[{"count":0,"href":"http:\/\/www.korhanyilmaz.com\/index.php?rest_route=\/wp\/v2\/posts\/54758\/revisions"}],"wp:attachment":[{"href":"http:\/\/www.korhanyilmaz.com\/index.php?rest_route=%2Fwp%2Fv2%2Fmedia&parent=54758"}],"wp:term":[{"taxonomy":"category","embeddable":true,"href":"http:\/\/www.korhanyilmaz.com\/index.php?rest_route=%2Fwp%2Fv2%2Fcategories&post=54758"},{"taxonomy":"post_tag","embeddable":true,"href":"http:\/\/www.korhanyilmaz.com\/index.php?rest_route=%2Fwp%2Fv2%2Ftags&post=54758"}],"curies":[{"name":"wp","href":"https:\/\/api.w.org\/{rel}","templated":true}]}}