{"id":54748,"date":"2012-08-31T07:49:09","date_gmt":"2012-08-31T04:49:09","guid":{"rendered":"http:\/\/www.korhanyilmaz.com\/?p=54748"},"modified":"2012-08-31T09:54:23","modified_gmt":"2012-08-31T06:54:23","slug":"economist-erdoganin-hirsi-ters-tepiyor","status":"publish","type":"post","link":"http:\/\/www.korhanyilmaz.com\/?p=54748","title":{"rendered":"Economist: Erdo\u011fan&#8217;\u0131n h\u0131rs\u0131 ters tepiyor"},"content":{"rendered":"<p style=\"text-align: justify;\"><a href=\"http:\/\/www.korhanyilmaz.com\/wp-content\/uploads\/2012\/08\/H569.jpg\"  class=\"lightview\"><img loading=\"lazy\" decoding=\"async\" class=\"aligncenter size-full wp-image-54749\" title=\"\" src=\"http:\/\/www.korhanyilmaz.com\/wp-content\/uploads\/2012\/08\/H569.jpg\" alt=\"\" width=\"361\" height=\"203\" \/><\/a><\/p>\n<p style=\"text-align: justify;\">Haftal\u0131k Economist dergisinin bug\u00fcn piyasaya \u00e7\u0131kan say\u0131s\u0131nda Ba\u015fbakan Tayyip Erdo\u011fan\u2019\u0131n liderli\u011finin irdelendi\u011fi bir analiz yer al\u0131yor.<\/p>\n<p style=\"text-align: justify;\">\u201cErdo\u011fan\u2019\u0131n ters tepen h\u0131rs\u0131\u201d ba\u015fl\u0131\u011f\u0131yla yay\u0131mlanan analizde, Ba\u015fbakan Erdo\u011fan\u2019\u0131n \u2018T\u00fcrkiye\u2019nin yeni cumhurba\u015fkan\u0131 olmaya fazla odaklad\u0131\u011f\u0131\u2019 ve \u2018giderek daha \u00e7ok otoriterle\u015fti\u011fi\u2019 yaz\u0131yor.<\/p>\n<p style=\"text-align: justify;\">Dergi, Erdo\u011fan i\u00e7in \u201cT\u00fcrkiye\u2019nin Atat\u00fcrk\u2019\u00fcn \u00f6l\u00fcm\u00fcnden sonraki en etkileyici lideri\u201d yorumun yaparken Erdo\u011fan\u2019\u0131n liderli\u011fi d\u00f6neminde T\u00fcrkiye\u2019nin ekonomik durgunluk ve siyasi t\u0131kan\u0131kl\u0131ktan \u00e7\u0131kt\u0131\u011f\u0131n\u0131, b\u00f6lge i\u00e7in de \u2018esin kayna\u011f\u0131\u2019 oldu\u011funu ifade ediyor.<!--more--><\/p>\n<p style=\"text-align: justify;\">Ekonomik b\u00fcy\u00fcme yava\u015flasa da T\u00fcrkiye\u2019nin di\u011fer Akdeniz \u00fclkeleri gibi krize s\u00fcr\u00fcklenmedi\u011fi vurgulan\u0131rken kad\u0131n haklar\u0131 ile K\u00fcrt haklar\u0131nda da geli\u015fmeler kaydedildi\u011fine dikkat \u00e7ekiliyor.<\/p>\n<p style=\"text-align: justify;\">Dergi, Erdo\u011fan\u2019\u0131n 2011 se\u00e7imlerinde \u00fc\u00e7\u00fcnc\u00fc defa se\u00e7ilmesinin \u015fa\u015f\u0131rt\u0131c\u0131 olmad\u0131\u011f\u0131n\u0131 belirtse de son d\u00f6neminde, \u2018kanser oldu\u011fu iddialar\u0131, G\u00fclen cemaati ile anla\u015fmazl\u0131klar, t\u0131rmanan K\u00fcrt sorunu ve Suriye\u2019deki sava\u015f\u2019 nedeniyle zorland\u0131\u011f\u0131n\u0131 yaz\u0131yor.<\/p>\n<p style=\"text-align: justify;\">Erdo\u011fan i\u00e7in \u201cGiderek daha \u00e7ok otoriterle\u015fti\u201d ifadesini kullanan dergiye g\u00f6re bu, Abdullah G\u00fcl\u2019\u00fcn cumhurba\u015fkanl\u0131\u011f\u0131 d\u00f6neminin sona erece\u011fi 2014 y\u0131l\u0131nda cumhurba\u015fkan\u0131 se\u00e7ilme h\u0131rs\u0131ndan kaynaklan\u0131yor olabilir.<\/p>\n<p style=\"text-align: justify;\"><strong><a href=\"http:\/\/www.korhanyilmaz.com\/wp-content\/uploads\/2012\/08\/H570.jpg\"  class=\"lightview\"><img loading=\"lazy\" decoding=\"async\" class=\"alignleft size-full wp-image-54750\" style=\"margin-left: 10px; margin-right: 10px;\" src=\"http:\/\/www.korhanyilmaz.com\/wp-content\/uploads\/2012\/08\/H570.jpg\" alt=\"\" width=\"304\" height=\"171\" \/><\/a>Yeni anayasa s\u00fcreci ba\u015far\u0131s\u0131z m\u0131 oldu?\u00a0<\/strong><\/p>\n<p style=\"text-align: justify;\">Yeni anayasa olu\u015fturma s\u00fcrecinin de t\u0131kand\u0131\u011f\u0131 ifade edilen analiz \u015f\u00f6yle devam ediyor:<\/p>\n<p style=\"text-align: justify;\">\u201cErdo\u011fan\u2019\u0131n h\u0131rs\u0131n\u0131n, yeni demokratik anayasa olu\u015fturma s\u00fcrecini baltalad\u0131\u011f\u0131 s\u00f6yleniyor. Meclis komitesinin anayasa tasla\u011f\u0131 haz\u0131rlamas\u0131 gerekiyordu ancak bu ba\u015far\u0131s\u0131z oluyor gibi g\u00f6r\u00fcn\u00fcyor.\u201d<\/p>\n<p style=\"text-align: justify;\">\u201cBir\u00e7oklar\u0131, Erdo\u011fan\u2019\u0131n ba\u015fbakanl\u0131ktan sonra cumhurba\u015fkan\u0131 olabilmek i\u00e7in AK Parti taraf\u0131ndan cumhurba\u015fkanl\u0131\u011f\u0131 konumunun g\u00fcc\u00fcn\u00fc artt\u0131racak bir proje haz\u0131rlanmas\u0131n\u0131 istedi\u011finden \u015f\u00fcpheleniyor. Mecliste \u00fc\u00e7te iki \u00e7o\u011funlu\u011fa sahip olamad\u0131\u011f\u0131 i\u00e7in yeni bir anayasan\u0131n referandumdan ge\u00e7mesi gerekiyor.\u201d<\/p>\n<p style=\"text-align: justify;\">Erdo\u011fan d\u00f6neminde PKK ile gizli g\u00f6r\u00fc\u015fmeler yap\u0131ld\u0131\u011f\u0131n\u0131n ortaya \u00e7\u0131kt\u0131\u011f\u0131 hat\u0131rlat\u0131l\u0131rken, Erdo\u011fan\u2019\u0131n daha sonra g\u00fc\u00e7 kullanmaya y\u00f6neldi\u011fi ve binlerce K\u00fcrt eylemcinin tutukland\u0131\u011f\u0131 yaz\u0131yor.<\/p>\n<p style=\"text-align: justify;\">Yaz\u0131da, BDP E\u015fba\u015fkan\u0131 Selahattin Demirta\u015f\u2019\u0131n da \u201cT\u00fcrkler ve K\u00fcrtler aras\u0131ndaki ba\u011f giderek zay\u0131fl\u0131yor\u201d s\u00f6zlerine yer veriliyor.<\/p>\n<p style=\"text-align: justify;\"><strong>&#8216;Gazeteciler, \u00f6\u011frenciler cezaevinde&#8217;<\/strong><\/p>\n<p style=\"text-align: justify;\">Medya ve h\u00fck\u00fcmet ili\u015fkisine de de\u011finen Economist dergisi, medya patronlar\u0131n\u0131n h\u00fck\u00fcmetle ili\u015fkilerini kaybetmek korkusuyla muhalif gazetecilerin i\u015fine son verdi\u011fini yaz\u0131yor.<\/p>\n<p style=\"text-align: justify;\">\u00c7o\u011fu PKK \u00fcyesi olmakla su\u00e7lanan K\u00fcrtlerden olu\u015fan en az 80 gazetecinin cezaevinde oldu\u011fu belirtiliyor. Dergi, yine ayn\u0131 su\u00e7lamayla binlerce \u00f6\u011frencinin de demir parmakl\u0131klar ard\u0131nda oldu\u011funa dikkat \u00e7ekiyor.<\/p>\n<p style=\"text-align: justify;\">Dergiye g\u00f6re laik kesim de Erdo\u011fan\u2019\u0131 \u2018\u0130slamc\u0131 k\u00f6klerine d\u00f6nmekle su\u00e7luyor. Yaz\u0131da, Erdo\u011fan\u2019\u0131n \u2018din odakl\u0131 milliyet\u00e7ili\u011finin a\u015f\u0131r\u0131 sa\u011fc\u0131 ve muhafazak\u00e2r se\u00e7menleri\u2019 \u00e7ekme amac\u0131nda oldu\u011fu yorumu yap\u0131l\u0131yor.<\/p>\n<p style=\"text-align: justify;\">T\u00fcrkiye\u2019nin Suriyeli muhaliflere deste\u011finin ele\u015ftirildi\u011fi belirtilen analizde bir\u00e7ok generalin cezaevinde oldu\u011fu hat\u0131rlat\u0131l\u0131rken \u2018ordunun sessiz kald\u0131\u011f\u0131, Erdo\u011fan\u2019\u0131n destek\u00e7ilerinin bile Suriye kumar\u0131n\u0131 sorgulamaya ba\u015flad\u0131\u011f\u0131\u2019 yaz\u0131yor.<\/p>\n<p style=\"text-align: justify;\"><strong>&#8216;\u00d6nceli\u011fi kendi evini d\u00fczene sokmak olmal\u0131&#8217;<\/strong><\/p>\n<p style=\"text-align: justify;\">Dergi analizi \u015fu s\u00f6zlerle sonland\u0131r\u0131yor:<\/p>\n<p style=\"text-align: justify;\">\u201cSon anketlere g\u00f6re T\u00fcrklerin yaln\u0131zca y\u00fczde 17\u2019si Avrupa Birli\u011fi \u00fcyesi olabileceklerine inan\u0131yor. Bir\u00e7oklar\u0131 \u00fclkelerinin b\u00f6lgesel bir sava\u015fa saplanmas\u0131ndan korkuyor. Erdo\u011fan, kamuoyunun havas\u0131n\u0131 koklamakta ustad\u0131r, fakat pop\u00fclaritesi giderek azal\u0131yor. \u00d6nceli\u011finin, cumhurba\u015fkan\u0131 olma h\u0131rs\u0131ndan \u00e7ok, t\u00fcm T\u00fcrk vatanda\u015flar\u0131n\u0131 destekleyecek bir anayasa ile evini d\u00fczene sokmak olmal\u0131d\u0131r.\u201d<\/p>\n<p style=\"text-align: justify;\"><a href=\"http:\/\/www.bbc.co.uk\/turkce\/haberler\/2012\/08\/120830_economist_erdogan.shtml\" target=\"_blank\">Kaynak : BBC T\u00fcrk\u00e7e<\/a><\/p>\n","protected":false},"excerpt":{"rendered":"<p style=\"text-align: justify;\">\n<p style=\"text-align: justify;\">Haftal\u0131k Economist dergisinin bug\u00fcn piyasaya \u00e7\u0131kan say\u0131s\u0131nda Ba\u015fbakan Tayyip Erdo\u011fan\u2019\u0131n liderli\u011finin irdelendi\u011fi bir analiz yer al\u0131yor.<\/p>\n<p style=\"text-align: justify;\">\u201cErdo\u011fan\u2019\u0131n ters tepen h\u0131rs\u0131\u201d ba\u015fl\u0131\u011f\u0131yla yay\u0131mlanan analizde, Ba\u015fbakan Erdo\u011fan\u2019\u0131n \u2018T\u00fcrkiye\u2019nin yeni cumhurba\u015fkan\u0131 olmaya fazla odaklad\u0131\u011f\u0131\u2019 ve \u2018giderek daha \u00e7ok otoriterle\u015fti\u011fi\u2019 yaz\u0131yor.<\/p>\n<p style=\"text-align: justify;\">Dergi, Erdo\u011fan i\u00e7in \u201cT\u00fcrkiye\u2019nin Atat\u00fcrk\u2019\u00fcn \u00f6l\u00fcm\u00fcnden sonraki en etkileyici <\/p>\n","protected":false},"author":1,"featured_media":0,"comment_status":"open","ping_status":"open","sticky":false,"template":"","format":"standard","meta":{"footnotes":""},"categories":[105],"tags":[],"class_list":["post-54748","post","type-post","status-publish","format-standard","hentry","category-gundem","odd"],"_links":{"self":[{"href":"http:\/\/www.korhanyilmaz.com\/index.php?rest_route=\/wp\/v2\/posts\/54748","targetHints":{"allow":["GET"]}}],"collection":[{"href":"http:\/\/www.korhanyilmaz.com\/index.php?rest_route=\/wp\/v2\/posts"}],"about":[{"href":"http:\/\/www.korhanyilmaz.com\/index.php?rest_route=\/wp\/v2\/types\/post"}],"author":[{"embeddable":true,"href":"http:\/\/www.korhanyilmaz.com\/index.php?rest_route=\/wp\/v2\/users\/1"}],"replies":[{"embeddable":true,"href":"http:\/\/www.korhanyilmaz.com\/index.php?rest_route=%2Fwp%2Fv2%2Fcomments&post=54748"}],"version-history":[{"count":0,"href":"http:\/\/www.korhanyilmaz.com\/index.php?rest_route=\/wp\/v2\/posts\/54748\/revisions"}],"wp:attachment":[{"href":"http:\/\/www.korhanyilmaz.com\/index.php?rest_route=%2Fwp%2Fv2%2Fmedia&parent=54748"}],"wp:term":[{"taxonomy":"category","embeddable":true,"href":"http:\/\/www.korhanyilmaz.com\/index.php?rest_route=%2Fwp%2Fv2%2Fcategories&post=54748"},{"taxonomy":"post_tag","embeddable":true,"href":"http:\/\/www.korhanyilmaz.com\/index.php?rest_route=%2Fwp%2Fv2%2Ftags&post=54748"}],"curies":[{"name":"wp","href":"https:\/\/api.w.org\/{rel}","templated":true}]}}