{"id":54743,"date":"2012-08-30T23:06:27","date_gmt":"2012-08-30T20:06:27","guid":{"rendered":"http:\/\/www.korhanyilmaz.com\/?p=54743"},"modified":"2012-08-31T05:36:35","modified_gmt":"2012-08-31T02:36:35","slug":"melih-gokceke-isyan-etti","status":"publish","type":"post","link":"http:\/\/www.korhanyilmaz.com\/?p=54743","title":{"rendered":"Melih G\u00f6k\u00e7ek&#8217;e isyan etti!"},"content":{"rendered":"<p style=\"text-align: center;\"><a href=\"http:\/\/www.korhanyilmaz.com\/wp-content\/uploads\/2012\/08\/H568.jpg\"  class=\"lightview\"><img loading=\"lazy\" decoding=\"async\" class=\"aligncenter  wp-image-54744\" src=\"http:\/\/www.korhanyilmaz.com\/wp-content\/uploads\/2012\/08\/H568.jpg\" alt=\"\" width=\"408\" height=\"200\" \/><\/a><\/p>\n<p style=\"text-align: justify;\">\u00c7ankaya Belediye Ba\u015fkan\u0131 CHP&#8217;li B\u00fclent Tan\u0131k, AKP&#8217;li Melih G\u00f6k\u00e7ek&#8217;e isyan etti.<\/p>\n<p style=\"text-align: justify;\">\u00c7ankaya Belediye Ba\u015fkan\u0131 B\u00fclent Tan\u0131k, \u00c7ukurambar \u00c7im Amfi Park\u0131&#8217;na yap\u0131lan gece yar\u0131s\u0131 sald\u0131r\u0131s\u0131na y\u00f6nelik bas\u0131n toplant\u0131s\u0131 yapt\u0131.<\/p>\n<p style=\"text-align: justify;\">\u00c7ukurambar Se\u011fmen \u00c7im Amfi Park in\u015faat\u0131 \u00f6n\u00fcnde ger\u00e7ekle\u015fen bas\u0131n toplant\u0131s\u0131na CHP Ankara \u0130l Y\u00f6neticileri, \u00c7ankaya \u0130l\u00e7e Ba\u015fkan\u0131 Mehmet Per\u00e7in ve \u0130l\u00e7e Y\u00f6neticileri, \u00c7ankaya Belediyesi Ba\u015fkan Yard\u0131mc\u0131lar\u0131 ve Belediye Meclis \u00dcyeleri ile \u00e7ok say\u0131da y\u00f6re halk\u0131 ve y\u00f6re sivil toplum \u00f6rg\u00fctleri de kat\u0131ld\u0131.\u00a0<!--more--><\/p>\n<p style=\"text-align: justify;\">Uzun s\u00fcredir park yap\u0131m\u0131n\u0131 tamamlamak i\u00e7in B\u00fcy\u00fck\u015fehir\u2019e kar\u015f\u0131 b\u00fcy\u00fck bir m\u00fccadele verdiklerini belirten B\u00fclent Tan\u0131k, \u201cGece yar\u0131s\u0131 eli sopal\u0131 zorbalarca g\u00fcvenlik g\u00f6revlilerinin darp edilmesini ve telefonlar\u0131n\u0131n gasp edilmesini hi\u00e7bir gerek\u00e7e a\u00e7\u0131klayamaz. Tamamen hukuk kurallar\u0131 \u00e7er\u00e7evesinde yap\u0131m\u0131n\u0131 s\u00fcrd\u00fcrmeye \u00e7al\u0131\u015ft\u0131\u011f\u0131m\u0131z bu park\u0131, ara\u00e7lar\u0131m\u0131zla korumaya ald\u0131\u011f\u0131m\u0131z halde kar\u015f\u0131la\u015ft\u0131\u011f\u0131m\u0131z bu manzara gelinen noktay\u0131 a\u00e7\u0131k\u00e7a g\u00f6steriyor.\u201d dedi.<\/p>\n<p style=\"text-align: justify;\"><strong>AMACIMIZ H\u0130ZMETTEN BA\u015eKA B\u0130R \u0130\u015e DE\u011e\u0130LD\u0130R\u2026<\/strong><\/p>\n<p style=\"text-align: justify;\">B\u00fcy\u00fck\u015fehir Belediyesi&#8217;nin \u00c7im Amfi Park\u0131&#8217;n\u0131n y\u0131k\u0131m\u0131 ile ilgili hi\u00e7bir resmi karar\u0131n olmad\u0131\u011f\u0131n\u0131 ifade eden Tan\u0131k, aylar \u00f6ncesinden projesi ve ihalesi yap\u0131lm\u0131\u015f parklar\u0131n in\u015faat\u0131n\u0131n ba\u015flamas\u0131ndan 67 g\u00fcn sonra ilk y\u0131k\u0131ma u\u011fray\u0131p 70 g\u00fcn sonra \u2018B\u00f6lge Park\u0131\u2019 ilan\u0131 yap\u0131ld\u0131 diyen plan\u0131n ask\u0131ya \u00e7\u0131kar\u0131lmas\u0131n\u0131n \u00c7ankaya\u2019n\u0131n sonland\u0131rmak \u00fczere oldu\u011fu hizmetini muhasara alt\u0131na almaktan ba\u015fka bir a\u00e7\u0131klamas\u0131n\u0131n olmad\u0131\u011f\u0131n\u0131 s\u00f6yledi. Kendilerine g\u00f6nderilen yaz\u0131\u015fmalarda ve b\u00f6lge park\u0131 olarak ilan ettikleri alan\u0131n krokisi \u00fczerinde \u00c7im Amfi Park\u0131\u2019n\u0131n olmad\u0131\u011f\u0131n\u0131, ihale edilmi\u015f i\u015fin resmi 100 g\u00fcnl\u00fck s\u00fcresinin 70. g\u00fcn\u00fcnde \u00c7im Amfi&#8217;nin bulundu\u011fu alan\u0131n b\u00f6lge park\u0131na dahil edilmesine y\u00f6nelik bir 1\/5000 \u00f6l\u00e7ekli plan onayland\u0131\u011f\u0131n\u0131n alt\u0131n\u0131 \u00e7izen B\u00fclent Tan\u0131k, \u201cBizim amac\u0131m\u0131z bu alan\u0131 toz topraktan kurtarmak ve halk\u0131n dinlenebilece\u011fi \u00e7ocuklar\u0131n oyun oynayabilecekleri, gen\u00e7lerin ya\u015fl\u0131lar\u0131n sosyalle\u015febilece\u011fi ye\u015fil bir alan yaratmak. Halk\u0131n menfaatinden ba\u015fka bir amac\u0131m\u0131z yok. Halk\u0131n yarar\u0131na olacak b\u00f6yle bir hizmeti engellemek bizim belediyecilik anlay\u0131\u015f\u0131m\u0131zla \u00f6rt\u00fc\u015fmez. Yap\u0131lan bu sald\u0131r\u0131n\u0131n faillerinin B\u00fcy\u00fck\u015fehir Belediyesi g\u00f6revlileri olmad\u0131\u011f\u0131n\u0131 ummak istiyorum.\u201d dedi.<\/p>\n<p style=\"text-align: justify;\"><strong>TEK YAPILAN MUHASARA VE SPEK\u00dcLASYON\u2026\u00a0<\/strong><\/p>\n<p style=\"text-align: justify;\">Gece yar\u0131s\u0131 elleri sopal\u0131 \u00e7ok say\u0131da ki\u015finin g\u00fcvenlik g\u00f6revlilerini etkisiz hale getirdikten sonra B\u00fcy\u00fck\u015fehir\u2019in ara\u00e7lar\u0131n\u0131 kullanarak yap\u0131lm\u0131\u015f imalat\u0131n \u00f6nemli bir k\u0131sm\u0131n\u0131 y\u0131kmas\u0131n\u0131n son derece \u00fcz\u00fcnt\u00fc verici oldu\u011funu vurgulayan Tan\u0131k, \u201cBuradaki durum B\u00fcy\u00fck\u015fehir \u00c7ankaya belediyeleri \u00e7at\u0131\u015fmas\u0131 ve yetki uyumsuzlu\u011fu konusu de\u011fildir. Bizim g\u00f6reve geldi\u011fimiz y\u0131l ba\u015flayan proje \u00e7al\u0131\u015fmalar\u0131n\u0131n hayata ge\u00e7mesinden sonra \u00e7al\u0131\u015fma engellemeye y\u00f6nelik bir durumdur. Genel Ba\u015fkan\u0131m\u0131z Say\u0131n K\u0131l\u0131\u00e7daro\u011flu\u2019nun evinin \u00f6n\u00fcndeki gecekonduyu kald\u0131r\u0131yoruz gibi bir spek\u00fclasyon yarat\u0131lmaya \u00e7al\u0131\u015f\u0131lm\u0131\u015ft\u0131. Genel Ba\u015fkan\u0131m\u0131z bu projeler yap\u0131ld\u0131\u011f\u0131nda sade bir milletvekiliydi. Biz bu b\u00f6lgede \u00c7ankaya\u2019n\u0131n her b\u00f6lgesinde oldu\u011fu gibi hi\u00e7bir siyasi ay\u0131r\u0131m g\u00f6zetmeden hizmet veriyoruz.\u201d dedi.<\/p>\n<p style=\"text-align: justify;\"><strong>HALK DEY\u0130M\u0130YLE \u2018OMUZ ATIYORLAR\u2019\u00a0<\/strong><\/p>\n<p style=\"text-align: justify;\">B\u00fcy\u00fck\u015fehir\u2019in resmi olarak tebli\u011f etti\u011fi yerlerde hi\u00e7bir \u00e7al\u0131\u015fma yapmad\u0131klar\u0131n\u0131, buna ra\u011fmen yetkili olduklar\u0131 yerlerde \u00e7al\u0131\u015fmaya ba\u015flad\u0131klar\u0131nda B\u00fcy\u00fck\u015fehir\u2019in engellemeleri ile kar\u015f\u0131la\u015ft\u0131klar\u0131n\u0131 dile getiren B\u00fclent Tan\u0131k, park\u0131n y\u0131k\u0131m\u0131n\u0131n resmi karar olmad\u0131\u011f\u0131na dikkat \u00e7ekti. Tan\u0131k, \u201c Yap\u0131lan halk deyimiyle omuz atmakt\u0131r. Kamu mal\u0131na zarar vermektir.\u201d dedi. \u2018\u00c7ankaya Belediyesi\u2019ne yapt\u0131rmam y\u0131kar\u0131m\u2019 anlay\u0131\u015f\u0131n\u0131n zorbal\u0131k oldu\u011funu \u00f6nemle belirten Tan\u0131k, \u201cE\u011fer ben hukuksuz bir \u015fey yap\u0131yorsam hukuk bunun hesab\u0131n\u0131 benden soracakt\u0131r. Biz \u00e7al\u0131\u015fmalar\u0131m\u0131z\u0131 g\u00fcnd\u00fcz yap\u0131yoruz. Devletin kolluk kuvvetleri hukuksuz i\u015flerde gerekeni yapan ki\u015filerdir. Ben buraday\u0131m. Varsa ortada bir hukuksuzluk haz\u0131r\u0131m ben.\u201d dedi.<\/p>\n<p style=\"text-align: justify;\"><strong>\u201cYAPSINLAR \u015eAPKA \u00c7IKARTIRIM\u201d\u00a0<\/strong><\/p>\n<p style=\"text-align: justify;\">Tan\u0131k, B\u00fcy\u00fck\u015fehir Belediyesi\u2019nin engel olmak yerine hizmet etmesi gerekti\u011fini ve spek\u00fclasyondan uzak durmas\u0131n\u0131n halk\u0131n yarar\u0131na olaca\u011f\u0131n\u0131 belirtirken, \u201cB\u00fcy\u00fck\u015fehir Belediye Ba\u015fkan\u0131, K\u0131l\u0131\u00e7daro\u011flu\u2019nun evinin \u00f6n\u00fcndeki park\u0131 ben yapaca\u011f\u0131m diyorsa gelsin yaps\u0131n, \u015fapka \u00e7\u0131kart\u0131r\u0131m.\u201d dedi.<\/p>\n<p style=\"text-align: justify;\">B\u00fclent Tan\u0131k bas\u0131n mensuplar\u0131n\u0131n fiziki olarak engellenmi\u015f bu park\u0131n in\u015faat\u0131na devam edip etmeyeceklerinin sorulmas\u0131 \u00fczerine, \u201cBir yolunu bulup i\u00e7eri girece\u011fiz ve yasal hakk\u0131m\u0131zla park\u0131m\u0131z\u0131 yapaca\u011f\u0131z.\u201d dedi.<\/p>\n<p style=\"text-align: justify;\">Tan\u0131k, daha sonra g\u00f6r\u00fc\u015ft\u00fc\u011f\u00fc bas\u0131n mensuplar\u0131na, ya\u015fananlar\u0131 ay\u0131p olarak niteleyerek, uluslararas\u0131 platforma ta\u015f\u0131nmas\u0131 halinde T\u00fcrkiye i\u00e7in ho\u015f olmayan bir durumun ortaya \u00e7\u0131kaca\u011f\u0131 a\u00e7\u0131klamas\u0131nda bulundu.<\/p>\n<p style=\"text-align: justify;\"><a href=\"http:\/\/www.muhalifgazete.com\/46993-Melih-Gokcek-e-isyan-etti.htm\" target=\"_blank\">Kaynak : Muhalif Gazete<\/a><\/p>\n","protected":false},"excerpt":{"rendered":"<p style=\"text-align: center;\">\n<p style=\"text-align: justify;\">\u00c7ankaya Belediye Ba\u015fkan\u0131 CHP&#8217;li B\u00fclent Tan\u0131k, AKP&#8217;li Melih G\u00f6k\u00e7ek&#8217;e isyan etti.<\/p>\n<p style=\"text-align: justify;\">\u00c7ankaya Belediye Ba\u015fkan\u0131 B\u00fclent Tan\u0131k, \u00c7ukurambar \u00c7im Amfi Park\u0131&#8217;na yap\u0131lan gece yar\u0131s\u0131 sald\u0131r\u0131s\u0131na y\u00f6nelik bas\u0131n toplant\u0131s\u0131 yapt\u0131.<\/p>\n<p style=\"text-align: justify;\">\u00c7ukurambar Se\u011fmen \u00c7im Amfi Park in\u015faat\u0131 \u00f6n\u00fcnde ger\u00e7ekle\u015fen bas\u0131n toplant\u0131s\u0131na CHP Ankara \u0130l Y\u00f6neticileri, \u00c7ankaya \u0130l\u00e7e Ba\u015fkan\u0131 Mehmet <\/p>\n","protected":false},"author":1,"featured_media":0,"comment_status":"open","ping_status":"open","sticky":false,"template":"","format":"standard","meta":{"footnotes":""},"categories":[105],"tags":[],"class_list":["post-54743","post","type-post","status-publish","format-standard","hentry","category-gundem","odd"],"_links":{"self":[{"href":"http:\/\/www.korhanyilmaz.com\/index.php?rest_route=\/wp\/v2\/posts\/54743","targetHints":{"allow":["GET"]}}],"collection":[{"href":"http:\/\/www.korhanyilmaz.com\/index.php?rest_route=\/wp\/v2\/posts"}],"about":[{"href":"http:\/\/www.korhanyilmaz.com\/index.php?rest_route=\/wp\/v2\/types\/post"}],"author":[{"embeddable":true,"href":"http:\/\/www.korhanyilmaz.com\/index.php?rest_route=\/wp\/v2\/users\/1"}],"replies":[{"embeddable":true,"href":"http:\/\/www.korhanyilmaz.com\/index.php?rest_route=%2Fwp%2Fv2%2Fcomments&post=54743"}],"version-history":[{"count":0,"href":"http:\/\/www.korhanyilmaz.com\/index.php?rest_route=\/wp\/v2\/posts\/54743\/revisions"}],"wp:attachment":[{"href":"http:\/\/www.korhanyilmaz.com\/index.php?rest_route=%2Fwp%2Fv2%2Fmedia&parent=54743"}],"wp:term":[{"taxonomy":"category","embeddable":true,"href":"http:\/\/www.korhanyilmaz.com\/index.php?rest_route=%2Fwp%2Fv2%2Fcategories&post=54743"},{"taxonomy":"post_tag","embeddable":true,"href":"http:\/\/www.korhanyilmaz.com\/index.php?rest_route=%2Fwp%2Fv2%2Ftags&post=54743"}],"curies":[{"name":"wp","href":"https:\/\/api.w.org\/{rel}","templated":true}]}}