{"id":54739,"date":"2012-08-30T12:32:47","date_gmt":"2012-08-30T09:32:47","guid":{"rendered":"http:\/\/www.korhanyilmaz.com\/?p=54739"},"modified":"2012-08-30T14:39:05","modified_gmt":"2012-08-30T11:39:05","slug":"eski-disisleri-bakani-yorumladi","status":"publish","type":"post","link":"http:\/\/www.korhanyilmaz.com\/?p=54739","title":{"rendered":"Eski D\u0131\u015fi\u015fleri Bakan\u0131 yorumlad\u0131"},"content":{"rendered":"<p style=\"text-align: justify;\"><a href=\"http:\/\/www.korhanyilmaz.com\/wp-content\/uploads\/2012\/08\/H567.jpg\"  class=\"lightview\"><img loading=\"lazy\" decoding=\"async\" class=\"aligncenter size-full wp-image-54740\" title=\"\" src=\"http:\/\/www.korhanyilmaz.com\/wp-content\/uploads\/2012\/08\/H567.jpg\" alt=\"\" width=\"268\" height=\"215\" \/><\/a><\/p>\n<p style=\"text-align: justify;\">Eski D\u0131\u015fi\u015fleri Bakan\u0131 ve Yurt yazar\u0131 \u015e\u00fckr\u00fc Sina G\u00fcrel, \u00d6zg\u00fcr Suriye Ordusu\u2019nun T\u00fcrkiye topraklar\u0131nda \u00fcs kurulmas\u0131na izin verilmesini hem a\u011f\u0131r bir uluslararas\u0131 hukuk ihlali hem de Anayasa su\u00e7u oldu\u011funu s\u00f6yledi.<\/p>\n<p style=\"text-align: justify;\">HABER MERKEZ\u0130- Konuyla ilgili g\u00f6r\u00fc\u015flerine ba\u015fvurdu\u011fumuz G\u00fcrel, \u201cDavuto\u011flu\u2019nun isyanc\u0131lara destek vermezsek Arap sokaklar\u0131nda nas\u0131l y\u00fcr\u00fcyece\u011fiz?\u201d anlam\u0131na gelen s\u00f6zlerini de ele\u015ftirerek, \u201cDavuto\u011flu\u2019nun as\u0131l T\u00fcrk sokaklar\u0131nda nas\u0131l y\u00fcr\u00fcyece\u011fini d\u00fc\u015f\u00fcnmesi gerekirdi\u201d dedi. AKP\u2019nin Suriye ile ilgili hamlelerinin hesaps\u0131z kitaps\u0131z yap\u0131ld\u0131\u011f\u0131n\u0131 s\u00f6yleyen G\u00fcrel, hesap kitap i\u015fi bile olsa bu sava\u015f\u0131n en b\u00fcy\u00fck kaybedeninin T\u00fcrkiye olaca\u011f\u0131n\u0131 ifade etti.\u00a0<!--more--><\/p>\n<p style=\"text-align: justify;\"><strong>\u201cK\u0130MSEYE FAYDASI YOK\u201d\u00a0<\/strong><\/p>\n<p style=\"text-align: justify;\">T\u00fcrkiye\u2019nin kom\u015fusundaki b\u00f6ylesi bir i\u00e7 \u00e7at\u0131\u015fma ortam\u0131nda isyanc\u0131lar\u0131 silahland\u0131rarak daha fazla kan d\u00f6k\u00fclmesine neden oldu\u011funu belirten \u015e\u00fckr\u00fc Sina G\u00fcrel, s\u0131\u011f\u0131nmac\u0131lar\u0131n silahlar\u0131ndan ar\u0131nd\u0131r\u0131lmam\u0131\u015f bir bi\u00e7imde \u00fclkeye sokulmas\u0131n\u0131n T\u00fcrkiye\u2019nin kom\u015fusundaki yang\u0131na k\u00f6r\u00fckle gitmesi anlam\u0131na geldi\u011fini ve b\u00f6yle bir duruma daha \u00f6nce hi\u00e7bir d\u00f6nemde d\u00fc\u015f\u00fclmedi\u011fine dikkat \u00e7ekti. Bir ba\u015fka \u00fclkeye ait silahl\u0131 bir g\u00fcc\u00fcn T\u00fcrkiye\u2019de bulundurulmas\u0131n\u0131n ve T\u00fcrkiye \u00fczerinden bir ba\u015fka \u00fclkeye sald\u0131r\u0131 d\u00fczenlemesinin Anayasa\u2019ya g\u00f6re TBMM\u2019den tezkere al\u0131nmas\u0131n\u0131 gerektirdi\u011fini de belirten G\u00fcrel, AKP H\u00fck\u00fcmeti\u2019nin Anayasa\u2019ya ayk\u0131r\u0131 davrand\u0131\u011f\u0131na dikkat \u00e7ekti. H\u00fck\u00fcmetin bu davran\u0131\u015f\u0131n\u0131n kendisine de hi\u00e7bir faydas\u0131 olmad\u0131\u011f\u0131 fark etmesi gerekti\u011fini belirten G\u00fcrel, bir an \u00f6nce bu yanl\u0131\u015f d\u0131\u015f politikat\u0131n\u0131n d\u00fczeltilmesi gerekti\u011fine i\u015faret etti.<\/p>\n<p style=\"text-align: justify;\"><a href=\"http:\/\/www.yurtgazetesi.com.tr\/politika\/eski-disisleri-bakani-yorumladi-h18054.html\" target=\"_blank\">Kaynak : Yurt Gazetesi<\/a><\/p>\n","protected":false},"excerpt":{"rendered":"<p style=\"text-align: justify;\">\n<p style=\"text-align: justify;\">Eski D\u0131\u015fi\u015fleri Bakan\u0131 ve Yurt yazar\u0131 \u015e\u00fckr\u00fc Sina G\u00fcrel, \u00d6zg\u00fcr Suriye Ordusu\u2019nun T\u00fcrkiye topraklar\u0131nda \u00fcs kurulmas\u0131na izin verilmesini hem a\u011f\u0131r bir uluslararas\u0131 hukuk ihlali hem de Anayasa su\u00e7u oldu\u011funu s\u00f6yledi.<\/p>\n<p style=\"text-align: justify;\">HABER MERKEZ\u0130- Konuyla ilgili g\u00f6r\u00fc\u015flerine ba\u015fvurdu\u011fumuz G\u00fcrel, \u201cDavuto\u011flu\u2019nun isyanc\u0131lara destek vermezsek Arap sokaklar\u0131nda nas\u0131l y\u00fcr\u00fcyece\u011fiz?\u201d anlam\u0131na gelen s\u00f6zlerini <\/p>\n","protected":false},"author":1,"featured_media":0,"comment_status":"open","ping_status":"open","sticky":false,"template":"","format":"standard","meta":{"footnotes":""},"categories":[105],"tags":[],"class_list":["post-54739","post","type-post","status-publish","format-standard","hentry","category-gundem","odd"],"_links":{"self":[{"href":"http:\/\/www.korhanyilmaz.com\/index.php?rest_route=\/wp\/v2\/posts\/54739","targetHints":{"allow":["GET"]}}],"collection":[{"href":"http:\/\/www.korhanyilmaz.com\/index.php?rest_route=\/wp\/v2\/posts"}],"about":[{"href":"http:\/\/www.korhanyilmaz.com\/index.php?rest_route=\/wp\/v2\/types\/post"}],"author":[{"embeddable":true,"href":"http:\/\/www.korhanyilmaz.com\/index.php?rest_route=\/wp\/v2\/users\/1"}],"replies":[{"embeddable":true,"href":"http:\/\/www.korhanyilmaz.com\/index.php?rest_route=%2Fwp%2Fv2%2Fcomments&post=54739"}],"version-history":[{"count":0,"href":"http:\/\/www.korhanyilmaz.com\/index.php?rest_route=\/wp\/v2\/posts\/54739\/revisions"}],"wp:attachment":[{"href":"http:\/\/www.korhanyilmaz.com\/index.php?rest_route=%2Fwp%2Fv2%2Fmedia&parent=54739"}],"wp:term":[{"taxonomy":"category","embeddable":true,"href":"http:\/\/www.korhanyilmaz.com\/index.php?rest_route=%2Fwp%2Fv2%2Fcategories&post=54739"},{"taxonomy":"post_tag","embeddable":true,"href":"http:\/\/www.korhanyilmaz.com\/index.php?rest_route=%2Fwp%2Fv2%2Ftags&post=54739"}],"curies":[{"name":"wp","href":"https:\/\/api.w.org\/{rel}","templated":true}]}}