{"id":54727,"date":"2012-08-30T11:33:13","date_gmt":"2012-08-30T08:33:13","guid":{"rendered":"http:\/\/www.korhanyilmaz.com\/?p=54727"},"modified":"2012-08-30T12:37:28","modified_gmt":"2012-08-30T09:37:28","slug":"ak-partili-yakinlari-icin-kadro-var","status":"publish","type":"post","link":"http:\/\/www.korhanyilmaz.com\/?p=54727","title":{"rendered":"AK Partili yak\u0131nlar\u0131 i\u00e7in kadro var!.."},"content":{"rendered":"<p style=\"text-align: center;\"><a href=\"http:\/\/www.korhanyilmaz.com\/wp-content\/uploads\/2012\/08\/H562.jpg\"  class=\"lightview\"><img loading=\"lazy\" decoding=\"async\" class=\"aligncenter  wp-image-54728\" src=\"http:\/\/www.korhanyilmaz.com\/wp-content\/uploads\/2012\/08\/H562.jpg\" alt=\"\" width=\"383\" height=\"229\" \/><\/a><\/p>\n<p style=\"text-align: justify;\">Milli E\u011fitim Bakan\u0131 \u00d6mer Din\u00e7er&#8217;in &#8220;ge\u00e7ici g\u00f6revlendirmelere son&#8221; kural\u0131n\u0131n aralar\u0131nda bakan ve AK Partili milletvekillerinin yak\u0131nlar\u0131n\u0131n da bulundu\u011fu 48 ki\u015fi ile delindi\u011fi iddia edildi.<\/p>\n<p style=\"text-align: justify;\">\u00d6mer Din\u00e7er\u2019in, temmuz ay\u0131n\u0131n ba\u015f\u0131 itibariyle de uygulamaya koydu\u011fu \u2018ge\u00e7ici g\u00f6revle \u00e7al\u0131\u015fan t\u00fcm \u00f6\u011fretmenlerin okullar\u0131na d\u00f6nmesi\u2019 karar\u0131 delindi.<\/p>\n<p style=\"text-align: justify;\">Radikal gazetesinden Can G\u00fclery\u00fcz\u2019in haberine g\u00f6re \u00e7ok say\u0131da \u00f6\u011fretmenin ailelerinin yan\u0131na gelebilmelerinin tek yolu olan \u00f6z\u00fcr grubu tayinlerinde de bile s\u0131k\u0131 davranan Bakanl\u0131k, 48 ki\u015fi i\u00e7in &#8220;ge\u00e7ici g\u00f6revlendirme&#8221; yapt\u0131.\u00a0<!--more--><\/p>\n<p style=\"text-align: justify;\">Milli E\u011fitim Bakanl\u0131\u011f\u0131 \u0130nsan Kaynaklar\u0131 Genel M\u00fcd\u00fcrl\u00fc\u011f\u00fc\u2019nce, Ankara Valili\u011fi\u2019ne g\u00f6nderilen bir yaz\u0131da 48 ki\u015finin Ankara \u2019da Bakanl\u0131k merkez te\u015fkil\u00e2t\u0131nda g\u00f6revlendirildi\u011fi bildirildi.<\/p>\n<p style=\"text-align: justify;\">48 ki\u015filik listede yer alan isimler ise dikkat \u00e7ekici. Bunlar\u0131n aras\u0131nda Sa\u011fl\u0131k Bakan\u0131 Recep Akda\u011f \u2019\u0131n kay\u0131nbiraderi Kemal G\u00fcl, Ba\u015fbakan Recep Tayyip Erdo\u011fan \u2019\u0131n dan\u0131\u015fman\u0131 \u015fu anda Ak Parti Ankara Milletvekili Yal\u00e7\u0131n Akdo\u011fan\u2019\u0131n e\u015fi Asl\u0131han Akdo\u011fan, Ak Parti Genel Ba\u015fkan Yard\u0131mc\u0131s\u0131 \u00d6mer \u00c7elik\u2019in akrabas\u0131 Hatice \u00c7elik, Ak Parti Mu\u015f Milletvekili Faruk I\u015f\u0131k\u2019\u0131n e\u015fi Meral I\u015f\u0131k da yer al\u0131yor.<\/p>\n<p style=\"text-align: justify;\"><strong>&#8220;\u0130htiyac\u0131m\u0131z vard\u0131&#8221;\u00a0<\/strong><\/p>\n<p style=\"text-align: justify;\">Bakanl\u0131k yetkilileri, 48 ki\u015filik ge\u00e7ici g\u00f6revlendirme listesinde yer alan ki\u015filerin, g\u00f6revleri a\u00e7\u0131s\u0131ndan merkez te\u015fkilatta \u2018ihtiya\u00e7 duyulan personel\u2019 oldu\u011funu belirterek, \u201cBu daha \u00f6nce de g\u00f6revlendirmeyle merkez te\u015fkilatta bulunan ki\u015filer. Bulunduklar\u0131 g\u00f6revlerde kendilerine ihtiya\u00e7 oldu\u011fu i\u00e7in tekrar ge\u00e7ici olarak g\u00f6revlendirildiler. G\u00f6revlendirme s\u00fcreleri de y\u0131l sonuna kadar 3 ayl\u0131k bir d\u00f6nemi kaps\u0131yor\u201d de\u011ferlendirmesi yapt\u0131.<\/p>\n<p style=\"text-align: justify;\">Bakanl\u0131\u011f\u0131n savunmas\u0131na kar\u015f\u0131n listede daha \u00f6nce Ankara \u2019da herhangi bir g\u00f6revde bulunmayan Ak Parti Genel Ba\u015fkan Yard\u0131mc\u0131s\u0131 \u00d6mer \u00c7elik\u2019in akrabas\u0131 Hatice \u00c7elik\u2019in Adana \u2019dan Ankara \u2019ya bu yolla gelmesi \u00e7eli\u015fki olarak yorumland\u0131.<\/p>\n<p style=\"text-align: justify;\">\u00a0<strong>1 Temmuz milad\u0131\u00a0<\/strong><\/p>\n<p style=\"text-align: justify;\">\u00d6\u011fretmenlerin asli kadrolar\u0131ndan ba\u015fka kadrolara kayd\u0131r\u0131lmas\u0131na yol a\u00e7an \u2018ge\u00e7ici g\u00f6revlendirmeler\u2019 Milli E\u011fitim\u2019in kanayan yaralar\u0131ndan biri olarak kabul ediliyordu. Milli E\u011fitim Bakan\u0131 \u00d6mer Din\u00e7er taraf\u0131ndan m\u00fcdahale edilmi\u015f, uygulama sonland\u0131r\u0131lm\u0131\u015ft\u0131. Konuyla ilgili yaz\u0131da Bakan Din\u00e7er, \u201c01 Temmuz 2012 tarihi itibariyle her derece ve t\u00fcrdeki okul ve kurumlarda ge\u00e7ici g\u00f6rev (G\u00f6revlendirme) ile g\u00f6rev yapan t\u00fcm personelin g\u00f6revlendirmeleri sona erdirilerek kadrolar\u0131n\u0131n bulundu\u011fu e\u011fitim kurumlar\u0131ndaki asli g\u00f6revlerine d\u00f6nd\u00fcr\u00fclmelerinin sa\u011flanmas\u0131 y\u00f6n\u00fcnde ilgililere gerekli tebli\u011fin yap\u0131lmas\u0131 &#8230;\u201d talimat\u0131n\u0131 vermi\u015fti.<\/p>\n<p style=\"text-align: justify;\">\u00c7e\u015fitli konu\u015fmalar\u0131nda da konuya de\u011finen ve \u201c\u00d6zellikle ge\u00e7ici \u00f6\u011fretmenler konusunda kar\u015f\u0131 kar\u015f\u0131ya kald\u0131\u011f\u0131m g\u00f6\u011f\u00fcslemek zorunda kald\u0131\u011f\u0131m sorunlar\u0131 size anlatmak istemiyorum\u201d diyen Din\u00e7er rakamlarla bilgi de vermi\u015fti. Din\u00e7er, bu durumda olan \u00f6\u011fretmen say\u0131s\u0131n\u0131n 21 bin 652 oldu\u011funu; bu \u00f6\u011fretmenlerden 3 bin 440\u2019\u0131n\u0131n kadrosunun bulundu\u011fu okul d\u0131\u015f\u0131ndaki okullarda, 4 bin 615\u2019in norm fazlas\u0131 oldu\u011fundan di\u011fer okullarda, 521\u2019inin norm fazlas\u0131 olup il\/il\u00e7e milli e\u011fitim m\u00fcd\u00fcrl\u00fcklerinde, 12 bin 593\u2019\u00fcn di\u011fer sebeplerle di\u011fer okullarda, 438\u2019inin bakanl\u0131k merkez te\u015fkilat\u0131nda, 45\u2019inin ba\u015fka ildeki okullarda oldu\u011funu a\u00e7\u0131klam\u0131\u015ft\u0131.<\/p>\n<p style=\"text-align: justify;\"><strong>&#8220;Herkese e\u015fit d\u00fczeyde muamele&#8221; demi\u015fti\u00a0<\/strong><\/p>\n<p style=\"text-align: justify;\">4 Haziran\u2019da videokonferans y\u00f6ntemiyle okullara seslenen Bakan Din\u00e7er \u201cBakan oldu\u011fumdan bu zamana kadar, hi\u00e7birinize hak etmedi\u011fi bir \u015feyi vermedi\u011fim gibi, herhangi bir \u015feyi hak etmi\u015f insandan da sak\u0131nmad\u0131m. Bu maksatla ge\u00e7ici g\u00f6revlendirmeleri, il ve il\u00e7e d\u00fczeyindeki atamalar\u0131, mazeretle ilgili atamalara herkes uyacak, en tepedeki insan da en a\u015fa\u011f\u0131daki insana kadar herkesin e\u015fit d\u00fczeyde muamele g\u00f6rd\u00fc\u011f\u00fc bir Milli E\u011fitim Bakanl\u0131\u011f\u0131 vaat ediyorum size\u201d demi\u015fti.<\/p>\n<p style=\"text-align: justify;\"><a href=\"http:\/\/www.cnnturk.com\/2012\/guncel\/08\/30\/ak.partili.yakinlari.icin.kadro.var\/674801.0\/index.html\" target=\"_blank\">Kaynak : CNN T\u00dcRK<\/a><\/p>\n","protected":false},"excerpt":{"rendered":"<p style=\"text-align: center;\">\n<p style=\"text-align: justify;\">Milli E\u011fitim Bakan\u0131 \u00d6mer Din\u00e7er&#8217;in &#8220;ge\u00e7ici g\u00f6revlendirmelere son&#8221; kural\u0131n\u0131n aralar\u0131nda bakan ve AK Partili milletvekillerinin yak\u0131nlar\u0131n\u0131n da bulundu\u011fu 48 ki\u015fi ile delindi\u011fi iddia edildi.<\/p>\n<p style=\"text-align: justify;\">\u00d6mer Din\u00e7er\u2019in, temmuz ay\u0131n\u0131n ba\u015f\u0131 itibariyle de uygulamaya koydu\u011fu \u2018ge\u00e7ici g\u00f6revle \u00e7al\u0131\u015fan t\u00fcm \u00f6\u011fretmenlerin okullar\u0131na d\u00f6nmesi\u2019 karar\u0131 delindi.<\/p>\n<p style=\"text-align: justify;\">Radikal gazetesinden Can G\u00fclery\u00fcz\u2019in <\/p>\n","protected":false},"author":1,"featured_media":0,"comment_status":"open","ping_status":"open","sticky":false,"template":"","format":"standard","meta":{"footnotes":""},"categories":[105],"tags":[],"class_list":["post-54727","post","type-post","status-publish","format-standard","hentry","category-gundem","odd"],"_links":{"self":[{"href":"http:\/\/www.korhanyilmaz.com\/index.php?rest_route=\/wp\/v2\/posts\/54727","targetHints":{"allow":["GET"]}}],"collection":[{"href":"http:\/\/www.korhanyilmaz.com\/index.php?rest_route=\/wp\/v2\/posts"}],"about":[{"href":"http:\/\/www.korhanyilmaz.com\/index.php?rest_route=\/wp\/v2\/types\/post"}],"author":[{"embeddable":true,"href":"http:\/\/www.korhanyilmaz.com\/index.php?rest_route=\/wp\/v2\/users\/1"}],"replies":[{"embeddable":true,"href":"http:\/\/www.korhanyilmaz.com\/index.php?rest_route=%2Fwp%2Fv2%2Fcomments&post=54727"}],"version-history":[{"count":0,"href":"http:\/\/www.korhanyilmaz.com\/index.php?rest_route=\/wp\/v2\/posts\/54727\/revisions"}],"wp:attachment":[{"href":"http:\/\/www.korhanyilmaz.com\/index.php?rest_route=%2Fwp%2Fv2%2Fmedia&parent=54727"}],"wp:term":[{"taxonomy":"category","embeddable":true,"href":"http:\/\/www.korhanyilmaz.com\/index.php?rest_route=%2Fwp%2Fv2%2Fcategories&post=54727"},{"taxonomy":"post_tag","embeddable":true,"href":"http:\/\/www.korhanyilmaz.com\/index.php?rest_route=%2Fwp%2Fv2%2Ftags&post=54727"}],"curies":[{"name":"wp","href":"https:\/\/api.w.org\/{rel}","templated":true}]}}