{"id":54723,"date":"2012-08-30T09:39:32","date_gmt":"2012-08-30T06:39:32","guid":{"rendered":"http:\/\/www.korhanyilmaz.com\/?p=54723"},"modified":"2012-08-30T12:25:45","modified_gmt":"2012-08-30T09:25:45","slug":"o-kamp-yuce-divanlik","status":"publish","type":"post","link":"http:\/\/www.korhanyilmaz.com\/?p=54723","title":{"rendered":"&#8220;O kamp Y\u00fcce Divanl\u0131k&#8221;"},"content":{"rendered":"<p style=\"text-align: center;\"><a href=\"http:\/\/www.korhanyilmaz.com\/wp-content\/uploads\/2012\/08\/H561.jpg\"  class=\"lightview\"><img loading=\"lazy\" decoding=\"async\" class=\"aligncenter  wp-image-54724\" src=\"http:\/\/www.korhanyilmaz.com\/wp-content\/uploads\/2012\/08\/H561.jpg\" alt=\"\" width=\"409\" height=\"186\" \/><\/a><\/p>\n<p style=\"text-align: justify;\">CHP lideri Kemal K\u0131l\u0131\u00e7daro\u011flu, Hatay&#8217;da Suriyeli askerlerin tutuldu\u011fu Apayd\u0131n&#8217;daki kamp i\u00e7in &#8220;O kamp Y\u00fcce Divanl\u0131k&#8221; dedi.<\/p>\n<p style=\"text-align: justify;\">ANKARA &#8211; CHP Genel Ba\u015fkan\u0131 Kemal K\u0131l\u0131\u00e7daro\u011flu, Sosyalist Enternasyonal toplant\u0131s\u0131na kat\u0131lmak \u00fczere G\u00fcney Afrika Cumhuriyeti&#8217;ne gitti.<\/p>\n<p style=\"text-align: justify;\">U\u00e7akta gazetecilere konu\u015fan Kemal K\u0131l\u0131\u00e7daro\u011flu, &#8220;Apayd\u0131n&#8217;\u0131n askeri kamp oldu\u011funu D\u0131\u015fi\u015fleri Bakan\u0131 Ahmet Davuto\u011flu itiraf etti. Y\u00fcce Divanl\u0131k bir olay. Yabanc\u0131 askerlerin yurti\u00e7inde konu\u015flanmas\u0131 i\u00e7in tezkere gerekliyken, bu silahl\u0131 kamplar\u0131n varl\u0131\u011f\u0131 anayasaya ayk\u0131r\u0131&#8221; dedi.<!--more--><\/p>\n<p style=\"text-align: justify;\">K\u0131l\u0131\u00e7daro\u011flu, bu konuyla ilgili ad\u0131m atmak i\u00e7in Meclis\u2019in a\u00e7\u0131lmas\u0131n\u0131 beklediklerini de dile getirdi.<\/p>\n<p style=\"text-align: justify;\"><strong>ERDO\u011eAN\u2019IN KALEM\u0130NDEN \u00c7IKMAMI\u015e\u2019<\/strong><\/p>\n<p style=\"text-align: justify;\">Kemal K\u0131l\u0131\u00e7daro\u011flu&#8217;nun g\u00fcndeminde Ba\u015fbakan Recep Tayyip Erdo\u011fan\u2019a g\u00f6nderdi\u011fi mektup da vard\u0131.<\/p>\n<p style=\"text-align: justify;\">K\u0131l\u0131\u00e7daro\u011flu, T\u00fcrkiye&#8217;nin Suriye politikas\u0131 konusunda Erdo\u011fan&#8217;a &#8220;samimi ve i\u00e7ten&#8221; bir mektup g\u00f6nderdi\u011fini ancak gelen yan\u0131t\u0131n kendisini hayrete d\u00fc\u015f\u00fcrd\u00fc\u011f\u00fcn\u00fc belirtti.<\/p>\n<p style=\"text-align: justify;\">CHP lideri, Ba\u015fbakan Erdo\u011fan&#8217;dan gelen cevap i\u00e7in &#8220;Son derece kaba bir \u00fcslup, yak\u0131\u015f\u0131ks\u0131z bir dil kullan\u0131lm\u0131\u015f. Ba\u015fbakan&#8217;\u0131n kaleminden \u00e7\u0131kmad\u0131\u011f\u0131 \u00e7ok a\u00e7\u0131k&#8221; dedi.<\/p>\n<p style=\"text-align: justify;\"><a href=\"http:\/\/www.gazeteport.com.tr\/haber\/109152\/quoto-kamp-yuce-divanlikquot\" target=\"_blank\">Kaynak : GAZETEPORT<\/a><\/p>\n","protected":false},"excerpt":{"rendered":"<p style=\"text-align: center;\">\n<p style=\"text-align: justify;\">CHP lideri Kemal K\u0131l\u0131\u00e7daro\u011flu, Hatay&#8217;da Suriyeli askerlerin tutuldu\u011fu Apayd\u0131n&#8217;daki kamp i\u00e7in &#8220;O kamp Y\u00fcce Divanl\u0131k&#8221; dedi.<\/p>\n<p style=\"text-align: justify;\">ANKARA &#8211; CHP Genel Ba\u015fkan\u0131 Kemal K\u0131l\u0131\u00e7daro\u011flu, Sosyalist Enternasyonal toplant\u0131s\u0131na kat\u0131lmak \u00fczere G\u00fcney Afrika Cumhuriyeti&#8217;ne gitti.<\/p>\n<p style=\"text-align: justify;\">U\u00e7akta gazetecilere konu\u015fan Kemal K\u0131l\u0131\u00e7daro\u011flu, &#8220;Apayd\u0131n&#8217;\u0131n askeri kamp oldu\u011funu D\u0131\u015fi\u015fleri Bakan\u0131 Ahmet Davuto\u011flu itiraf <\/p>\n","protected":false},"author":1,"featured_media":0,"comment_status":"open","ping_status":"open","sticky":false,"template":"","format":"standard","meta":{"footnotes":""},"categories":[105],"tags":[],"class_list":["post-54723","post","type-post","status-publish","format-standard","hentry","category-gundem","odd"],"_links":{"self":[{"href":"http:\/\/www.korhanyilmaz.com\/index.php?rest_route=\/wp\/v2\/posts\/54723","targetHints":{"allow":["GET"]}}],"collection":[{"href":"http:\/\/www.korhanyilmaz.com\/index.php?rest_route=\/wp\/v2\/posts"}],"about":[{"href":"http:\/\/www.korhanyilmaz.com\/index.php?rest_route=\/wp\/v2\/types\/post"}],"author":[{"embeddable":true,"href":"http:\/\/www.korhanyilmaz.com\/index.php?rest_route=\/wp\/v2\/users\/1"}],"replies":[{"embeddable":true,"href":"http:\/\/www.korhanyilmaz.com\/index.php?rest_route=%2Fwp%2Fv2%2Fcomments&post=54723"}],"version-history":[{"count":0,"href":"http:\/\/www.korhanyilmaz.com\/index.php?rest_route=\/wp\/v2\/posts\/54723\/revisions"}],"wp:attachment":[{"href":"http:\/\/www.korhanyilmaz.com\/index.php?rest_route=%2Fwp%2Fv2%2Fmedia&parent=54723"}],"wp:term":[{"taxonomy":"category","embeddable":true,"href":"http:\/\/www.korhanyilmaz.com\/index.php?rest_route=%2Fwp%2Fv2%2Fcategories&post=54723"},{"taxonomy":"post_tag","embeddable":true,"href":"http:\/\/www.korhanyilmaz.com\/index.php?rest_route=%2Fwp%2Fv2%2Ftags&post=54723"}],"curies":[{"name":"wp","href":"https:\/\/api.w.org\/{rel}","templated":true}]}}