{"id":54713,"date":"2012-08-30T10:51:05","date_gmt":"2012-08-30T07:51:05","guid":{"rendered":"http:\/\/www.korhanyilmaz.com\/?p=54713"},"modified":"2012-08-30T12:10:43","modified_gmt":"2012-08-30T09:10:43","slug":"daha-birkac-gun-buradayim","status":"publish","type":"post","link":"http:\/\/www.korhanyilmaz.com\/?p=54713","title":{"rendered":"&#8221;Daha birka\u00e7 g\u00fcn buraday\u0131m&#8221;"},"content":{"rendered":"<p style=\"text-align: justify;\"><a href=\"http:\/\/www.korhanyilmaz.com\/wp-content\/uploads\/2012\/08\/H557.jpg\"  class=\"lightview\"><img loading=\"lazy\" decoding=\"async\" class=\"aligncenter  wp-image-54716\" src=\"http:\/\/www.korhanyilmaz.com\/wp-content\/uploads\/2012\/08\/H557.jpg\" alt=\"\" width=\"396\" height=\"180\" \/><\/a><\/p>\n<p style=\"text-align: justify;\">Cumhurba\u015fkan\u0131 Abdullah G\u00fcl, Twitter&#8217;dan 30 A\u011fustos Zafer Bayram\u0131&#8217;n\u0131 kutlad\u0131 ve hasta yata\u011f\u0131ndan bir foto\u011fraf\u0131n\u0131 payla\u015ft\u0131.<\/p>\n<p style=\"text-align: justify;\">ANKARA &#8211; Cumhurba\u015fkan\u0131 Abdullah G\u00fcl, 30 A\u011fustos Zafer Bayram\u0131 ve hastal\u0131\u011f\u0131 ile ilgili Twitter&#8217;dan \u015funlar\u0131 yazd\u0131:<\/p>\n<p style=\"text-align: justify;\">&#8221;Herkese merhaba. Bug\u00fcn 30 A\u011fustos Zafer Bayram\u0131. T\u00fcm vatanda\u015flar\u0131m\u0131n 30 A\u011fustos Zafer Bayram\u0131\u2019n\u0131 kutluyorum. \u00c7ok istememe ra\u011fmen, doktorlar\u0131n tavsiyesi \u00fczerine t\u00f6renlere kat\u0131lam\u0131yorum. Hacettepe \u00fcniversite hastanesindeki tedavim s\u00fcr\u00fcyor. Daha birka\u00e7 g\u00fcn burada kalaca\u011f\u0131m&#8221;\u00a0<!--more--><\/p>\n<p style=\"text-align: justify;\"><span style=\"text-decoration: underline;\">\u0130\u015fte Cumhurba\u015fkan\u0131 Abdullah G\u00fcl&#8217;\u00fcn hasta yata\u011f\u0131ndan foto\u011fraf\u0131:<\/span><\/p>\n<p style=\"text-align: justify;\"><a href=\"http:\/\/www.korhanyilmaz.com\/wp-content\/uploads\/2012\/08\/H558.jpg\"  class=\"lightview\"><img loading=\"lazy\" decoding=\"async\" class=\"aligncenter  wp-image-54714\" src=\"http:\/\/www.korhanyilmaz.com\/wp-content\/uploads\/2012\/08\/H558.jpg\" alt=\"\" width=\"480\" height=\"313\" \/><\/a><\/p>\n<p style=\"text-align: justify;\"><span style=\"text-decoration: underline;\">Hastal\u0131k a\u015famas\u0131nda destek olan herkese te\u015fekk\u00fcr eden G\u00fcl \u015funlar\u0131 yazd\u0131:\u00a0<\/span><\/p>\n<p style=\"text-align: justify;\">&#8221;Sa\u011f olsun, t\u00fcm personel ellerinden gelen her \u015feyi yap\u0131yor. \u00c7ok \u015f\u00fck\u00fcr, sa\u011fl\u0131k durumum iyiye gidiyor. Doktorlar\u0131m gerekli a\u00e7\u0131klamalar\u0131 yap\u0131yor, en g\u00fcncel bilgileri s\u00fcrekli sizlerle payla\u015f\u0131yorlar zaten. Devlet kademesinin \u00f6tesinde, T\u00fcrkiye\u2019nin d\u00f6rt bir yan\u0131ndan sevgi ve samimiyet y\u00fckl\u00fc ge\u00e7mi\u015f olsun mesajlar\u0131 ya\u011f\u0131yor. Selamlar\u0131n\u0131z\u0131, dualar\u0131n\u0131z\u0131 al\u0131yorum. Allah hepinizden raz\u0131 olsun. Bu arada, hastanedeki vaktimi de bo\u015f ge\u00e7irmiyorum. \u00c7al\u0131\u015fmalar\u0131ma devam ediyorum, raporlar ve kitaplar okuyorum. En k\u0131sa s\u00fcre i\u00e7inde sizlerle yeniden bulu\u015funcaya kadar Allah\u2019a emanet olun.&#8221;<\/p>\n<p style=\"text-align: justify;\"><a href=\"http:\/\/www.korhanyilmaz.com\/wp-content\/uploads\/2012\/08\/H559.jpg\"  class=\"lightview\"><img loading=\"lazy\" decoding=\"async\" class=\"aligncenter  wp-image-54715\" src=\"http:\/\/www.korhanyilmaz.com\/wp-content\/uploads\/2012\/08\/H559.jpg\" alt=\"\" width=\"480\" height=\"315\" \/><\/a><\/p>\n<p style=\"text-align: justify;\">\u00a0<a href=\"http:\/\/www.gazeteport.com.tr\/haber\/109169\/daha-birkac-gun-buradayim\" target=\"_blank\">Kaynak : GAZETEPORT<\/a><\/p>\n","protected":false},"excerpt":{"rendered":"<p style=\"text-align: justify;\">\n<p style=\"text-align: justify;\">Cumhurba\u015fkan\u0131 Abdullah G\u00fcl, Twitter&#8217;dan 30 A\u011fustos Zafer Bayram\u0131&#8217;n\u0131 kutlad\u0131 ve hasta yata\u011f\u0131ndan bir foto\u011fraf\u0131n\u0131 payla\u015ft\u0131.<\/p>\n<p style=\"text-align: justify;\">ANKARA &#8211; Cumhurba\u015fkan\u0131 Abdullah G\u00fcl, 30 A\u011fustos Zafer Bayram\u0131 ve hastal\u0131\u011f\u0131 ile ilgili Twitter&#8217;dan \u015funlar\u0131 yazd\u0131:<\/p>\n<p style=\"text-align: justify;\">&#8221;Herkese merhaba. Bug\u00fcn 30 A\u011fustos Zafer Bayram\u0131. T\u00fcm vatanda\u015flar\u0131m\u0131n 30 A\u011fustos Zafer Bayram\u0131\u2019n\u0131 kutluyorum. \u00c7ok <\/p>\n","protected":false},"author":1,"featured_media":0,"comment_status":"open","ping_status":"open","sticky":false,"template":"","format":"standard","meta":{"footnotes":""},"categories":[105],"tags":[],"class_list":["post-54713","post","type-post","status-publish","format-standard","hentry","category-gundem","odd"],"_links":{"self":[{"href":"http:\/\/www.korhanyilmaz.com\/index.php?rest_route=\/wp\/v2\/posts\/54713","targetHints":{"allow":["GET"]}}],"collection":[{"href":"http:\/\/www.korhanyilmaz.com\/index.php?rest_route=\/wp\/v2\/posts"}],"about":[{"href":"http:\/\/www.korhanyilmaz.com\/index.php?rest_route=\/wp\/v2\/types\/post"}],"author":[{"embeddable":true,"href":"http:\/\/www.korhanyilmaz.com\/index.php?rest_route=\/wp\/v2\/users\/1"}],"replies":[{"embeddable":true,"href":"http:\/\/www.korhanyilmaz.com\/index.php?rest_route=%2Fwp%2Fv2%2Fcomments&post=54713"}],"version-history":[{"count":0,"href":"http:\/\/www.korhanyilmaz.com\/index.php?rest_route=\/wp\/v2\/posts\/54713\/revisions"}],"wp:attachment":[{"href":"http:\/\/www.korhanyilmaz.com\/index.php?rest_route=%2Fwp%2Fv2%2Fmedia&parent=54713"}],"wp:term":[{"taxonomy":"category","embeddable":true,"href":"http:\/\/www.korhanyilmaz.com\/index.php?rest_route=%2Fwp%2Fv2%2Fcategories&post=54713"},{"taxonomy":"post_tag","embeddable":true,"href":"http:\/\/www.korhanyilmaz.com\/index.php?rest_route=%2Fwp%2Fv2%2Ftags&post=54713"}],"curies":[{"name":"wp","href":"https:\/\/api.w.org\/{rel}","templated":true}]}}