{"id":54710,"date":"2012-08-30T10:21:20","date_gmt":"2012-08-30T07:21:20","guid":{"rendered":"http:\/\/www.korhanyilmaz.com\/?p=54710"},"modified":"2012-08-30T12:04:30","modified_gmt":"2012-08-30T09:04:30","slug":"devlet-erkani-atanin-huzurunda","status":"publish","type":"post","link":"http:\/\/www.korhanyilmaz.com\/?p=54710","title":{"rendered":"Devlet erkan\u0131 Ata&#8217;n\u0131n huzurunda"},"content":{"rendered":"<p style=\"text-align: center;\"><a href=\"http:\/\/www.korhanyilmaz.com\/wp-content\/uploads\/2012\/08\/H556.jpg\"  class=\"lightview\"><img loading=\"lazy\" decoding=\"async\" class=\"aligncenter  wp-image-54711\" src=\"http:\/\/www.korhanyilmaz.com\/wp-content\/uploads\/2012\/08\/H556.jpg\" alt=\"\" width=\"436\" height=\"198\" \/><\/a><\/p>\n<p style=\"text-align: justify;\">Rahats\u0131zl\u0131\u011f\u0131 nedeniyle t\u00f6rene kat\u0131lamayan Cumhurba\u015fkan\u0131 Abdullah G\u00fcl&#8217;\u00fcn yerine TBMM Ba\u015fkan\u0131 Cemil \u00c7i\u00e7ek vekalet etti.<\/p>\n<p style=\"text-align: justify;\">ANKARA &#8211; 30 A\u011fustos Zafer Bayram\u0131 ve T\u00fcrk Silahl\u0131 Kuvvetleri G\u00fcn\u00fc dolay\u0131s\u0131yla An\u0131tkabir&#8217;de t\u00f6ren d\u00fczenlendi. 30 A\u011fustos Zafer Bayram\u0131 ve T\u00fcrk Silahl\u0131 Kuvvetleri G\u00fcn\u00fc dolay\u0131s\u0131yla An\u0131tkabir&#8217;de d\u00fczenlenen t\u00f6rende Cumhurba\u015fkan\u0131 Vekili ve TBMM Ba\u015fkan\u0131 \u00c7i\u00e7ek, &#8221;Bin y\u0131ld\u0131r etle t\u0131rnak gibi ayr\u0131lmaz bir b\u00fct\u00fcn olan milletimiz, birlik ve beraberli\u011finden ald\u0131\u011f\u0131 g\u00fc\u00e7le hedeflerine ula\u015fmak i\u00e7in var g\u00fcc\u00fcyle \u00e7al\u0131\u015f\u0131yor. Aram\u0131za nifak sokmak isteyenler tarihin her d\u00f6neminde oldu\u011fu gibi h\u00fcsrana u\u011frayacakt\u0131r&#8221; dedi.\u00a0<!--more--><\/p>\n<p style=\"text-align: justify;\">T\u00f6ren, Cumhurba\u015fkan\u0131 Vekili ve TBMM Ba\u015fkan\u0131 Cemil \u00c7i\u00e7ek, Ba\u015fbakan Recep Tayyip Erdo\u011fan, Genelkurmay Ba\u015fkan\u0131 Orgeneral Necdet \u00d6zel, Anayasa Mahkemesi Ba\u015fkan\u0131 Ha\u015fim K\u0131l\u0131\u00e7, CHP Genel Ba\u015fkan Vekili Adnan Keskin, Ba\u015fbakan Yard\u0131mc\u0131lar\u0131 B\u00fclent Ar\u0131n\u00e7, Be\u015fir Atalay ve Bekir Bozda\u011f, Dan\u0131\u015ftay Ba\u015fkan\u0131 H\u00fcseyin Karakuluk\u00e7u, Yarg\u0131tay Ba\u015fkan\u0131 Ali Alkan, MHP Genel Ba\u015fkan\u0131 Devlet Bah\u00e7eli, kuvvet komutanlar\u0131, baz\u0131 bakanlar kurulu \u00fcyeleri ve di\u011fer devlet erkan\u0131n\u0131n Aslanl\u0131 Yol&#8217;dan y\u00fcr\u00fcy\u00fc\u015f\u00fcyle ba\u015flad\u0131.<\/p>\n<p style=\"text-align: justify;\">T\u00f6rene kula\u011f\u0131ndaki rahats\u0131zl\u0131k nedeniyle kat\u0131lamayan Cumhurba\u015fkan\u0131 Abdullah G\u00fcl&#8217;e vekalet eden TBMM Ba\u015fkan\u0131 \u00c7i\u00e7ek, Atat\u00fcrk&#8217;\u00fcn mozolesine, \u00fczerinde &#8221;Cumhurba\u015fkan\u0131&#8221; yaz\u0131l\u0131 k\u0131rm\u0131z\u0131 ve beyaz karanfillerden olu\u015fan \u00e7elenk koydu. Sayg\u0131 duru\u015funda bulunulmas\u0131n\u0131n ard\u0131ndan \u0130stiklal Mar\u015f\u0131 s\u00f6ylendi.<\/p>\n<p style=\"text-align: justify;\">Daha sonra Misak-\u0131 Milli Kulesi&#8217;ne ge\u00e7en Cemil \u00c7i\u00e7ek, An\u0131tkabir \u00d6zel Defteri&#8217;ni imzalad\u0131 ve deftere yazd\u0131\u011f\u0131 metni okudu.<\/p>\n<p style=\"text-align: justify;\">\u00c7i\u00e7ek, \u015funlar\u0131 kaydetti:<\/p>\n<p style=\"text-align: justify;\">&#8221;Aziz Atat\u00fcrk, tarihimizin en \u00f6nemli gurur g\u00fcnlerinden B\u00fcy\u00fck Zafer&#8217;in y\u0131l d\u00f6n\u00fcm\u00fcnde huzurunuzday\u0131z. B\u00fcy\u00fck yokluklar i\u00e7inde g\u00fc\u00e7l\u00fc ordulara kar\u015f\u0131 Kurtulu\u015f Sava\u015f\u0131&#8217;nda verdi\u011finiz m\u00fccadele milletimizin h\u00fcr ve ba\u011f\u0131ms\u0131z ya\u015fama kararl\u0131l\u0131\u011f\u0131n\u0131 t\u00fcm d\u00fcnyaya bir kez daha g\u00f6stermi\u015ftir. Y\u00fcce milletimiz ve kahraman ordumuzla 30 A\u011fustos&#8217;ta muazzam bir destan yazd\u0131n\u0131z. Bizlere bu cennet vatan\u0131 ve cumhuriyeti miras b\u0131rakt\u0131n\u0131z. Bizler bu \u00fclkenin her kar\u0131\u015f topra\u011f\u0131 i\u00e7in ne bedeller \u00f6dendi\u011finin bilincindeyiz. Emanetiniz g\u00fcvenilir ellerdedir. Emanetinize sonsuza kadar kararl\u0131l\u0131kla sahip \u00e7\u0131kaca\u011f\u0131z.<\/p>\n<p style=\"text-align: justify;\">T\u00fcrkiye Cumhuriyeti&#8217;ni i\u015faret etti\u011finiz muas\u0131r medeniyetler seviyesinin \u00fczerine \u00e7\u0131karmak i\u00e7in b\u00fcy\u00fck gayret g\u00f6steriyoruz. Bin y\u0131ld\u0131r etle t\u0131rnak gibi ayr\u0131lmaz bir b\u00fct\u00fcn olan milletimiz, birlik ve beraberli\u011finden ald\u0131\u011f\u0131 g\u00fc\u00e7le hedeflerine ula\u015fmak i\u00e7in var g\u00fcc\u00fcyle \u00e7al\u0131\u015f\u0131yor. Aram\u0131za nifak sokmak isteyenler tarihin her d\u00f6neminde oldu\u011fu gibi h\u00fcsrana u\u011frayacakt\u0131r. Zafer Bayram\u0131&#8217;nda millet olarak aziz hat\u0131ran\u0131z \u00f6n\u00fcnde sayg\u0131yla e\u011filiyor, size minnet duygular\u0131m\u0131zla birlikte \u015f\u00fckranlar\u0131m\u0131z\u0131 sunuyoruz. Ruhunuz \u015fad olsun.&#8221; (AA)<\/p>\n<p style=\"text-align: justify;\"><a href=\"http:\/\/www.gazeteport.com.tr\/haber\/109161\/devlet-erkani-atanin-huzurunda\" target=\"_blank\">Kaynak : GAZETEPORT<\/a><\/p>\n<p style=\"text-align: justify;\">\n","protected":false},"excerpt":{"rendered":"<p style=\"text-align: center;\">\n<p style=\"text-align: justify;\">Rahats\u0131zl\u0131\u011f\u0131 nedeniyle t\u00f6rene kat\u0131lamayan Cumhurba\u015fkan\u0131 Abdullah G\u00fcl&#8217;\u00fcn yerine TBMM Ba\u015fkan\u0131 Cemil \u00c7i\u00e7ek vekalet etti.<\/p>\n<p style=\"text-align: justify;\">ANKARA &#8211; 30 A\u011fustos Zafer Bayram\u0131 ve T\u00fcrk Silahl\u0131 Kuvvetleri G\u00fcn\u00fc dolay\u0131s\u0131yla An\u0131tkabir&#8217;de t\u00f6ren d\u00fczenlendi. 30 A\u011fustos Zafer Bayram\u0131 ve T\u00fcrk Silahl\u0131 Kuvvetleri G\u00fcn\u00fc dolay\u0131s\u0131yla An\u0131tkabir&#8217;de d\u00fczenlenen t\u00f6rende Cumhurba\u015fkan\u0131 Vekili ve TBMM Ba\u015fkan\u0131 \u00c7i\u00e7ek, <\/p>\n","protected":false},"author":1,"featured_media":0,"comment_status":"open","ping_status":"open","sticky":false,"template":"","format":"standard","meta":{"footnotes":""},"categories":[105],"tags":[],"class_list":["post-54710","post","type-post","status-publish","format-standard","hentry","category-gundem","odd"],"_links":{"self":[{"href":"http:\/\/www.korhanyilmaz.com\/index.php?rest_route=\/wp\/v2\/posts\/54710","targetHints":{"allow":["GET"]}}],"collection":[{"href":"http:\/\/www.korhanyilmaz.com\/index.php?rest_route=\/wp\/v2\/posts"}],"about":[{"href":"http:\/\/www.korhanyilmaz.com\/index.php?rest_route=\/wp\/v2\/types\/post"}],"author":[{"embeddable":true,"href":"http:\/\/www.korhanyilmaz.com\/index.php?rest_route=\/wp\/v2\/users\/1"}],"replies":[{"embeddable":true,"href":"http:\/\/www.korhanyilmaz.com\/index.php?rest_route=%2Fwp%2Fv2%2Fcomments&post=54710"}],"version-history":[{"count":0,"href":"http:\/\/www.korhanyilmaz.com\/index.php?rest_route=\/wp\/v2\/posts\/54710\/revisions"}],"wp:attachment":[{"href":"http:\/\/www.korhanyilmaz.com\/index.php?rest_route=%2Fwp%2Fv2%2Fmedia&parent=54710"}],"wp:term":[{"taxonomy":"category","embeddable":true,"href":"http:\/\/www.korhanyilmaz.com\/index.php?rest_route=%2Fwp%2Fv2%2Fcategories&post=54710"},{"taxonomy":"post_tag","embeddable":true,"href":"http:\/\/www.korhanyilmaz.com\/index.php?rest_route=%2Fwp%2Fv2%2Ftags&post=54710"}],"curies":[{"name":"wp","href":"https:\/\/api.w.org\/{rel}","templated":true}]}}