{"id":5471,"date":"2009-03-14T15:43:00","date_gmt":"2009-03-14T13:43:00","guid":{"rendered":"http:\/\/www.korhanyilmaz.com\/?p=5471"},"modified":"2009-03-14T15:43:00","modified_gmt":"2009-03-14T13:43:00","slug":"otomotivde-buyuk-indirim","status":"publish","type":"post","link":"http:\/\/www.korhanyilmaz.com\/?p=5471","title":{"rendered":"Otomotiv&#8217;de b\u00fcy\u00fck indirim"},"content":{"rendered":"<p style=\"text-align: center;\"><img loading=\"lazy\" decoding=\"async\" class=\"aligncenter size-full wp-image-5472\" title=\"Otomotiv'de b\u00fcy\u00fck indirim \" src=\"http:\/\/www.korhanyilmaz.com\/wp-content\/uploads\/2009\/03\/150320091118393940094.jpg\" alt=\"Otomotiv'de b\u00fcy\u00fck indirim \" width=\"263\" height=\"168\" \/><\/p>\n<p style=\"text-align: justify;\"><strong>Yeni oranlarla hangi \u00fcr\u00fcn ne kadar ucuzluyor?<\/strong><\/p>\n<p style=\"text-align: justify;\">Ba\u015fbakan Erdo\u011fan&#8217;\u0131n a\u00e7\u0131klad\u0131\u011f\u0131 \u00f6nlem paketi tamamland\u0131<\/p>\n<p style=\"text-align: justify;\">Ba\u015fbakan Erdo\u011fan&#8217;\u0131n a\u00e7\u0131klad\u0131\u011f\u0131 \u00f6nlem paketi \u00f6nceki gece Maliye Bakanl\u0131\u011f\u0131&#8217;nda tamamland\u0131. Ekonomi y\u00f6netiminin &#8220;Y\u00fczde 1&#8217;e d\u00fc\u015f\u00fcrelim&#8221; talebine kar\u015f\u0131l\u0131k Maliye&#8217;nin \u0131srar\u0131 sonras\u0131 otomobillerde 1.600 cc&#8217;nin alt\u0131ndaki ara\u00e7lar\u0131n \u00d6TV&#8217;si y\u00fczde 18.5&#8217;e \u00e7ekildi. D\u00fcn imzaya a\u00e7\u0131lan Bakanlar Kurulu karar\u0131yla \u00d6TV indirimlerinin en ge\u00e7 Sal\u0131 g\u00fcn\u00fc y\u00fcr\u00fcrl\u00fc\u011fe girmesi bekleniyor. <!--more--><\/p>\n<p style=\"text-align: justify;\">Ba\u015fbakan Recep Tayyip Erdo\u011fan&#8217;\u0131n \u00f6nceki g\u00fcn a\u00e7\u0131klad\u0131\u011f\u0131 krize kar\u015f\u0131 vergi indirimleriyle ilgili \u00f6nlem paketi, d\u00fcn tamamland\u0131. Maliye Bakanl\u0131\u011f\u0131&#8217;n\u0131n yo\u011fun gece mesaisiyle otomotiv ve beyaze\u015fyada yap\u0131lacak \u00d6TV indirimleri ile di\u011fer \u00f6nlemlerin oranlar\u0131 belirlendi. Maliye Bakanl\u0131\u011f\u0131 \u00fcst y\u00f6netimi, paketi Ba\u015fbakanl\u0131\u011fa g\u00f6nderdi. 1.6 CC ve alt\u0131 ara\u00e7larda 5 bin TL&#8217;ye varan indirim getirecek paketin y\u00fcr\u00fcrl\u00fc\u011fe girmesi i\u00e7in gerekli Bakanlar Kurulu karar\u0131 d\u00fcn imzaya a\u00e7\u0131ld\u0131. Paketin Pazartesi ya da Sal\u0131 g\u00fcn\u00fc Resmi Gazete&#8217;de yay\u0131mlanarak y\u00fcr\u00fcrl\u00fc\u011fe girmesi hedefleniyor. Paketin son hali \u015f\u00f6yle:<\/p>\n<p style=\"text-align: justify;\"><img loading=\"lazy\" decoding=\"async\" class=\"size-full wp-image-5473 alignleft\" style=\"margin-left: 10px; margin-right: 10px;\" src=\"http:\/\/www.korhanyilmaz.com\/wp-content\/uploads\/2009\/03\/140320092159362749542_3.jpg\" alt=\"\" width=\"326\" height=\"837\" \/><\/p>\n<p style=\"text-align: justify;\">\n<p style=\"text-align: justify;\"><strong>1.600 CC ALTINA Y\u00dcZDE 50 \u00d6TV \u0130ND\u0130R\u0130M\u0130:<\/strong><\/p>\n<p style=\"text-align: justify;\">Maliye Bakanl\u0131\u011f\u0131&#8217;n\u0131n karar\u0131na g\u00f6re 1.600 cc&#8217;nin alt\u0131ndaki ara\u00e7larda 19 puanl\u0131k indirim yap\u0131lacak. Sekt\u00f6r\u00fcn en \u00e7ok stok bulundurdu\u011fu 1.600 cc alt\u0131ndaki ara\u00e7lar\u0131n \u00d6TV oran\u0131 18.5 puan olacak. Yeni paketli bu ara\u00e7larda halen y\u00fczde 37 olan \u00d6TV oran\u0131n\u0131n y\u00fczde 18.5&#8217;e indirilmesi kararla\u015ft\u0131r\u0131ld\u0131.<\/p>\n<p style=\"text-align: justify;\"><strong>1.600 &#8211; 2000 CC ARASINDAK\u0130LERE 6 PUANLIK \u0130ND\u0130R\u0130M: <\/strong><\/p>\n<p style=\"text-align: justify;\">Pakette 1.600-2.000 cc aras\u0131ndaki ara\u00e7lara yap\u0131lacak \u00d6TV indirimi ise son derece s\u0131n\u0131rl\u0131 tutularak, &#8220;6 puan&#8221; olarak benimsendi. Bu kategoride yer alan ara\u00e7larda halen y\u00fczde 60 olan \u00d6TV oran\u0131, y\u00fczde 54 olarak uygulanacak. \u00d6nlemler, otomotiv sekt\u00f6r\u00fcn\u00fcn stoklar\u0131ndaki ve yerli ara\u00e7lar\u0131n azalt\u0131lmas\u0131n\u0131 te\u015fvik etmeyi hedefledi\u011fi i\u00e7in 1600 cc \u00fczerindeki ara\u00e7larda \u00d6TV indiriminin daha s\u0131n\u0131rl\u0131 tutuldu\u011fu \u00f6\u011frenildi.<\/p>\n<p style=\"text-align: justify;\"><strong>2000 CC \u00dcZER\u0130NE 4 PUANLIK \u0130ND\u0130R\u0130M:<\/strong><\/p>\n<p style=\"text-align: justify;\">2000 cc \u00fczerindeki ara\u00e7larda da \u00d6TV indirim oran\u0131 4 puan olarak benimsendi. Buna g\u00f6re bu ara\u00e7larda halen y\u00fczde 84 olan \u00d6TV oran\u0131, y\u00fczde 80&#8217;e indirilecek. Bu segment daha \u00e7ok l\u00fcks ara\u00e7lar oldu\u011fu i\u00e7in indirim s\u0131n\u0131rl\u0131 tutuldu.<\/p>\n<p style=\"text-align: justify;\"><strong>HAF\u0130F T\u0130CAR\u0130 ARA\u00c7TA \u00d6TV % 10&#8217;DAN 1&#8217;E \u0130NECEK: <\/strong><\/p>\n<p style=\"text-align: justify;\">Doblo, Kangoo, Connect, Caddy ve Berlingo gibi hafif ticari ara\u00e7lar i\u00e7in de \u00d6TV indirimi \u00f6ng\u00f6r\u00fcld\u00fc. Buna g\u00f6re, bu ara\u00e7larda halen uygulanmakta olan y\u00fczde 10&#8217;luk \u00d6TV oran\u0131 y\u00fczde 1&#8217;e indirilecek.<\/p>\n<p style=\"text-align: justify;\"><strong>BETON KARI\u015eTIRICI, \u0130TFA\u0130YE TA\u015eITI, V\u0130N\u00c7LERE 3 PUANLIK \u00d6TV \u0130ND\u0130R\u0130M\u0130: <\/strong><\/p>\n<p style=\"text-align: justify;\">Ayn\u0131 kararnamede insan ta\u015f\u0131mak i\u00e7in yap\u0131lm\u0131\u015f olanlar hari\u00e7 &#8220;di\u011fer ta\u015f\u0131tlar&#8221; ba\u015fl\u0131\u011f\u0131 alt\u0131nda say\u0131lanlara da 3 puanl\u0131k \u00d6TV indirimi geliyor. Buna g\u00f6re tamir ara\u00e7lar\u0131, vin\u00e7li ta\u015f\u0131tlar, itfaiye ta\u015f\u0131tlar\u0131, beton kar\u0131\u015ft\u0131r\u0131c\u0131, yol s\u00fcp\u00fcrmeye yarayan arabalar, tohum, g\u00fcbre, zift, su ve benzerlerini sa\u00e7an arabalar, at\u00f6lye arabalar\u0131, radyoloji cihazlar\u0131 ile donat\u0131lm\u0131\u015f arabalar gibi \u00f6zel ama\u00e7l\u0131 motorlu ta\u015f\u0131tlar\u0131n \u00d6TV&#8217;si y\u00fczde 4&#8217;ten y\u00fczde 1&#8217;e indirilecek.<\/p>\n<p style=\"text-align: justify;\">Ayr\u0131ca, fabrika, antrepo, liman veya havalimanlar\u0131nda k\u0131sa mesafelerde e\u015fya ta\u015f\u0131maya mahsus, kald\u0131rma tertibat\u0131 ile donat\u0131lmam\u0131\u015f hareketli y\u00fck arabalar\u0131, demiryolu istasyon platformlar\u0131nda kullan\u0131lan \u00e7ekicilerdeki y\u00fczde 10&#8217;luk \u00d6TV de y\u00fczde 1&#8217;e indirilecek.<\/p>\n<p style=\"text-align: justify;\"><strong>10 bin TL kredinin faizi 180 TL azalacak<\/strong><\/p>\n<p style=\"text-align: justify;\">&#8211; Paketle Kaynak Kullan\u0131m\u0131n\u0131 Destekleme Fonu y\u00fczde 15&#8217;ten y\u00fczde 10&#8217;a indirilecek. Bu indirimle \u00f6rne\u011fin y\u00fczde 1.50 faiz oran\u0131 ile 36 ay vadeli 10 bin TL&#8217;lik ta\u015f\u0131t kredisi alan bir t\u00fcketici vade sonunda 179.64 TL az \u00f6deme yapacak.<\/p>\n<p style=\"text-align: justify;\">&#8211; Ayr\u0131ca 150 m2 \u00fczerindeki evlerde KDV&#8217;nin y\u00fczde 8&#8217;e indirilmesi, KOSGEB&#8217;e 75 milyon TL aktar\u0131lmas\u0131, Eximbank&#8217;\u0131n sermayesinin 500 milyon TL art\u0131r\u0131lmas\u0131 \u00f6nlemleri de yer ald\u0131.<\/p>\n<p style=\"text-align: justify;\"><strong>Otomobilde KDV de dolayl\u0131 olarak azalacak<\/strong><\/p>\n<p style=\"text-align: justify;\">Otomob\u0130lde KDV&#8217;nin matrah\u0131na \u00d6TV de dahil. Bir ba\u015fka deyi\u015fle arac\u0131n \u00d6TV&#8217;li fiyat\u0131na KDV uygulan\u0131yor. Bu nedenle yap\u0131lan \u00d6TV indiriminin, fiyata yans\u0131mas\u0131 daha fazla olacak. \u00d6rne\u011fin 100 TL&#8217;lik 1.6 cc alt\u0131 bir ara\u00e7ta yap\u0131lan \u00d6TV indiriminin yans\u0131mas\u0131 KDV etkisiyle 22 TL&#8217;ye ula\u015facak. KDV \u00e7\u0131plak fiyattan al\u0131nsayd\u0131, indirim 18.5 TL olacakt\u0131.<\/p>\n<p style=\"text-align: justify;\"><strong>Beyaze\u015fyada \u00d6TV 3 ay i\u00e7in s\u0131f\u0131rlan\u0131yor<\/strong><\/p>\n<p style=\"text-align: justify;\">Kararnamede Bakanlar Kurulu yetkisiyle beyaz e\u015fyada halen al\u0131nmakta olan y\u00fczde 6.7&#8217;lik \u00d6TV&#8217;nin s\u0131f\u0131rland\u0131\u011f\u0131 \u00f6\u011frenildi. \u00c7ama\u015f\u0131r, bula\u015f\u0131k makineleri, buzdolaplar\u0131 gibi, 4 say\u0131l\u0131 \u00d6TV listesinde bulunan beyaze\u015fyadan 3 ay \u00d6TV al\u0131nmayacak.<\/p>\n<p style=\"text-align: justify;\"><strong>Piyasa nas\u0131l tepki verdi?<\/strong><\/p>\n<p style=\"text-align: justify;\"><strong>G\u00f6ztepe Karde\u015fler Tic\/ \u0130smet Ta\u015fkan: Ge\u00e7 kal\u0131nd\u0131, Aral\u0131k ay\u0131nda yap\u0131lmal\u0131yd\u0131<\/strong><\/p>\n<p style=\"text-align: justify;\">&#8220;Firma olarak zaten gazetelerde belirtilen miktarlarda indirimi, hatta daha fazlas\u0131n\u0131 yap\u0131yoruz. Ge\u00e7 kal\u0131nd\u0131. 12. ayda yap\u0131lm\u0131\u015f olsayd\u0131 piyasa bu kadar k\u00f6t\u00fc durumda olmazd\u0131. Ama yine de olumlu yans\u0131yaca\u011f\u0131n\u0131 d\u00fc\u015f\u00fcn\u00fcyorum.&#8221;<\/p>\n<p style=\"text-align: justify;\"><strong>Vestel G\u00f6ztepe Bayii Mira\u00e7 Kiremit\u00e7i: Herkes bekliyor siftah yapamad\u0131k<\/strong><\/p>\n<p style=\"text-align: justify;\">&#8220;D\u00fcnden itibaren a\u00e7\u0131klamayla birlikte insanlar aya\u011f\u0131n\u0131 kesti. Hafta sonu olmas\u0131na ra\u011fmen daha siftah bile yapamad\u0131k \u00e7\u00fcnk\u00fc herkes fiyatlar\u0131n \u00f6n\u00fcm\u00fczdeki d\u00f6nemde d\u00fc\u015fece\u011fini d\u00fc\u015f\u00fcn\u00fcyor ve bu nedenle beklemeye ge\u00e7iyor.&#8221;<\/p>\n<p style=\"text-align: justify;\"><strong>Renault Tepreto\u011flu Otomotiv Sat\u0131\u015f Sorumlusu Tayfun Ural: Hareketlilik ilk g\u00fcnden ba\u015flad\u0131 bile<\/strong><\/p>\n<p style=\"text-align: justify;\">&#8220;\u00d6zellikle \u00fc\u00e7 ay ile s\u0131n\u0131rl\u0131 olmas\u0131 sekt\u00f6rde \u00e7ok b\u00fcy\u00fck hareketlilik sa\u011flayacakt\u0131r. Bug\u00fcn bile \u00f6nemli bir hareketlilik var. M\u00fc\u015fteriler gelip s\u0131f\u0131r ara\u00e7 fiyatlar\u0131n\u0131 ara\u015ft\u0131r\u0131p, indirim ba\u015flay\u0131nca geleceklerini s\u00f6yl\u00fcyorlar.&#8221;<\/p>\n<p style=\"text-align: justify;\"><strong>G\u00f6k\u015fenler Otomotiv\/ G\u00fcney Tosun: Sat\u0131\u015flar kriz \u00f6ncesi seviyeye \u00e7\u0131kar<\/strong><br \/>\n&#8220;Ge\u00e7en Kas\u0131m ay\u0131ndan beri \u00d6TV inecek diye s\u00f6ylenti var. As\u0131l otomotiv sekt\u00f6r\u00fcndeki krizi bu s\u00f6ylemler olu\u015fturdu. \u0130ndirimle sat\u0131\u015flar eski seviyeye kadar \u00e7\u0131kabilir. Bundan sonra \u00d6TV indirimi beklentisiyle talebi ertelenen ara\u00e7lar sat\u0131lacak.&#8221;\n<\/p>\n<p style=\"text-align: justify;\"><strong>Peugeot Altunizade A\u00e7\u0131 Otomotiv Sat\u0131\u015f M\u00fcd\u00fcr\u00fc \u00dcnal Y\u0131lmaz: Ke\u015fke paketi tam olarak a\u00e7salard\u0131<\/strong><\/p>\n<p style=\"text-align: justify;\">&#8220;Asl\u0131nda a\u00e7\u0131klama yap\u0131l\u0131rken miktar\u0131n s\u00f6ylenmesi, paketin tam olarak a\u00e7\u0131klanmas\u0131 \u00e7ok daha uygun olurdu. \u00c7\u00fcnk\u00fc b\u00f6yle \u015feyler piyasada insanlar\u0131 beklentiye sokuyor, talep tamamen duruyor.&#8221;<\/p>\n<p style=\"text-align: justify;\"><strong>\u0130TO: Nefes alaca\u011f\u0131z ama s\u00fcre uzat\u0131lmal\u0131<\/strong><\/p>\n<p style=\"text-align: justify;\">\u0130stanbul Ticaret Odas\u0131 (\u0130TO) Ba\u015fkan\u0131 Murat Yal\u00e7\u0131nta\u015f, ekonomi y\u00f6netiminin &#8220;krizi do\u011fru okudu\u011funu, sanayinin ve KOB\u0130&#8217;lerin nefes alaca\u011f\u0131n\u0131&#8221; belirtti. Yal\u00e7\u0131nta\u015f, Bakan Ekren&#8217;in 4. paket i\u00e7in ifade etti\u011fi 5.5 milyar TL&#8217;lik ekonomik b\u00fcy\u00fckl\u00fc\u011f\u00fcn, talebi canland\u0131rmaya y\u00f6nelik \u00e7al\u0131\u015fmalar i\u00e7in i\u015f d\u00fcnyas\u0131na g\u00fcven verdi\u011fini kaydetti. Yal\u00e7\u0131nta\u015f, 3 ay olarak belirtilen dolayl\u0131 vergi indirimlerinin s\u00fcresinin uzat\u0131lmas\u0131n\u0131n yararl\u0131 olaca\u011f\u0131n\u0131 da vurgulad\u0131.<\/p>\n<p style=\"text-align: justify;\"><strong>&#8216;Otomobil alacaklar f\u0131rsat\u0131 iyi kullans\u0131n&#8217; <\/strong><\/p>\n<p style=\"text-align: justify;\">Hyundai Assan Sat\u0131\u015f Direkt\u00f6r\u00fc Yavuz Kim, &#8220;Ekonomik tedbir paketiyle t\u00fcketicilerin ve sekt\u00f6rlerin az da olsa rahat bir nefes alaca\u011f\u0131n\u0131 san\u0131yorum&#8221; dedi. Yavuz Kim, paketin adeta bir &#8220;can simidi&#8221; olaca\u011f\u0131n\u0131 s\u00f6yledi. &#8220;\u015eimdi herkes gibi biz de h\u00fck\u00fcmetin ekonomik kriz paketini bekliyoruz&#8221; diyen Kim, \u015f\u00f6yle devam etti:<\/p>\n<p style=\"text-align: justify;\">&#8220;T\u00fcketicilere de \u00e7a\u011fr\u0131m olacak. \u0130mkan\u0131 olanlar i\u00e7in otomotiv alman\u0131n tam zaman\u0131. Bu f\u0131rsat\u0131 iyi de\u011ferlendirsinler.&#8221;<\/p>\n<p style=\"text-align: justify;\"><strong>&#8216;Te\u015fvik paketi pazar\u0131 % 15-20 canland\u0131r\u0131r&#8217;<\/strong><\/p>\n<p style=\"text-align: justify;\">Nissan Otomotiv Genel M\u00fcd\u00fcr Yard\u0131mc\u0131s\u0131 \u0130lkim Sancaktaro\u011flu, &#8220;H\u00fck\u00fcmetin otomotiv sekt\u00f6r\u00fcne y\u00f6nelik te\u015fvik paketi olursa, pazarda y\u00fczde 15-20 art\u0131\u015f olur&#8221; dedi. H\u00fck\u00fcmetin \u00d6TV ve KDV&#8217;de indirimden s\u00f6z etmesinin otomobil sat\u0131\u015flar\u0131n\u0131 b\u0131\u00e7ak gibi kesti\u011fini anlatan Sancaktaro\u011flu, durumun bir an \u00f6nce a\u00e7\u0131kl\u0131\u011fa kavu\u015fmas\u0131n\u0131 istediklerini kaydetti.<\/p>\n<p style=\"text-align: justify;\"><span style=\"color: #888888;\">Kaynak : G\u00fcl\u00fcmhan G\u00fclten \/ Vatan Gazetesi<\/span><\/p>\n","protected":false},"excerpt":{"rendered":"<p style=\"text-align: center;\">\n<p style=\"text-align: justify;\">Yeni oranlarla hangi \u00fcr\u00fcn ne kadar ucuzluyor?<\/p>\n<p style=\"text-align: justify;\">Ba\u015fbakan Erdo\u011fan&#8217;\u0131n a\u00e7\u0131klad\u0131\u011f\u0131 \u00f6nlem paketi tamamland\u0131<\/p>\n<p style=\"text-align: justify;\">Ba\u015fbakan Erdo\u011fan&#8217;\u0131n a\u00e7\u0131klad\u0131\u011f\u0131 \u00f6nlem paketi \u00f6nceki gece Maliye Bakanl\u0131\u011f\u0131&#8217;nda tamamland\u0131. Ekonomi y\u00f6netiminin &#8220;Y\u00fczde 1&#8217;e d\u00fc\u015f\u00fcrelim&#8221; talebine kar\u015f\u0131l\u0131k Maliye&#8217;nin \u0131srar\u0131 sonras\u0131 otomobillerde 1.600 cc&#8217;nin alt\u0131ndaki ara\u00e7lar\u0131n \u00d6TV&#8217;si y\u00fczde 18.5&#8217;e \u00e7ekildi. D\u00fcn imzaya a\u00e7\u0131lan Bakanlar <\/p>\n","protected":false},"author":1,"featured_media":0,"comment_status":"open","ping_status":"closed","sticky":false,"template":"","format":"standard","meta":{"footnotes":""},"categories":[7],"tags":[],"class_list":["post-5471","post","type-post","status-publish","format-standard","hentry","category-ekonomi","odd"],"_links":{"self":[{"href":"http:\/\/www.korhanyilmaz.com\/index.php?rest_route=\/wp\/v2\/posts\/5471","targetHints":{"allow":["GET"]}}],"collection":[{"href":"http:\/\/www.korhanyilmaz.com\/index.php?rest_route=\/wp\/v2\/posts"}],"about":[{"href":"http:\/\/www.korhanyilmaz.com\/index.php?rest_route=\/wp\/v2\/types\/post"}],"author":[{"embeddable":true,"href":"http:\/\/www.korhanyilmaz.com\/index.php?rest_route=\/wp\/v2\/users\/1"}],"replies":[{"embeddable":true,"href":"http:\/\/www.korhanyilmaz.com\/index.php?rest_route=%2Fwp%2Fv2%2Fcomments&post=5471"}],"version-history":[{"count":0,"href":"http:\/\/www.korhanyilmaz.com\/index.php?rest_route=\/wp\/v2\/posts\/5471\/revisions"}],"wp:attachment":[{"href":"http:\/\/www.korhanyilmaz.com\/index.php?rest_route=%2Fwp%2Fv2%2Fmedia&parent=5471"}],"wp:term":[{"taxonomy":"category","embeddable":true,"href":"http:\/\/www.korhanyilmaz.com\/index.php?rest_route=%2Fwp%2Fv2%2Fcategories&post=5471"},{"taxonomy":"post_tag","embeddable":true,"href":"http:\/\/www.korhanyilmaz.com\/index.php?rest_route=%2Fwp%2Fv2%2Ftags&post=5471"}],"curies":[{"name":"wp","href":"https:\/\/api.w.org\/{rel}","templated":true}]}}