{"id":54705,"date":"2012-08-30T08:58:40","date_gmt":"2012-08-30T05:58:40","guid":{"rendered":"http:\/\/www.korhanyilmaz.com\/?p=54705"},"modified":"2012-08-30T11:01:42","modified_gmt":"2012-08-30T08:01:42","slug":"vekil-yakinlari-icin-kural-delindi","status":"publish","type":"post","link":"http:\/\/www.korhanyilmaz.com\/?p=54705","title":{"rendered":"Vekil yak\u0131nlar\u0131 i\u00e7in kural delindi"},"content":{"rendered":"<p style=\"text-align: justify;\"><a href=\"http:\/\/www.korhanyilmaz.com\/wp-content\/uploads\/2012\/08\/H554.jpg\"  class=\"lightview\"><img loading=\"lazy\" decoding=\"async\" class=\"aligncenter size-full wp-image-54706\" title=\"\" src=\"http:\/\/www.korhanyilmaz.com\/wp-content\/uploads\/2012\/08\/H554.jpg\" alt=\"\" width=\"449\" height=\"210\" \/><\/a><\/p>\n<p style=\"text-align: justify;\"><strong>Vekil yak\u0131\u0131 \u00f6\u011fretmenler i\u00e7in kural delindi\u00a0<\/strong><\/p>\n<p style=\"text-align: justify;\"><strong>\u0130\u015fte AKP adaleti\u00a0<\/strong><\/p>\n<p style=\"text-align: justify;\">Tayinlerinde kat\u0131 kurallar uygulayan iktidar, kendi vekil ve bakanlar\u0131n\u0131n yak\u0131n\u0131 olan \u00f6\u011fretmenleri korudu.<\/p>\n<p style=\"text-align: justify;\">On binlerce \u00f6\u011fretmeni ve ailesini ilgilendiren e\u015f durumu ve \u00f6z\u00fcr grubu tayinlerini, ya\u015fanan t\u00fcm dramlara kar\u015f\u0131n kat\u0131 kurallarla s\u0131n\u0131rlayan Milli E\u011fitim Bakanl\u0131\u011f\u0131 (MEB), \u201c48 \u015fansl\u0131 \u00f6\u011fretmeni\u201d Ankara merkez ve ta\u015fra te\u015fkilat\u0131nda \u201cg\u00f6revlendirdi\u201d. G\u00f6revlendirilenler aras\u0131nda AKP\u2019li bakanlar ve milletvekili yak\u0131nlar\u0131 da bulunuyor. \u00d6mer Din\u00e7er, bakanl\u0131k koltu\u011funa oturduktan sonra g\u00f6revlendirmelere s\u0131cak bakmad\u0131\u011f\u0131n\u0131 belirtmi\u015f ve temmuz ay\u0131 ba\u015f\u0131nda bakanl\u0131ktaki t\u00fcm g\u00f6revlendirmeleri iptal ederek ba\u015fka okullarda ya da ge\u00e7ici g\u00f6revle \u00e7al\u0131\u015fan \u00f6\u011fretmenleri okullar\u0131na d\u00f6nd\u00fcrm\u00fc\u015ft\u00fc.<!--more--><\/p>\n<p style=\"text-align: justify;\">Din\u00e7er, bakanl\u0131k koltu\u011funa oturduktan sonra \u00f6\u011fretmenlerin asli kadrolar\u0131ndan ba\u015fka kadrolara kayd\u0131r\u0131lmas\u0131na yol a\u00e7an ge\u00e7ici g\u00f6revlendirmeler konusunda net bir tav\u0131r tak\u0131nm\u0131\u015ft\u0131. Bu kapsamda 21 bin 652 \u00f6\u011fretmen bulundu\u011funa i\u015faret eden Din\u00e7er, bunlardan 3 bin 440\u2019\u0131n\u0131n kadrosunun bulundu\u011fu okul d\u0131\u015f\u0131ndaki okullarda, 4 bin 615\u2019inin norm fazlas\u0131 oldu\u011fundan di\u011fer okullarda, 521\u2019inin norm fazlas\u0131 oldu\u011fundan il ve il\u00e7e milli e\u011fitim m\u00fcd\u00fcrl\u00fcklerinde, 12 bin 593\u2019\u00fcn\u00fcn \u00e7e\u015fitli nedenlerle di\u011fer okullarda, 438\u2019inin bakanl\u0131k merkez te\u015fkilat\u0131nda, 45\u2019inin de ba\u015fka ildeki okullarda g\u00f6rev yapt\u0131\u011f\u0131n\u0131 bildirmi\u015fti.<\/p>\n<p style=\"text-align: justify;\"><strong>Referans g\u00fc\u00e7l\u00fc olunca&#8230;\u00a0<\/strong><\/p>\n<p style=\"text-align: justify;\">Ancak bakan\u0131n bu kararl\u0131 tutumu, aradan daha 1 ay ge\u00e7mi\u015fken delindi ve ortaya yine T\u00fcrkiye\u2019ye \u00f6zg\u00fc bir tablo \u00e7\u0131kt\u0131. \u201cY\u00fcksek makamlarda tan\u0131d\u0131\u011f\u0131 olanlar\u201d bu kural\u0131 deldirdi. Milli E\u011fitim Bakanl\u0131\u011f\u0131 \u0130nsan Kaynaklar\u0131 Genel M\u00fcd\u00fcrl\u00fc\u011f\u00fc\u2019nce, Ankara Valili\u011fi\u2019ne g\u00f6nderilen bir yaz\u0131da 48 ki\u015finin Ankara\u2019n\u0131n \u00e7e\u015fitli okullar\u0131nda g\u00f6revlendirildi\u011fi bildirildi. Cumhuriyet\u2019in ele ge\u00e7irdi\u011fi 48 ki\u015filik listede yer alan isimlerse dikkat \u00e7ekici. Bunlar\u0131n aras\u0131nda Sa\u011fl\u0131k Bakan\u0131 Recep Akda\u011f\u2019\u0131n yak\u0131n\u0131 Kemal G\u00fcl, Ba\u015fbakan Recep Tayyip Erdo\u011fan\u2019\u0131n dan\u0131\u015fman\u0131, AKP Ankara Milletvekili Yal\u00e7\u0131n Akdo\u011fan\u2019\u0131n yak\u0131n\u0131 Asl\u0131han Akdo\u011fan, AKP Genel Ba\u015fkan Yard\u0131mc\u0131s\u0131 \u00d6mer \u00c7elik\u2019in yak\u0131n\u0131 Hatice \u00c7elik, AKP Mu\u015f Milletvekili Faruk I\u015f\u0131k\u2019\u0131n e\u015fi Meral I\u015f\u0131k da yer al\u0131yor. \u00c7ok say\u0131da \u00f6\u011fretmenin ailelerinin yan\u0131na gelebilmelerinin yolu olan \u00f6z\u00fcr grubu tayinlerinde bile s\u0131k\u0131 davranan bakanl\u0131\u011f\u0131n, 48 ki\u015fiye \u201cge\u00e7ici g\u00f6revlendirme\u201d yapmas\u0131n\u0131n kamuoyunda sert tepki \u00e7ekece\u011fi ifade ediliyor.<\/p>\n<p style=\"text-align: justify;\"><strong>\u2018Tepkiler b\u00fcy\u00fcmeli\u2019\u00a0<\/strong><\/p>\n<p style=\"text-align: justify;\">Listeyi de\u011ferlendiren E\u011fitim-Sen Genel Ba\u015fkan\u0131 \u00dcnsal Y\u0131ld\u0131z, \u015funlar\u0131 s\u00f6yledi:<\/p>\n<p style=\"text-align: justify;\">\u201cBu liste AKP\u2019nin t\u00fcm \u00fclkede uygulad\u0131\u011f\u0131 program\u0131n, adaletin MEB\u2019e nas\u0131l yans\u0131d\u0131\u011f\u0131n\u0131 ortaya koyuyor. \u0130l emrinin kald\u0131r\u0131lmas\u0131, \u00f6z\u00fcr grubu atamalar\u0131 ve e\u015f durumu tayinlerinde uygulanan kat\u0131 kurallar nedeniyle \u00f6\u011fretmenlerin alt\u00fcst olan ya\u015famlar\u0131n\u0131 d\u00fczeltmek i\u00e7in ad\u0131m at\u0131lmazken, \u00e7\u0131kart\u0131lan bu g\u00f6revlendirmelerle siyasal iktidara yak\u0131n ki\u015filerin de aralar\u0131nda bulundu\u011fu bir grubun korunmas\u0131 say\u0131n bakan\u0131n adalet alg\u0131s\u0131n\u0131 ortaya koymaktad\u0131r. T\u00fcrkiye\u2019de uygulanan programlara, program ma\u011fdurlar\u0131n\u0131n yeterli tepkiyi vermemesi, iktidar\u0131 daha da cesaretlendirmektedir. \u00c7\u00f6z\u00fcm, daha g\u00fc\u00e7l\u00fc tepki vermektir.\u201d<\/p>\n<p style=\"text-align: justify;\"><a href=\"http:\/\/www.muhalifgazete.com\/46900-Vekil-yakinlari-icin-kural-delindi-.htm\" target=\"_blank\">Kaynak : Muhalif Gazete<\/a><\/p>\n","protected":false},"excerpt":{"rendered":"<p style=\"text-align: justify;\">\n<p style=\"text-align: justify;\">Vekil yak\u0131\u0131 \u00f6\u011fretmenler i\u00e7in kural delindi <\/p>\n<p style=\"text-align: justify;\">\u0130\u015fte AKP adaleti <\/p>\n<p style=\"text-align: justify;\">Tayinlerinde kat\u0131 kurallar uygulayan iktidar, kendi vekil ve bakanlar\u0131n\u0131n yak\u0131n\u0131 olan \u00f6\u011fretmenleri korudu.<\/p>\n<p style=\"text-align: justify;\">On binlerce \u00f6\u011fretmeni ve ailesini ilgilendiren e\u015f durumu ve \u00f6z\u00fcr grubu tayinlerini, ya\u015fanan t\u00fcm dramlara kar\u015f\u0131n kat\u0131 kurallarla s\u0131n\u0131rlayan Milli <\/p>\n","protected":false},"author":1,"featured_media":0,"comment_status":"open","ping_status":"open","sticky":false,"template":"","format":"standard","meta":{"footnotes":""},"categories":[105],"tags":[],"class_list":["post-54705","post","type-post","status-publish","format-standard","hentry","category-gundem","odd"],"_links":{"self":[{"href":"http:\/\/www.korhanyilmaz.com\/index.php?rest_route=\/wp\/v2\/posts\/54705","targetHints":{"allow":["GET"]}}],"collection":[{"href":"http:\/\/www.korhanyilmaz.com\/index.php?rest_route=\/wp\/v2\/posts"}],"about":[{"href":"http:\/\/www.korhanyilmaz.com\/index.php?rest_route=\/wp\/v2\/types\/post"}],"author":[{"embeddable":true,"href":"http:\/\/www.korhanyilmaz.com\/index.php?rest_route=\/wp\/v2\/users\/1"}],"replies":[{"embeddable":true,"href":"http:\/\/www.korhanyilmaz.com\/index.php?rest_route=%2Fwp%2Fv2%2Fcomments&post=54705"}],"version-history":[{"count":0,"href":"http:\/\/www.korhanyilmaz.com\/index.php?rest_route=\/wp\/v2\/posts\/54705\/revisions"}],"wp:attachment":[{"href":"http:\/\/www.korhanyilmaz.com\/index.php?rest_route=%2Fwp%2Fv2%2Fmedia&parent=54705"}],"wp:term":[{"taxonomy":"category","embeddable":true,"href":"http:\/\/www.korhanyilmaz.com\/index.php?rest_route=%2Fwp%2Fv2%2Fcategories&post=54705"},{"taxonomy":"post_tag","embeddable":true,"href":"http:\/\/www.korhanyilmaz.com\/index.php?rest_route=%2Fwp%2Fv2%2Ftags&post=54705"}],"curies":[{"name":"wp","href":"https:\/\/api.w.org\/{rel}","templated":true}]}}